{"id":12432,"date":"2025-03-11T19:24:46","date_gmt":"2025-03-11T18:24:46","guid":{"rendered":"https:\/\/www.journee-mondiale.com\/de\/die-3-elegantesten-lockenfrisuren-fuer-frauen-ueber-70-meine-styling-geheimtipps-fuer-strahlenden-fruehlings-look\/"},"modified":"2025-03-11T19:24:46","modified_gmt":"2025-03-11T18:24:46","slug":"die-3-elegantesten-lockenfrisuren-fuer-frauen-ueber-70-meine-styling-geheimtipps-fuer-strahlenden-fruehlings-look","status":"publish","type":"post","link":"https:\/\/www.journee-mondiale.com\/de\/die-3-elegantesten-lockenfrisuren-fuer-frauen-ueber-70-meine-styling-geheimtipps-fuer-strahlenden-fruehlings-look\/","title":{"rendered":"Die 3 elegantesten Lockenfrisuren f\u00fcr Frauen \u00fcber 70 (meine Styling-Geheimtipps f\u00fcr strahlenden Fr\u00fchlings-Look)"},"content":{"rendered":"<p>Fr\u00fchlingsdriuschen wirbeln durch die Fenster, die ersten Magnolien zeigen ihre Knospen \u2013 der perfekte Zeitpunkt, um \u00fcber elegante Frisurentrends f\u00fcr die reife Dame nachzudenken! Lockige Hochsteckfrisuren bieten Frauen \u00fcber 70 nicht nur Stil, sondern auch praktischen Komfort in den kommenden w\u00e4rmeren Monaten. &#8222;Die nat\u00fcrliche Lockenstruktur ist wie ein Geschenk, das mit zunehmendem Alter nur noch kostbarer wird&#8220;, erkl\u00e4rt <strong>Haarstylistin<\/strong> Claudia Weber vom Berliner Salon &#8222;Silberfaden&#8220;.<\/p>\n<h2>Die Renaissance der Locken im Fr\u00fchjahr 2025<\/h2>\n<p>W\u00e4hrend die M\u00e4rzsonne langsam an Kraft gewinnt, steigt auch die Nachfrage nach luftigen Hochsteckfrisuren. F\u00fcr Frauen mit silbernem oder wei\u00dfem Lockenhaar bietet der <strong>lockige Updo<\/strong> eine elegante M\u00f6glichkeit, ihre nat\u00fcrliche Textur zu betonen. Wie der ber\u00fchmte <a href=\"https:\/\/www.journee-mondiale.com\/de\/1127\/tag-der-schonheit\/\" target=\"_blank\">Tag der Sch\u00f6nheit<\/a> uns erinnert: Selbstausdruck kennt kein Alter!<\/p>\n<h2>Warum der lockige Updo besonders schmeichelhaft ist<\/h2>\n<p>Was viele nicht wissen: Mit den Jahren wird unser Haar oft nicht nur d\u00fcnner, sondern auch texturierter. &#8222;Diese ver\u00e4nderte Haarstruktur ist kein Nachteil, sondern eine wunderbare Grundlage f\u00fcr volumin\u00f6se Hochsteckfrisuren&#8220;, verr\u00e4t <strong>Meisterfriseur<\/strong> Thomas Schmidt. Die nat\u00fcrliche F\u00fclle der Locken schafft eine optische Verj\u00fcngung und rahmt das Gesicht vorteilhaft ein.<\/p>\n<blockquote><p>&#8222;Lockige Hochsteckfrisuren sind wie ein Lifting ohne Skalpell \u2013 sie heben die Gesichtskonturen sanft an und lenken den Blick auf die Augen&#8220;, so Udo Walz, Hairstylist aus Berlin.<\/p><\/blockquote>\n<h2>Fr\u00fchlingsfrische Styling-Varianten<\/h2>\n<p>Die perfekte lockige Hochsteckfrisur f\u00fcr den Fr\u00fchling 2025 sollte drei Elemente vereinen: <strong>Volumen<\/strong> an den richtigen Stellen, gesunde Sprungkraft und eine weiche Silhouette. Denken Sie an einen bl\u00fchenden Fr\u00fchlingsstrau\u00df \u2013 locker gebunden, aber dennoch strukturiert. Ein Besuch beim <a href=\"https:\/\/www.journee-mondiale.com\/de\/486\/tag-des-friseurs\/\" target=\"_blank\">Tag des Friseurs<\/a> k\u00f6nnte inspirierend wirken!<\/p>\n<h3>Drei elegante Variationen f\u00fcr den Alltag:<\/h3>\n<ul>\n<li>Der <strong>lockere Chignon<\/strong> mit einzelnen fallenden Str\u00e4hnen um das Gesicht<\/li>\n<li>Der <strong>tiefe Dutt<\/strong> mit eingedrehten Locken f\u00fcr besondere Anl\u00e4sse<\/li>\n<li>Der <strong>halbe Updo<\/strong> mit offenen Locken am Hinterkopf f\u00fcr einen entspannten Look<\/li>\n<\/ul>\n<h2>Die richtigen Pflegeprodukte f\u00fcr Fr\u00fchlingslocken<\/h2>\n<p>Mit dem Wechsel der Jahreszeiten \u00e4ndert sich auch der Feuchtigkeitsbedarf unserer Haare. <strong>Feuchtigkeitsspendende Produkte<\/strong> sind jetzt besonders wichtig. Das Fr\u00fchlingswetter kann unberechenbar sein \u2013 genau wie Locken, wenn sie nicht richtig gepflegt werden! F\u00fcr einen <a href=\"https:\/\/www.journee-mondiale.com\/de\/367\/tag-des-grauen-haars\/\" target=\"_blank\">Tag des grauen Haars<\/a>, der stolz gefeiert werden kann.<\/p>\n<h2>Expertenrat f\u00fcr selbstbewusste Silberlocken<\/h2>\n<p>Die eigenen Locken in Szene zu setzen, ist wie ein Tanz mit der Natur. &#8222;Besonders beim silbernen oder wei\u00dfen Haar sind Locken-Updos wie eine Krone der Weisheit \u2013 sie strahlen Selbstbewusstsein und Lebenserfahrung aus&#8220;, schw\u00e4rmt <strong>Styling-Expertin<\/strong> Michaela Sch\u00e4fer aus Hamburg. Als Frauen \u00fcber 70 haben Sie einen besonderen Status am <a href=\"https:\/\/www.journee-mondiale.com\/de\/371\/tag-der-alteren-menschen\/\" target=\"_blank\">Tag der \u00e4lteren Menschen<\/a> verdient!<\/p>\n<h2>Praktische Pflege-Tipps f\u00fcr die \u00dcbergangszeit<\/h2>\n<ul>\n<li>Verwenden Sie <strong>feuchtigkeitsspendende Masken<\/strong> einmal w\u00f6chentlich<\/li>\n<li>Sch\u00fctzen Sie Ihr Haar mit leichten Seidenschals an windigen Fr\u00fchlingstagen<\/li>\n<li>Probieren Sie <strong>Styling-Cremes<\/strong> statt Sprays f\u00fcr eine nat\u00fcrlichere Definition<\/li>\n<\/ul>\n<h2>Accessoires, die Ihren Fr\u00fchlingslook aufwerten<\/h2>\n<p>Wie Schmetterlinge, die nach einem langen Winter hervorkommen, k\u00f6nnen auch silberne Haarnadeln oder Blumenspangen Ihren lockigen Updo zum Strahlen bringen. Diese kleinen <strong>Haar-Accessoires<\/strong> verleihen dem klassischen Look eine pers\u00f6nliche Note und passen perfekt zur Fr\u00fchlingsstimmung. F\u00fcr weitere <a href=\"https:\/\/www.journee-mondiale.com\/de\/category\/lebensstil\/\" target=\"_blank\">Lebensstil-Tipps f\u00fcr Frauen<\/a> jeden Alters.<\/p>\n<h2>Eine Frisur f\u00fcr jede Gelegenheit \u2013 vom Gartenfest bis zur Familienfeier<\/h2>\n<p>Stellen Sie sich vor, wie Ihre lockige Hochsteckfrisur im sanften Fr\u00fchlingswind leicht mitschwingt \u2013 genug Halt f\u00fcr Stabilit\u00e4t, genug Bewegung f\u00fcr Eleganz. So werden Ihre Locken nicht zur Belastung, sondern zum Highlight jeder Veranstaltung. Lassen Sie Ihr Haar atmen und erz\u00e4hlen Sie Ihre <strong>Sch\u00f6nheitsgeschichte<\/strong> weiter!<\/p>\n","protected":false},"excerpt":{"rendered":"<p>Fr\u00fchlingsdriuschen wirbeln durch die Fenster, die ersten Magnolien zeigen ihre Knospen \u2013 der perfekte Zeitpunkt, um \u00fcber elegante Frisurentrends f\u00fcr die reife Dame nachzudenken! Lockige Hochsteckfrisuren bieten Frauen \u00fcber 70 nicht nur Stil, sondern auch praktischen Komfort in den kommenden w\u00e4rmeren Monaten. &#8222;Die nat\u00fcrliche Lockenstruktur ist wie ein Geschenk, das mit zunehmendem Alter nur noch &#8230; <a title=\"Die 3 elegantesten Lockenfrisuren f\u00fcr Frauen \u00fcber 70 (meine Styling-Geheimtipps f\u00fcr strahlenden Fr\u00fchlings-Look)\" class=\"read-more\" href=\"https:\/\/www.journee-mondiale.com\/de\/die-3-elegantesten-lockenfrisuren-fuer-frauen-ueber-70-meine-styling-geheimtipps-fuer-strahlenden-fruehlings-look\/\" aria-label=\"Mehr Informationen \u00fcber Die 3 elegantesten Lockenfrisuren f\u00fcr Frauen \u00fcber 70 (meine Styling-Geheimtipps f\u00fcr strahlenden Fr\u00fchlings-Look)\">Lire plus<\/a><\/p>\n","protected":false},"author":1,"featured_media":12431,"comment_status":"","ping_status":"","sticky":false,"template":"","format":"standard","meta":{"footnotes":""},"categories":[48],"tags":[],"class_list":["post-12432","post","type-post","status-publish","format-standard","has-post-thumbnail","hentry","category-lebensstil"],"acf":[],"_yoast_wpseo_primary_category":null,"_yoast_wpseo_title":null,"_yoast_wpseo_metadesc":null,"_links":{"self":[{"href":"https:\/\/www.journee-mondiale.com\/de\/wp-json\/wp\/v2\/posts\/12432","targetHints":{"allow":["GET"]}}],"collection":[{"href":"https:\/\/www.journee-mondiale.com\/de\/wp-json\/wp\/v2\/posts"}],"about":[{"href":"https:\/\/www.journee-mondiale.com\/de\/wp-json\/wp\/v2\/types\/post"}],"author":[{"embeddable":true,"href":"https:\/\/www.journee-mondiale.com\/de\/wp-json\/wp\/v2\/users\/1"}],"replies":[{"embeddable":true,"href":"https:\/\/www.journee-mondiale.com\/de\/wp-json\/wp\/v2\/comments?post=12432"}],"version-history":[{"count":0,"href":"https:\/\/www.journee-mondiale.com\/de\/wp-json\/wp\/v2\/posts\/12432\/revisions"}],"wp:featuredmedia":[{"embeddable":true,"href":"https:\/\/www.journee-mondiale.com\/de\/wp-json\/wp\/v2\/media\/12431"}],"wp:attachment":[{"href":"https:\/\/www.journee-mondiale.com\/de\/wp-json\/wp\/v2\/media?parent=12432"}],"wp:term":[{"taxonomy":"category","embeddable":true,"href":"https:\/\/www.journee-mondiale.com\/de\/wp-json\/wp\/v2\/categories?post=12432"},{"taxonomy":"post_tag","embeddable":true,"href":"https:\/\/www.journee-mondiale.com\/de\/wp-json\/wp\/v2\/tags?post=12432"}],"curies":[{"name":"wp","href":"https:\/\/api.w.org\/{rel}","templated":true}]}}