{"id":12430,"date":"2025-03-11T19:15:00","date_gmt":"2025-03-11T18:15:00","guid":{"rendered":"https:\/\/www.journee-mondiale.com\/de\/warum-ich-als-stilberaterin-mit-53-jahren-endlich-meine-kleidungsregeln-und-7-modeklischees-ueber-bord-geworfen-habe\/"},"modified":"2025-03-11T19:15:00","modified_gmt":"2025-03-11T18:15:00","slug":"warum-ich-als-stilberaterin-mit-53-jahren-endlich-meine-kleidungsregeln-und-7-modeklischees-ueber-bord-geworfen-habe","status":"publish","type":"post","link":"https:\/\/www.journee-mondiale.com\/de\/warum-ich-als-stilberaterin-mit-53-jahren-endlich-meine-kleidungsregeln-und-7-modeklischees-ueber-bord-geworfen-habe\/","title":{"rendered":"Warum ich als Stilberaterin mit 53 Jahren endlich meine Kleidungsregeln (und 7 Modeklischees) \u00fcber Bord geworfen habe"},"content":{"rendered":"<p>Im Fr\u00fchling 2025 erleben wir einen spannenden Wandel in der Modewelt f\u00fcr die Generation 50+. <strong>Selbstbewusstsein<\/strong> durch Kleidung kennt kein Alter \u2013 gerade jetzt, wo die Natur zu neuem Leben erwacht, ist der perfekte Zeitpunkt, um auch den eigenen Stil aufbl\u00fchen zu lassen. Der richtige Look kann unser Lebensgef\u00fchl fundamental ver\u00e4ndern, wie eine pers\u00f6nliche Visitenkarte, die wir t\u00e4glich tragen.<\/p>\n<h2>Die Kraft zeitloser Klassiker<\/h2>\n<p>Der angesagte &#8222;<strong>Quiet Luxury<\/strong>&#8222;-Trend beweist: Weniger ist mehr. &#8222;Mode sollte nicht nur sch\u00f6n, sondern auch bequem sein. Das ist besonders wichtig f\u00fcr Frauen \u00fcber 50&#8220;, betont Modeexperte Guido Maria Kretschmer. Hochwertige Materialien wie Cashmere oder feines Leder vermitteln nicht nur Eleganz, sondern stehen auch f\u00fcr langlebige Qualit\u00e4t \u2013 ein Statement, das mit zunehmendem Alter an Bedeutung gewinnt.<\/p>\n<h2>Farben als Stimmungsaufheller<\/h2>\n<p>W\u00e4hrend Naturt\u00f6ne wie Beige und Creme diesen Fr\u00fchling dominieren, d\u00fcrfen gezielte Farbakzente nicht fehlen. &#8222;Farben k\u00f6nnen das Selbstbewusstsein enorm st\u00e4rken. Ich empfehle, sich nicht zu scheuen, neue Farben auszuprobieren&#8220;, erkl\u00e4rt Dr. Christine Feldmann-Barrett. Ein leuchtender Schal oder eine farbenfrohe Tasche wirken wie Sonnenstrahlen an einem Fr\u00fchlingstag \u2013 sie erhellen Ihr gesamtes Erscheinungsbild.<\/p>\n<h2>Die perfekte Passform ist nicht verhandelbar<\/h2>\n<p>Nichts unterstreicht Ihre Pers\u00f6nlichkeit st\u00e4rker als <strong>ma\u00dfgeschneiderte Mode<\/strong>. Wie ein gut restauriertes Gem\u00e4lde, das seinen wahren Wert erst nach liebevoller Pflege offenbart, kann die richtige Passform Ihre nat\u00fcrliche Sch\u00f6nheit hervorheben. Investieren Sie in kleine \u00c4nderungen beim Schneider \u2013 der Unterschied ist bemerkenswert.<\/p>\n<h2>Accessoires als Geheimwaffe<\/h2>\n<p>Die richtige <strong>Schmuckauswahl<\/strong> oder eine charakterstarke Sonnenbrille im zeitlosen Aviator-Design k\u00f6nnen ein schlichtes Outfit in einen Hingucker verwandeln. Sie sind wie die Gew\u00fcrze in einem guten Gericht \u2013 sparsam eingesetzt, aber unverzichtbar f\u00fcr den Gesamteindruck.<\/p>\n<h2>Drei Schl\u00fcssel zum modischen Selbstbewusstsein:<\/h2>\n<ul>\n<li><strong>Qualit\u00e4t vor Quantit\u00e4t<\/strong> \u2013 lieber wenige, hochwertige St\u00fccke besitzen<\/li>\n<li>Auf <strong>perfekte Passform<\/strong> achten \u2013 notfalls durch \u00c4nderungsschneiderei<\/li>\n<li><strong>Authentizit\u00e4t<\/strong> bewahren \u2013 tragen Sie, was zu Ihrer Pers\u00f6nlichkeit passt<\/li>\n<\/ul>\n<h2>Die Kunst des Layerings<\/h2>\n<p>Das \u00dcbereinanderschichten verschiedener Kleidungsst\u00fccke \u2013 auch <strong>Layering<\/strong> genannt \u2013 ist besonders im Fr\u00fchling praktisch und erlaubt individuelle Ausdrucksm\u00f6glichkeiten. Eine leichte Strickjacke \u00fcber einer Bluse oder ein schmeichelnder Schal k\u00f6nnen ein Outfit komplett verwandeln und Bereiche kaschieren, die wir lieber nicht betonen m\u00f6chten.<\/p>\n<h2>Modische Tabus \u00fcber Bord werfen<\/h2>\n<p>Vergessen Sie \u00fcberholte Regeln wie &#8222;Ab 50 keine kurzen R\u00f6cke mehr&#8220;. &#8222;Selbstvertrauen beginnt mit dem, was man tr\u00e4gt. Es geht darum, sich selbst zu finden und zu akzeptieren&#8220;, sagt Dr. Feldmann-Barrett. Entscheidend ist nicht das Alter, sondern wie Sie sich in Ihrer Kleidung f\u00fchlen. Wie ein ma\u00dfgeschneiderter Anzug sitzt auch das richtige Selbstbewusstsein nie von der Stange.<\/p>\n<h2>Investieren Sie in zeitlose Grundst\u00fccke:<\/h2>\n<ul>\n<li>Ein hochwertiger <strong>Trenchcoat<\/strong> f\u00fcr \u00dcbergangszeiten<\/li>\n<li>Perfekt sitzende <strong>Jeans<\/strong> ohne modische Extreme<\/li>\n<li>Edle <strong>Lederschuhe<\/strong>, die Komfort und Stil verbinden<\/li>\n<\/ul>\n<h2>Der pers\u00f6nliche Stil als Lebensreise<\/h2>\n<p>Mit \u00fcber 50 haben Sie den Vorteil der Erfahrung. Wie ein guter Wein, der mit den Jahren an Charakter gewinnt, darf auch Ihr Stil die Reife und Gelassenheit widerspiegeln, die Sie sich erarbeitet haben. Experimentieren Sie mit Vintage-St\u00fccken, die Ihre pers\u00f6nliche Geschichte erz\u00e4hlen und schaffen Sie einen unverwechselbaren Look.<\/p>\n<p>Wie m\u00f6chten Sie Ihre modische Selbstfindung in diesem Fr\u00fchling gestalten? Denken Sie daran: <strong>Mode ist verg\u00e4nglich, Stil ist ewig<\/strong>. In jedem Lebensalter haben wir die Chance, unsere \u00e4u\u00dfere Erscheinung mit unserem inneren Selbst in Einklang zu bringen \u2013 warum nicht heute damit beginnen?<\/p>\n","protected":false},"excerpt":{"rendered":"<p>Im Fr\u00fchling 2025 erleben wir einen spannenden Wandel in der Modewelt f\u00fcr die Generation 50+. Selbstbewusstsein durch Kleidung kennt kein Alter \u2013 gerade jetzt, wo die Natur zu neuem Leben erwacht, ist der perfekte Zeitpunkt, um auch den eigenen Stil aufbl\u00fchen zu lassen. Der richtige Look kann unser Lebensgef\u00fchl fundamental ver\u00e4ndern, wie eine pers\u00f6nliche Visitenkarte, &#8230; <a title=\"Warum ich als Stilberaterin mit 53 Jahren endlich meine Kleidungsregeln (und 7 Modeklischees) \u00fcber Bord geworfen habe\" class=\"read-more\" href=\"https:\/\/www.journee-mondiale.com\/de\/warum-ich-als-stilberaterin-mit-53-jahren-endlich-meine-kleidungsregeln-und-7-modeklischees-ueber-bord-geworfen-habe\/\" aria-label=\"Mehr Informationen \u00fcber Warum ich als Stilberaterin mit 53 Jahren endlich meine Kleidungsregeln (und 7 Modeklischees) \u00fcber Bord geworfen habe\">Lire plus<\/a><\/p>\n","protected":false},"author":1,"featured_media":12429,"comment_status":"","ping_status":"","sticky":false,"template":"","format":"standard","meta":{"footnotes":""},"categories":[48],"tags":[],"class_list":["post-12430","post","type-post","status-publish","format-standard","has-post-thumbnail","hentry","category-lebensstil"],"acf":[],"_yoast_wpseo_primary_category":null,"_yoast_wpseo_title":null,"_yoast_wpseo_metadesc":null,"_links":{"self":[{"href":"https:\/\/www.journee-mondiale.com\/de\/wp-json\/wp\/v2\/posts\/12430","targetHints":{"allow":["GET"]}}],"collection":[{"href":"https:\/\/www.journee-mondiale.com\/de\/wp-json\/wp\/v2\/posts"}],"about":[{"href":"https:\/\/www.journee-mondiale.com\/de\/wp-json\/wp\/v2\/types\/post"}],"author":[{"embeddable":true,"href":"https:\/\/www.journee-mondiale.com\/de\/wp-json\/wp\/v2\/users\/1"}],"replies":[{"embeddable":true,"href":"https:\/\/www.journee-mondiale.com\/de\/wp-json\/wp\/v2\/comments?post=12430"}],"version-history":[{"count":0,"href":"https:\/\/www.journee-mondiale.com\/de\/wp-json\/wp\/v2\/posts\/12430\/revisions"}],"wp:featuredmedia":[{"embeddable":true,"href":"https:\/\/www.journee-mondiale.com\/de\/wp-json\/wp\/v2\/media\/12429"}],"wp:attachment":[{"href":"https:\/\/www.journee-mondiale.com\/de\/wp-json\/wp\/v2\/media?parent=12430"}],"wp:term":[{"taxonomy":"category","embeddable":true,"href":"https:\/\/www.journee-mondiale.com\/de\/wp-json\/wp\/v2\/categories?post=12430"},{"taxonomy":"post_tag","embeddable":true,"href":"https:\/\/www.journee-mondiale.com\/de\/wp-json\/wp\/v2\/tags?post=12430"}],"curies":[{"name":"wp","href":"https:\/\/api.w.org\/{rel}","templated":true}]}}