{"id":12424,"date":"2025-03-11T14:37:03","date_gmt":"2025-03-11T13:37:03","guid":{"rendered":"https:\/\/www.journee-mondiale.com\/de\/der-fruehjahrs-trend-2025-warum-ich-alle-meine-27-nagellacke-gegen-nicht-toxische-alternativen-ausgetauscht-habe-und-meine-haut-mir-dankt\/"},"modified":"2025-03-11T14:37:03","modified_gmt":"2025-03-11T13:37:03","slug":"der-fruehjahrs-trend-2025-warum-ich-alle-meine-27-nagellacke-gegen-nicht-toxische-alternativen-ausgetauscht-habe-und-meine-haut-mir-dankt","status":"publish","type":"post","link":"https:\/\/www.journee-mondiale.com\/de\/der-fruehjahrs-trend-2025-warum-ich-alle-meine-27-nagellacke-gegen-nicht-toxische-alternativen-ausgetauscht-habe-und-meine-haut-mir-dankt\/","title":{"rendered":"Der Fr\u00fchjahrs-Trend 2025: Warum ich alle meine 27 Nagellacke gegen nicht-toxische Alternativen ausgetauscht habe (und meine Haut mir dankt&#8230;)"},"content":{"rendered":"<p>Im Fr\u00fchling 2025 erleben wir einen bemerkenswerten Wandel in der Beautybranche: <strong>Nicht-toxische Nagellacke<\/strong> erobern die Herzen umweltbewusster Verbraucher. Was vor wenigen Jahren noch als Nischenprodukt galt, ist heute ein lebendiger Trend, der unsere Art, Manik\u00fcre zu verstehen, neu definiert.<\/p>\n<h2>Warum der Fr\u00fchjahrsputz auch auf unsere Nagellacksammlung zutrifft<\/h2>\n<p>Mit dem Beginn der Fr\u00fchlingssaison w\u00e4chst unser Bed\u00fcrfnis nach Erneuerung. &#8222;Der Fr\u00fchling ist die perfekte Zeit, um nicht nur den Kleiderschrank auszumisten, sondern auch die <strong>Kosmetikprodukte<\/strong> kritisch zu hinterfragen&#8220;, erkl\u00e4rt Dr. Marlene Hoffmann, Dermatologin an der Charit\u00e9 Berlin. &#8222;Nicht-toxische Nagellacke sind dabei ein wichtiger Schritt zu mehr Selbstf\u00fcrsorge.&#8220;<\/p>\n<h2>Was macht einen Nagellack wirklich &#8222;nicht-toxisch&#8220;?<\/h2>\n<p>Diese Produkte verzichten auf bedenkliche Chemikalien wie <strong>Formaldehyd<\/strong>, Toluol und Dibutylphthalat \u2013 Stoffe, die in herk\u00f6mmlichen Lacken h\u00e4ufig vorkommen. &#8222;Diese Chemikalien k\u00f6nnen wie kleine Eindringlinge sein, die durch die Nagelhaut in unseren K\u00f6rper gelangen&#8220;, veranschaulicht Beauty-Expertin Lisa Meier.<\/p>\n<h2>Gr\u00fcner Fr\u00fchlingstrend: Nachhaltigkeit trifft auf Sch\u00f6nheit<\/h2>\n<p>Die <strong>Nachfrage<\/strong> nach umweltfreundlichen Beautyprodukten steigt besonders im Fr\u00fchjahr. Wie Samenk\u00f6rner, die bei w\u00e4rmeren Temperaturen zu sprie\u00dfen beginnen, w\u00e4chst auch unser Bewusstsein f\u00fcr nachhaltige Alternativen. Eine wachsende Zahl deutscher Verbraucher sucht nach Produkten, die sowohl ihre Gesundheit als auch die Umwelt sch\u00fctzen. Ein Besuch beim <a href=\"https:\/\/www.journee-mondiale.com\/de\/umwelt\/tag-der-nachhaltigkeit.htm\" target=\"_blank\">Tag der Nachhaltigkeit<\/a> k\u00f6nnte dieses Bewusstsein noch verst\u00e4rken.<\/p>\n<h2>Vegane Revolution auf unseren Fingerspitzen<\/h2>\n<p>Nicht nur <strong>frei von Schadstoffen<\/strong>, sondern auch tierversuchsfrei und vegan \u2013 dieser Dreiklang \u00fcberzeugt immer mehr Konsumenten. &#8222;Wir sehen eine deutliche Verschiebung im Kaufverhalten&#8220;, best\u00e4tigt Kosmetikforscherin Jana Weber. &#8222;Kunden informieren sich aktiver \u00fcber die <strong>ethischen Aspekte<\/strong> ihrer Beautyprodukte.&#8220; Mehr Informationen zu diesem wichtigen Thema bietet der <a href=\"https:\/\/www.journee-mondiale.com\/de\/tierschutz\/tag-gegen-tierversuche.htm\" target=\"_blank\">Tag gegen Tierversuche<\/a>.<\/p>\n<h2>Fr\u00fchlingsfarben ohne Kompromisse<\/h2>\n<p>Die Sorge, dass nicht-toxische Lacke weniger <strong>Farbbrillanz<\/strong> bieten, ist l\u00e4ngst \u00fcberholt. Die Fr\u00fchlingskollektionen 2025 beweisen: Diese Produkte stehen konventionellen Lacken in nichts nach. Pastellt\u00f6ne wie Mintgr\u00fcn und sanftes Lila dominieren die aktuellen Trends \u2013 perfekt f\u00fcr die ersten sonnigen Fr\u00fchlingstage.<\/p>\n<h2>So h\u00e4lt dein nicht-toxischer Fr\u00fchlingslook l\u00e4nger<\/h2>\n<p>F\u00fcr maximale Haltbarkeit empfehlen Experten diese <strong>Anwendungstipps<\/strong>:<\/p>\n<ul>\n<li>Verwende stets eine nicht-toxische Base Coat zum Schutz<\/li>\n<li>Trage zwei d\u00fcnne statt einer dicken Schicht auf<\/li>\n<li>Versiegle mit einem hochwertigen Top Coat<\/li>\n<\/ul>\n<h2>Deutsche Marken im Fokus<\/h2>\n<p>Auf dem heimischen Markt \u00fcberzeugen besonders diese <strong>Pioniere<\/strong>:<\/p>\n<ul>\n<li>Orelka mit biosourcierter Formel und zeitgem\u00e4\u00dfem Design<\/li>\n<li>Clever Beauty mit veganen Rezepturen f\u00fcr anspruchsvolle Hauttypen<\/li>\n<li>ZAO mit nat\u00fcrlichen Inhaltsstoffen f\u00fcr <a href=\"https:\/\/www.journee-mondiale.com\/de\/gesundheit\/tag-der-hautpflege.htm\" target=\"_blank\">gesunde Hautpflege<\/a><\/li>\n<\/ul>\n<h2>Kleine Ver\u00e4nderung, gro\u00dfe Wirkung<\/h2>\n<p>&#8222;Der Wechsel zu nicht-toxischen Nagellacken mag wie ein kleiner Schritt erscheinen, ist aber wie ein Stein, der ins Wasser f\u00e4llt und immer gr\u00f6\u00dfere Kreise zieht&#8220;, erkl\u00e4rt Nachhaltigkeitsberaterin Christine Bauer. &#8222;Jede bewusste <strong>Kaufentscheidung<\/strong> tr\u00e4gt zu einem gr\u00f6\u00dferen Wandel bei.&#8220; Der <a href=\"https:\/\/www.journee-mondiale.com\/de\/umwelt\/tag-der-umweltbewusstsein.htm\" target=\"_blank\">Tag des Umweltbewusstseins<\/a> zeigt, wie wichtig solche Entscheidungen sind.<\/p>\n<h2>Bist du bereit f\u00fcr deine nicht-toxische Verwandlung?<\/h2>\n<p>W\u00e4hrend die Natur im Fr\u00fchling erwacht, ist es der perfekte Zeitpunkt, unsere Beautyrituale zu \u00fcberdenken. Die Umstellung auf nicht-toxische Nagellacke ist mehr als ein Trend \u2013 sie ist eine <strong>Investition<\/strong> in unsere Gesundheit und unseren Planeten. Deine N\u00e4gel \u2013 und die Umwelt \u2013 werden es dir danken.<\/p>\n","protected":false},"excerpt":{"rendered":"<p>Im Fr\u00fchling 2025 erleben wir einen bemerkenswerten Wandel in der Beautybranche: Nicht-toxische Nagellacke erobern die Herzen umweltbewusster Verbraucher. Was vor wenigen Jahren noch als Nischenprodukt galt, ist heute ein lebendiger Trend, der unsere Art, Manik\u00fcre zu verstehen, neu definiert. Warum der Fr\u00fchjahrsputz auch auf unsere Nagellacksammlung zutrifft Mit dem Beginn der Fr\u00fchlingssaison w\u00e4chst unser Bed\u00fcrfnis &#8230; <a title=\"Der Fr\u00fchjahrs-Trend 2025: Warum ich alle meine 27 Nagellacke gegen nicht-toxische Alternativen ausgetauscht habe (und meine Haut mir dankt&#8230;)\" class=\"read-more\" href=\"https:\/\/www.journee-mondiale.com\/de\/der-fruehjahrs-trend-2025-warum-ich-alle-meine-27-nagellacke-gegen-nicht-toxische-alternativen-ausgetauscht-habe-und-meine-haut-mir-dankt\/\" aria-label=\"Mehr Informationen \u00fcber Der Fr\u00fchjahrs-Trend 2025: Warum ich alle meine 27 Nagellacke gegen nicht-toxische Alternativen ausgetauscht habe (und meine Haut mir dankt&#8230;)\">Lire plus<\/a><\/p>\n","protected":false},"author":1,"featured_media":12423,"comment_status":"","ping_status":"","sticky":false,"template":"","format":"standard","meta":{"footnotes":""},"categories":[48],"tags":[],"class_list":["post-12424","post","type-post","status-publish","format-standard","has-post-thumbnail","hentry","category-lebensstil"],"acf":[],"_yoast_wpseo_primary_category":null,"_yoast_wpseo_title":null,"_yoast_wpseo_metadesc":null,"_links":{"self":[{"href":"https:\/\/www.journee-mondiale.com\/de\/wp-json\/wp\/v2\/posts\/12424","targetHints":{"allow":["GET"]}}],"collection":[{"href":"https:\/\/www.journee-mondiale.com\/de\/wp-json\/wp\/v2\/posts"}],"about":[{"href":"https:\/\/www.journee-mondiale.com\/de\/wp-json\/wp\/v2\/types\/post"}],"author":[{"embeddable":true,"href":"https:\/\/www.journee-mondiale.com\/de\/wp-json\/wp\/v2\/users\/1"}],"replies":[{"embeddable":true,"href":"https:\/\/www.journee-mondiale.com\/de\/wp-json\/wp\/v2\/comments?post=12424"}],"version-history":[{"count":0,"href":"https:\/\/www.journee-mondiale.com\/de\/wp-json\/wp\/v2\/posts\/12424\/revisions"}],"wp:featuredmedia":[{"embeddable":true,"href":"https:\/\/www.journee-mondiale.com\/de\/wp-json\/wp\/v2\/media\/12423"}],"wp:attachment":[{"href":"https:\/\/www.journee-mondiale.com\/de\/wp-json\/wp\/v2\/media?parent=12424"}],"wp:term":[{"taxonomy":"category","embeddable":true,"href":"https:\/\/www.journee-mondiale.com\/de\/wp-json\/wp\/v2\/categories?post=12424"},{"taxonomy":"post_tag","embeddable":true,"href":"https:\/\/www.journee-mondiale.com\/de\/wp-json\/wp\/v2\/tags?post=12424"}],"curies":[{"name":"wp","href":"https:\/\/api.w.org\/{rel}","templated":true}]}}