{"id":12420,"date":"2025-03-11T11:08:10","date_gmt":"2025-03-11T10:08:10","guid":{"rendered":"https:\/\/www.journee-mondiale.com\/de\/diese-3-band-tricks-fuer-ihren-pferdeschwanz-machen-ihn-10x-eleganter-der-dritte-ueberrascht-mich-taeglich\/"},"modified":"2025-03-11T11:08:10","modified_gmt":"2025-03-11T10:08:10","slug":"diese-3-band-tricks-fuer-ihren-pferdeschwanz-machen-ihn-10x-eleganter-der-dritte-ueberrascht-mich-taeglich","status":"publish","type":"post","link":"https:\/\/www.journee-mondiale.com\/de\/diese-3-band-tricks-fuer-ihren-pferdeschwanz-machen-ihn-10x-eleganter-der-dritte-ueberrascht-mich-taeglich\/","title":{"rendered":"Diese 3 Band-Tricks f\u00fcr Ihren Pferdeschwanz machen ihn 10x eleganter (der dritte \u00fcberrascht mich t\u00e4glich)"},"content":{"rendered":"<p>Fr\u00fchlingsfrisch und elegant \u2013 der <strong>Ponytail mit Band<\/strong> feiert sein gro\u00dfes Comeback! Der M\u00e4rz l\u00e4utet den Fr\u00fchling ein, und damit kehrt auch einer der charmantesten Haartrends zur\u00fcck auf die B\u00fchne der Styling-Welt. Was k\u00f6nnte zeitgem\u00e4\u00dfer sein, als den klassischen Pferdeschwanz mit einem farbenfrohen Band zu versch\u00f6nern?<\/p>\n<h2>Die Renaissance eines zeitlosen Klassikers<\/h2>\n<p>B\u00e4nder in Pferdeschw\u00e4nzen sind keineswegs eine neue Erfindung. &#8222;Bereits in den 1950er Jahren wurden Seidenb\u00e4nder verwendet, um elegante Pferdeschw\u00e4nze zu kreieren \u2013 heute erleben wir eine moderne Interpretation dieses <strong>Vintage-Looks<\/strong>&#8222;, erkl\u00e4rt Thomas Schmidt, Meisterfriseur im Berliner Salon &#8222;Haarkunst&#8220;. Diese Verbindung zwischen Vergangenheit und Gegenwart macht den Trend so besonders reizvoll. Die <a href=\"https:\/\/www.journee-mondiale.com\/de\/geschichte-der-welttage\/\" target=\"_blank\">Mode im Wandel der Zeit<\/a> zeigt uns immer wieder, wie zeitlose Elemente neu interpretiert werden k\u00f6nnen.<\/p>\n<h2>Vielseitig wie der Fr\u00fchling selbst<\/h2>\n<p>Der Zauber dieses Trends liegt in seiner Anpassungsf\u00e4higkeit. Vom dezenten, schmalen Satinband f\u00fcr den B\u00fcro-Look bis zum opulenten Statement-Band f\u00fcr den Abend \u2013 die Variationsm\u00f6glichkeiten sind nahezu grenzenlos. &#8222;Ein dezentes Band verleiht auch dem einfachsten <strong>Pferdeschwanz<\/strong> eine elegante Note, ohne \u00fcbertrieben zu wirken&#8220;, wei\u00df Claudia Weber, Hairstylistin aus M\u00fcnchen. Entdecken Sie weitere <a href=\"https:\/\/www.journee-mondiale.com\/de\/category\/lebensstil\/\" target=\"_blank\">aktuelle Lebensstil-Trends<\/a>, die perfekt mit diesem Look harmonieren.<\/p>\n<h2>Styling-Ideen f\u00fcr den Fr\u00fchlingsanfang<\/h2>\n<p>Mit dem Einzug milderer Temperaturen erwacht auch die Lust auf frische Frisuren. Der Pferdeschwanz mit Band eignet sich hervorragend f\u00fcr diese \u00dcbergangszeit. Hier sind drei Styling-Varianten, die perfekt zum Fr\u00fchling passen:<\/p>\n<ul>\n<li>Niedriger Pferdeschwanz mit pastellfarbenem Seidenband \u2013 perfekt f\u00fcr luftige Fr\u00fchlingstage<\/li>\n<li>Hoher Ponytail mit einem d\u00fcnnen, mehrfach gewickelten Band in kr\u00e4ftigen Farben<\/li>\n<li>Seitlicher Pferdeschwanz mit geflochtenem Band \u2013 ideal f\u00fcr besondere Anl\u00e4sse<\/li>\n<\/ul>\n<h2>Vom Laufsteg in den Alltag<\/h2>\n<p>Die <strong>Social-Media-Plattformen<\/strong> haben diesen Trend rasant beschleunigt. Was auf den Laufstegen begann, erreichte \u00fcber Instagram und TikTok schnell die breite Masse. &#8222;Die wahre Sch\u00f6nheit dieses Trends liegt in seiner Zug\u00e4nglichkeit \u2013 jeder kann ihn umsetzen&#8220;, betont Lisa Krause, Beauty-Influencerin aus Hamburg. Die <a href=\"https:\/\/www.journee-mondiale.com\/de\/\" target=\"_blank\">Welttage-Trends<\/a> zeigen, wie diese Frisur international interpretiert wird.<\/p>\n<h2>Die perfekte Materialkunde<\/h2>\n<p>Nicht jedes Band eignet sich gleicherma\u00dfen f\u00fcr jeden Haartyp. Wie ein Dirigent sein Orchester, so w\u00e4hlt der versierte Stylist das passende Band f\u00fcr die jeweilige Haarstruktur:<\/p>\n<ul>\n<li>Seidenb\u00e4nder gleiten sanft durch feines Haar, ohne zu ziehen<\/li>\n<li>Samtige Materialien geben dickem, schwerem Haar mehr Halt<\/li>\n<li>Leichte Organza-B\u00e4nder eignen sich perfekt f\u00fcr fr\u00fchlingshafte, lockere Styles<\/li>\n<\/ul>\n<h2>Kulturelle Einfl\u00fcsse und globale Adaptionen<\/h2>\n<p>Der Trend vereint Einfl\u00fcsse aus verschiedenen Kulturen. In Frankreich bevorzugt man schmale, elegante B\u00e4nder, w\u00e4hrend in Skandinavien breitere, gemusterte Varianten beliebt sind. Die <a href=\"https:\/\/www.journee-mondiale.com\/de\/category\/reisen\/\" target=\"_blank\">internationale Haarmoden<\/a> inspirieren sich gegenseitig und schaffen so immer neue Interpretationen des Grundthemas.<\/p>\n<h2>Ein Hauch von Nachhaltigkeit<\/h2>\n<p>In Zeiten wachsenden Umweltbewusstseins bieten <strong>wiederverwendbare Haarb\u00e4nder<\/strong> eine nachhaltige Alternative zu Einweg-Haargummis. &#8222;Wer in hochwertige Seidenb\u00e4nder investiert, hat nicht nur ein stilvolles Accessoire, sondern schont auch die Umwelt&#8220;, sagt Umweltaktivistin und Friseurin Jana Bergmann. Dieser Trend verbindet also \u00c4sthetik mit umweltbewusstem Handeln.<\/p>\n<h2>Wird dieser Fr\u00fchlingstrend bleiben?<\/h2>\n<p>Modetrends kommen und gehen wie die Jahreszeiten selbst, doch der Pferdeschwanz mit Band hat das Potenzial, mehr als eine fl\u00fcchtige Modeerscheinung zu sein. Er vereint Praktikabilit\u00e4t mit Eleganz und bietet unendliche Variationsm\u00f6glichkeiten. Bleiben Sie auf dem Laufenden mit den <a href=\"https:\/\/www.journee-mondiale.com\/de\/feed\/\" target=\"_blank\">neuesten Beauty-Trends<\/a> und lassen Sie sich inspirieren, Ihren pers\u00f6nlichen Ribbon-Ponytail-Stil zu entdecken.<\/p>\n","protected":false},"excerpt":{"rendered":"<p>Fr\u00fchlingsfrisch und elegant \u2013 der Ponytail mit Band feiert sein gro\u00dfes Comeback! Der M\u00e4rz l\u00e4utet den Fr\u00fchling ein, und damit kehrt auch einer der charmantesten Haartrends zur\u00fcck auf die B\u00fchne der Styling-Welt. Was k\u00f6nnte zeitgem\u00e4\u00dfer sein, als den klassischen Pferdeschwanz mit einem farbenfrohen Band zu versch\u00f6nern? Die Renaissance eines zeitlosen Klassikers B\u00e4nder in Pferdeschw\u00e4nzen sind &#8230; <a title=\"Diese 3 Band-Tricks f\u00fcr Ihren Pferdeschwanz machen ihn 10x eleganter (der dritte \u00fcberrascht mich t\u00e4glich)\" class=\"read-more\" href=\"https:\/\/www.journee-mondiale.com\/de\/diese-3-band-tricks-fuer-ihren-pferdeschwanz-machen-ihn-10x-eleganter-der-dritte-ueberrascht-mich-taeglich\/\" aria-label=\"Mehr Informationen \u00fcber Diese 3 Band-Tricks f\u00fcr Ihren Pferdeschwanz machen ihn 10x eleganter (der dritte \u00fcberrascht mich t\u00e4glich)\">Lire plus<\/a><\/p>\n","protected":false},"author":1,"featured_media":12419,"comment_status":"","ping_status":"","sticky":false,"template":"","format":"standard","meta":{"footnotes":""},"categories":[48],"tags":[],"class_list":["post-12420","post","type-post","status-publish","format-standard","has-post-thumbnail","hentry","category-lebensstil"],"acf":[],"_yoast_wpseo_primary_category":null,"_yoast_wpseo_title":null,"_yoast_wpseo_metadesc":null,"_links":{"self":[{"href":"https:\/\/www.journee-mondiale.com\/de\/wp-json\/wp\/v2\/posts\/12420","targetHints":{"allow":["GET"]}}],"collection":[{"href":"https:\/\/www.journee-mondiale.com\/de\/wp-json\/wp\/v2\/posts"}],"about":[{"href":"https:\/\/www.journee-mondiale.com\/de\/wp-json\/wp\/v2\/types\/post"}],"author":[{"embeddable":true,"href":"https:\/\/www.journee-mondiale.com\/de\/wp-json\/wp\/v2\/users\/1"}],"replies":[{"embeddable":true,"href":"https:\/\/www.journee-mondiale.com\/de\/wp-json\/wp\/v2\/comments?post=12420"}],"version-history":[{"count":0,"href":"https:\/\/www.journee-mondiale.com\/de\/wp-json\/wp\/v2\/posts\/12420\/revisions"}],"wp:featuredmedia":[{"embeddable":true,"href":"https:\/\/www.journee-mondiale.com\/de\/wp-json\/wp\/v2\/media\/12419"}],"wp:attachment":[{"href":"https:\/\/www.journee-mondiale.com\/de\/wp-json\/wp\/v2\/media?parent=12420"}],"wp:term":[{"taxonomy":"category","embeddable":true,"href":"https:\/\/www.journee-mondiale.com\/de\/wp-json\/wp\/v2\/categories?post=12420"},{"taxonomy":"post_tag","embeddable":true,"href":"https:\/\/www.journee-mondiale.com\/de\/wp-json\/wp\/v2\/tags?post=12420"}],"curies":[{"name":"wp","href":"https:\/\/api.w.org\/{rel}","templated":true}]}}