{"id":12416,"date":"2025-03-11T10:19:17","date_gmt":"2025-03-11T09:19:17","guid":{"rendered":"https:\/\/www.journee-mondiale.com\/de\/warum-diese-chinesischen-haarnadeln-meine-fruehlingsfrisuren-2025-komplett-veraenderten-und-wie-du-den-trend-schon-jetzt-tragen-kannst\/"},"modified":"2025-03-11T10:19:17","modified_gmt":"2025-03-11T09:19:17","slug":"warum-diese-chinesischen-haarnadeln-meine-fruehlingsfrisuren-2025-komplett-veraenderten-und-wie-du-den-trend-schon-jetzt-tragen-kannst","status":"publish","type":"post","link":"https:\/\/www.journee-mondiale.com\/de\/warum-diese-chinesischen-haarnadeln-meine-fruehlingsfrisuren-2025-komplett-veraenderten-und-wie-du-den-trend-schon-jetzt-tragen-kannst\/","title":{"rendered":"Warum diese chinesischen Haarnadeln meine Fr\u00fchlingsfrisuren 2025 komplett ver\u00e4nderten (und wie du den Trend schon jetzt tragen kannst&#8230;)"},"content":{"rendered":"<p>Der Fr\u00fchling steht vor der T\u00fcr und damit die perfekte Zeit, um etwas Neues zu wagen! Chinesische Haaraccessoires erleben gerade einen aufregenden Trend im Bereich der Frisurengestaltung. Diese kunstvollen Schmuckst\u00fccke, die eine jahrtausendealte Geschichte haben, k\u00f6nnen auch deinem Look im M\u00e4rz 2025 einen frischen und eleganten Touch verleihen. Entdecken wir gemeinsam, wie du diese traditionellen Elemente in moderne Frisuren integrieren kannst!<\/p>\n<h2>Die kulturelle Bedeutung chinesischer Haaraccessoires<\/h2>\n<p>Chinesische Haarschmuckst\u00fccke sind weit mehr als nur dekorative Elemente. \u00dcber Jahrhunderte hinweg dienten sie als Symbole f\u00fcr <strong>sozialen Status<\/strong>, Alter und Familienstand. &#8222;In der chinesischen Kultur sprechen Haaraccessoires eine eigene Sprache&#8220;, erkl\u00e4rt Mei Lin, Expertin f\u00fcr traditionelle chinesische Mode in Berlin. &#8222;Jedes St\u00fcck erz\u00e4hlt eine Geschichte und verleiht dem Tr\u00e4ger eine besondere Bedeutung.&#8220;<\/p>\n<h2>Traditionelle St\u00fccke modern interpretiert<\/h2>\n<p>Von <strong>Hairpins<\/strong> mit Drachenmustern bis zu kristallbesetzten K\u00e4mmen mit Pflaumenbl\u00fctendesigns \u2013 die Vielfalt an chinesischen Haaraccessoires ist beeindruckend. Besonders beliebt sind:\n<\/p>\n<ul>\n<li>Filigrane Haarnadeln mit Quasten (Chai)<\/li>\n<li>Elegante Haark\u00e4mme mit Blumenmotiven<\/li>\n<li>Verzierte Haarspangen mit gl\u00fccksverhei\u00dfenden Symbolen<\/li>\n<\/ul>\n<p>&#8222;Die zeitlose Eleganz dieser Accessoires macht sie perfekt f\u00fcr besondere Anl\u00e4sse im Fr\u00fchling&#8220;, sagt Thomas Schmidt, Meisterfriseur im Berliner Salon &#8222;Haarkunst&#8220;. &#8222;Sie sind wie kleine Kunstwerke, die jede noch so schlichte Frisur in einen Blickfang verwandeln.&#8220;<\/p>\n<h2>Styling-Tipps f\u00fcr verschiedene Haartypen<\/h2>\n<p>Die Integration chinesischer Haaraccessoires funktioniert bei nahezu allen Haartypen. F\u00fcr <strong>feines Haar<\/strong> empfehlen sich leichtere St\u00fccke wie zarte Haarnadeln, w\u00e4hrend kr\u00e4ftigeres Haar auch gr\u00f6\u00dfere Accessoires wie aufwendig verzierte K\u00e4mme tragen kann. Die Positionierung sollte je nach Gesichtsform variieren \u2013 bei runden Gesichtern wirken seitlich platzierte Accessoires besonders vorteilhaft.<\/p>\n<h2>Fr\u00fchlingslook mit fern\u00f6stlichem Charme<\/h2>\n<p>Der Fr\u00fchling 2025 steht ganz im Zeichen kultureller Fusion. Die zarten Bl\u00fctenmotive chinesischer Haaraccessoires harmonieren perfekt mit den frischen Farben der neuen Saison. Deine Haare werden zum Leinwand f\u00fcr diese kleinen Kunstwerke &#8211; wie ein bl\u00fchender Garten, der die Erwartung des Fr\u00fchlings zelebriert.<\/p>\n<h2>Die perfekte Frisuren-Grundlage<\/h2>\n<p>Damit chinesische Accessoires optimal zur Geltung kommen, eignen sich besonders:<\/p>\n<ul>\n<li>Elegante Hochsteckfrisuren mit lockeren Elementen<\/li>\n<li>Halboffen getragenes Haar mit weichen Wellen<\/li>\n<li>Klassische <strong>Dutts<\/strong> in verschiedenen H\u00f6hen<\/li>\n<\/ul>\n<p>&#8222;Der Kontrast zwischen schlichten Frisuren und kunstvollen Accessoires schafft eine Balance, die besonders harmonisch wirkt&#8220;, beobachtet Sarah Weber, Trendstylistin aus M\u00fcnchen. &#8222;Es ist wie ein Gespr\u00e4ch zwischen Tradition und Moderne auf dem Kopf der Tr\u00e4gerin.&#8220;<\/p>\n<h2>Wo man authentische St\u00fccke findet<\/h2>\n<p>F\u00fcr wirklich authentische St\u00fccke lohnt sich ein Besuch in asiatischen Vierteln deutscher Gro\u00dfst\u00e4dte. Auch spezialisierte Online-Shops bieten eine gro\u00dfe Auswahl an traditionellen und modernen Interpretationen. Die Preise variieren dabei \u2013 von erschwinglichen <strong>Alltagsst\u00fccken<\/strong> bis zu edlen Schmuckst\u00fccken f\u00fcr besondere Anl\u00e4sse.<\/p>\n<h2>DIY-Ansatz: Personalisierte chinesische Haaraccessoires<\/h2>\n<p>Eine pers\u00f6nliche Note erh\u00e4ltst du durch selbstgemachte Accessoires. Mit etwas Geschick kannst du vorhandene Haarspangen mit Seidenblumen, Quasten oder traditionellen Mustern verzieren. Diese kreative Reise ist nicht nur kosteng\u00fcnstig, sondern schafft auch eine tiefere Verbindung zum kulturellen Hintergrund dieser besonderen Schmuckst\u00fccke.<\/p>\n<h2>Wirst du den Trend wagen?<\/h2>\n<p>Chinesische Haaraccessoires sind mehr als nur ein fl\u00fcchtiger Trend \u2013 sie sind Botschafter einer reichen Kulturgeschichte und zugleich zeitlos sch\u00f6ne Schmuckst\u00fccke. Ob f\u00fcr den Alltag dezent platziert oder als Statement-Piece f\u00fcr besondere Anl\u00e4sse \u2013 mit diesen kunstvollen Elementen verleihst du deinem Fr\u00fchlingslook 2025 eine unverwechselbare Note, die Tradition und Moderne auf elegante Weise verbindet.<\/p>\n","protected":false},"excerpt":{"rendered":"<p>Der Fr\u00fchling steht vor der T\u00fcr und damit die perfekte Zeit, um etwas Neues zu wagen! Chinesische Haaraccessoires erleben gerade einen aufregenden Trend im Bereich der Frisurengestaltung. Diese kunstvollen Schmuckst\u00fccke, die eine jahrtausendealte Geschichte haben, k\u00f6nnen auch deinem Look im M\u00e4rz 2025 einen frischen und eleganten Touch verleihen. Entdecken wir gemeinsam, wie du diese traditionellen &#8230; <a title=\"Warum diese chinesischen Haarnadeln meine Fr\u00fchlingsfrisuren 2025 komplett ver\u00e4nderten (und wie du den Trend schon jetzt tragen kannst&#8230;)\" class=\"read-more\" href=\"https:\/\/www.journee-mondiale.com\/de\/warum-diese-chinesischen-haarnadeln-meine-fruehlingsfrisuren-2025-komplett-veraenderten-und-wie-du-den-trend-schon-jetzt-tragen-kannst\/\" aria-label=\"Mehr Informationen \u00fcber Warum diese chinesischen Haarnadeln meine Fr\u00fchlingsfrisuren 2025 komplett ver\u00e4nderten (und wie du den Trend schon jetzt tragen kannst&#8230;)\">Lire plus<\/a><\/p>\n","protected":false},"author":1,"featured_media":12415,"comment_status":"","ping_status":"","sticky":false,"template":"","format":"standard","meta":{"footnotes":""},"categories":[48],"tags":[],"class_list":["post-12416","post","type-post","status-publish","format-standard","has-post-thumbnail","hentry","category-lebensstil"],"acf":[],"_yoast_wpseo_primary_category":null,"_yoast_wpseo_title":null,"_yoast_wpseo_metadesc":null,"_links":{"self":[{"href":"https:\/\/www.journee-mondiale.com\/de\/wp-json\/wp\/v2\/posts\/12416","targetHints":{"allow":["GET"]}}],"collection":[{"href":"https:\/\/www.journee-mondiale.com\/de\/wp-json\/wp\/v2\/posts"}],"about":[{"href":"https:\/\/www.journee-mondiale.com\/de\/wp-json\/wp\/v2\/types\/post"}],"author":[{"embeddable":true,"href":"https:\/\/www.journee-mondiale.com\/de\/wp-json\/wp\/v2\/users\/1"}],"replies":[{"embeddable":true,"href":"https:\/\/www.journee-mondiale.com\/de\/wp-json\/wp\/v2\/comments?post=12416"}],"version-history":[{"count":0,"href":"https:\/\/www.journee-mondiale.com\/de\/wp-json\/wp\/v2\/posts\/12416\/revisions"}],"wp:featuredmedia":[{"embeddable":true,"href":"https:\/\/www.journee-mondiale.com\/de\/wp-json\/wp\/v2\/media\/12415"}],"wp:attachment":[{"href":"https:\/\/www.journee-mondiale.com\/de\/wp-json\/wp\/v2\/media?parent=12416"}],"wp:term":[{"taxonomy":"category","embeddable":true,"href":"https:\/\/www.journee-mondiale.com\/de\/wp-json\/wp\/v2\/categories?post=12416"},{"taxonomy":"post_tag","embeddable":true,"href":"https:\/\/www.journee-mondiale.com\/de\/wp-json\/wp\/v2\/tags?post=12416"}],"curies":[{"name":"wp","href":"https:\/\/api.w.org\/{rel}","templated":true}]}}