{"id":12414,"date":"2025-03-11T10:16:39","date_gmt":"2025-03-11T09:16:39","guid":{"rendered":"https:\/\/www.journee-mondiale.com\/de\/dieser-stacheliger-pixie-schnitt-laesst-meine-57-jaehrige-kundin-juenger-aussehen-die-verwandlung-ist-verblueffend\/"},"modified":"2025-03-11T10:16:39","modified_gmt":"2025-03-11T09:16:39","slug":"dieser-stacheliger-pixie-schnitt-laesst-meine-57-jaehrige-kundin-juenger-aussehen-die-verwandlung-ist-verblueffend","status":"publish","type":"post","link":"https:\/\/www.journee-mondiale.com\/de\/dieser-stacheliger-pixie-schnitt-laesst-meine-57-jaehrige-kundin-juenger-aussehen-die-verwandlung-ist-verblueffend\/","title":{"rendered":"Dieser stacheliger Pixie-Schnitt l\u00e4sst meine 57-j\u00e4hrige Kundin j\u00fcnger aussehen (die Verwandlung ist verbl\u00fcffend&#8230;)"},"content":{"rendered":"<p>Der Fr\u00fchling 2025 bringt einen Haartrend zur\u00fcck, der besonders f\u00fcr die reife Frau ein regelrechtes Styling-Highlight darstellt: <strong>Spiky Pixies<\/strong>. Diese kantige Interpretation des klassischen Kurzhaarschnitts verleiht selbst feinem Haar im besten Alter Charakter und Volumen. W\u00e4hrend drau\u00dfen die ersten Fr\u00fchlingsblumen sprie\u00dfen, k\u00f6nnen auch Ihre Haare mit der richtigen Technik zu neuem Leben erwachen.<\/p>\n<h2>Der Spiky Pixie: Frischer Wind f\u00fcr reifes Haar<\/h2>\n<p>Ein <strong>Spiky Pixie<\/strong> ist mehr als nur ein kurzer Haarschnitt \u2013 er ist eine Haltung. &#8222;Diese Frisur vermittelt Selbstbewusstsein und eine gewisse L\u00e4ssigkeit, die besonders Frauen \u00fcber 50 einen jugendlichen Touch verleiht&#8220;, erkl\u00e4rt Thomas Schmidt, Meisterfriseur im Berliner Salon &#8222;Haarkunst&#8220;. Durch gezielt geschnittene Spitzen und den Einsatz texturierender Produkte entsteht ein Look, der sowohl sportlich als auch elegant wirken kann.<\/p>\n<h2>Warum gerade jetzt dieser Trend?<\/h2>\n<p>In den 1980er Jahren trugen bereits Ikonen wie Annie Lennox diesen mutigen Look \u2013 heute erleben wir seine Renaissance. &#8222;Mit zunehmendem Alter wird das Haar oft feiner und verliert an F\u00fclle. Der <strong>Spiky Pixie<\/strong> wirkt diesem nat\u00fcrlichen Prozess elegant entgegen&#8220;, betont Isabella Kr\u00fcger, Hair-Stylistin aus M\u00fcnchen. Der Fr\u00fchling 2025 steht f\u00fcr Neubeginn und Lebensfreude \u2013 genau das symbolisiert auch dieser mutige Schnitt.<\/p>\n<h2>Die perfekte Schnitt-Technik f\u00fcr mehr Volumen<\/h2>\n<p>Das Geheimnis liegt in den punktierten Schichten. Anders als beim klassischen Pixie werden die Spitzen nicht gleichm\u00e4\u00dfig geschnitten, sondern gezielt ausged\u00fcnnt und in unterschiedlichen L\u00e4ngen belassen. Diese <strong>Textur-Technik<\/strong> verleiht selbst d\u00fcnnem Haar Dimension und Bewegung \u2013 wie ein Garten, in dem verschiedene Blumen in unterschiedlichen H\u00f6hen wachsen und so mehr Lebendigkeit erzeugen.<\/p>\n<h2>Die richtigen Styling-Produkte f\u00fcr den perfekten Halt<\/h2>\n<p>Zum Styling eines Spiky Pixie ben\u00f6tigen Sie:<\/p>\n<ul>\n<li><strong>Texturpaste<\/strong> oder Pomade f\u00fcr Definition<\/li>\n<li>Leichtes Haarwachs f\u00fcr nat\u00fcrlichen Halt<\/li>\n<li>Volumenpuder f\u00fcr zus\u00e4tzliche F\u00fclle an den Wurzeln<\/li>\n<\/ul>\n<p>Tragen Sie die Produkte immer mit erw\u00e4rmten Fingerspitzen auf und arbeiten Sie von hinten nach vorne. &#8222;Weniger ist mehr&#8220;, r\u00e4t Frisurenexpertin Maria Weber. &#8222;Kleine Produktmengen lassen sich besser verteilen und vermeiden den verklebten Look.&#8220;<\/p>\n<h2>So stylen Sie Ihren Spiky Pixie im Alltag<\/h2>\n<p>Der morgendliche Styling-Prozess gleicht einer kreativen Meditation: F\u00f6hnen Sie Ihr Haar zun\u00e4chst gegen die Wuchsrichtung, um maximales <strong>Volumen<\/strong> zu erzielen. Anschlie\u00dfend formen Sie mit den Fingerspitzen und etwas Texturpaste einzelne Str\u00e4hnen nach oben. Die Frisur wirkt am nat\u00fcrlichsten, wenn der Look etwas ungleichm\u00e4\u00dfig erscheint \u2013 wie eine wohl\u00fcberlegte Improvisation.<\/p>\n<h2>F\u00fcr wen eignet sich dieser Trend besonders?<\/h2>\n<p>Besonders schmeichelhaft wirkt der Spiky Pixie bei:<\/p>\n<ul>\n<li>Ovalen und herzf\u00f6rmigen Gesichtern<\/li>\n<li>Frauen mit markanten Gesichtsz\u00fcgen<\/li>\n<li>Feinem bis mittlerem Haar<\/li>\n<\/ul>\n<p>&#8222;Der <strong>Spiky Pixie<\/strong> lenkt die Aufmerksamkeit auf die Augen und Wangenknochen \u2013 das ist wie ein nat\u00fcrliches Facelift&#8220;, schw\u00e4rmt Sabine Lorenz vom Hamburger Salon &#8222;Haargenau&#8220;. Selbst graues Haar gewinnt durch diese Schnittform an Ausdruck und moderner Eleganz.<\/p>\n<h2>Pflege und Erhaltung des perfekten Looks<\/h2>\n<p>Um die Frische des Schnitts zu bewahren, empfehlen Experten alle vier bis sechs Wochen einen <strong>Nachschnitt<\/strong>. Zwischen den Salonbesuchen hilft ein gutes <a href=\"https:\/\/www.journee-mondiale.com\/de\/category\/lebensstil\/\" target=\"_blank\">Pflegeprogramm f\u00fcr reifes Haar<\/a>, die Textur zu erhalten. Vergessen Sie nicht: Die Leichtigkeit des Looks ist sein gr\u00f6\u00dfter Charme \u2013 wie ein spielerischer Tanz auf dem Kopf.<\/p>\n<h2>Ihr n\u00e4chster Schritt in Richtung Spiky Pixie?<\/h2>\n<p>Trauen Sie sich an diese Ver\u00e4nderung! Der Fr\u00fchling 2025 bietet den perfekten Zeitpunkt, um mit einer neuen Frisur auch neue Energie in Ihr Leben zu bringen. Ein guter Friseur wird Ihnen helfen, die ideale Version des Spiky Pixie f\u00fcr Ihre pers\u00f6nliche Gesichtsform und Ihren Lebensstil zu finden. Denn wie bei einer ma\u00dfgeschneiderten Garderobe gilt auch hier: Der beste Look ist der, der zu Ihnen passt und in dem Sie sich rundum wohlf\u00fchlen.<\/p>\n","protected":false},"excerpt":{"rendered":"<p>Der Fr\u00fchling 2025 bringt einen Haartrend zur\u00fcck, der besonders f\u00fcr die reife Frau ein regelrechtes Styling-Highlight darstellt: Spiky Pixies. Diese kantige Interpretation des klassischen Kurzhaarschnitts verleiht selbst feinem Haar im besten Alter Charakter und Volumen. W\u00e4hrend drau\u00dfen die ersten Fr\u00fchlingsblumen sprie\u00dfen, k\u00f6nnen auch Ihre Haare mit der richtigen Technik zu neuem Leben erwachen. Der Spiky &#8230; <a title=\"Dieser stacheliger Pixie-Schnitt l\u00e4sst meine 57-j\u00e4hrige Kundin j\u00fcnger aussehen (die Verwandlung ist verbl\u00fcffend&#8230;)\" class=\"read-more\" href=\"https:\/\/www.journee-mondiale.com\/de\/dieser-stacheliger-pixie-schnitt-laesst-meine-57-jaehrige-kundin-juenger-aussehen-die-verwandlung-ist-verblueffend\/\" aria-label=\"Mehr Informationen \u00fcber Dieser stacheliger Pixie-Schnitt l\u00e4sst meine 57-j\u00e4hrige Kundin j\u00fcnger aussehen (die Verwandlung ist verbl\u00fcffend&#8230;)\">Lire plus<\/a><\/p>\n","protected":false},"author":1,"featured_media":12413,"comment_status":"","ping_status":"","sticky":false,"template":"","format":"standard","meta":{"footnotes":""},"categories":[48],"tags":[],"class_list":["post-12414","post","type-post","status-publish","format-standard","has-post-thumbnail","hentry","category-lebensstil"],"acf":[],"_yoast_wpseo_primary_category":null,"_yoast_wpseo_title":null,"_yoast_wpseo_metadesc":null,"_links":{"self":[{"href":"https:\/\/www.journee-mondiale.com\/de\/wp-json\/wp\/v2\/posts\/12414","targetHints":{"allow":["GET"]}}],"collection":[{"href":"https:\/\/www.journee-mondiale.com\/de\/wp-json\/wp\/v2\/posts"}],"about":[{"href":"https:\/\/www.journee-mondiale.com\/de\/wp-json\/wp\/v2\/types\/post"}],"author":[{"embeddable":true,"href":"https:\/\/www.journee-mondiale.com\/de\/wp-json\/wp\/v2\/users\/1"}],"replies":[{"embeddable":true,"href":"https:\/\/www.journee-mondiale.com\/de\/wp-json\/wp\/v2\/comments?post=12414"}],"version-history":[{"count":0,"href":"https:\/\/www.journee-mondiale.com\/de\/wp-json\/wp\/v2\/posts\/12414\/revisions"}],"wp:featuredmedia":[{"embeddable":true,"href":"https:\/\/www.journee-mondiale.com\/de\/wp-json\/wp\/v2\/media\/12413"}],"wp:attachment":[{"href":"https:\/\/www.journee-mondiale.com\/de\/wp-json\/wp\/v2\/media?parent=12414"}],"wp:term":[{"taxonomy":"category","embeddable":true,"href":"https:\/\/www.journee-mondiale.com\/de\/wp-json\/wp\/v2\/categories?post=12414"},{"taxonomy":"post_tag","embeddable":true,"href":"https:\/\/www.journee-mondiale.com\/de\/wp-json\/wp\/v2\/tags?post=12414"}],"curies":[{"name":"wp","href":"https:\/\/api.w.org\/{rel}","templated":true}]}}