{"id":12402,"date":"2025-03-11T02:43:17","date_gmt":"2025-03-11T01:43:17","guid":{"rendered":"https:\/\/www.journee-mondiale.com\/de\/warum-meine-natuerliche-wellenfrisur-im-2025-fruehling-10-jahre-juenger-aussehen-laesst\/"},"modified":"2025-03-11T02:43:17","modified_gmt":"2025-03-11T01:43:17","slug":"warum-meine-natuerliche-wellenfrisur-im-2025-fruehling-10-jahre-juenger-aussehen-laesst","status":"publish","type":"post","link":"https:\/\/www.journee-mondiale.com\/de\/warum-meine-natuerliche-wellenfrisur-im-2025-fruehling-10-jahre-juenger-aussehen-laesst\/","title":{"rendered":"Warum meine Nat\u00fcrliche Wellenfrisur im 2025-Fr\u00fchling (10 Jahre j\u00fcnger aussehen l\u00e4sst)"},"content":{"rendered":"<p>Mit dem Fr\u00fchlingserwachen 2025 erleben wir eine Renaissance der <strong>Wellenfrisuren<\/strong> \u2013 nicht nur als Statement f\u00fcr Nat\u00fcrlichkeit, sondern als Jungbrunnen f\u00fcr unsere Ausstrahlung. Die definierten Wellen des neuen Jahres verbinden Leichtigkeit mit Raffinesse und lassen uns m\u00fchelos einige Jahre j\u00fcnger wirken. Entdecken wir gemeinsam, wie die richtigen Schnitte deine nat\u00fcrlichen Wellenmuster perfekt in Szene setzen k\u00f6nnen.<\/p>\n<h2>Die Wellenfrisuren-Revolution des Fr\u00fchlings 2025<\/h2>\n<p>Der M\u00e4rz 2025 bringt einen Paradigmenwechsel: Weg vom streng gestylten Haar, hin zur <strong>nat\u00fcrlichen Wellenstruktur<\/strong>. &#8222;Wir erleben eine R\u00fcckkehr zur authentischen Sch\u00f6nheit&#8220;, erkl\u00e4rt Sabine Weber, Kreativdirektorin des Berliner Salons &#8222;Haarpoesie&#8220;. &#8222;Die neuen Schnitte betonen die eigene Wellenstruktur und lassen sie wie von selbst flie\u00dfen \u2013 das wirkt sofort verj\u00fcngend und frisch.&#8220;<\/p>\n<h2>Kurze Bobs mit definiertem Wellenmuster<\/h2>\n<p>Der <strong>Wavy Bob<\/strong> dominiert die Fr\u00fchlingssalon-Termine. Besonders beliebt: knapp schulterlange Varianten mit stufig geschnittenen Partien, die den Wellen nat\u00fcrlichen Schwung verleihen. Diese Schnitte rahmen das Gesicht vorteilhaft ein und lassen es optisch schmaler wirken \u2013 ein willkommener Verj\u00fcngungseffekt f\u00fcr jedes Alter. <a href=\"https:\/\/www.journee-mondiale.com\/de\/\" target=\"_blank\">aktuelle Frisurentrends<\/a> zeigen, dass dieser Look besonders bei minimalem Styling-Aufwand \u00fcberzeugt.<\/p>\n<h2>Der m\u00fchelose Pixie f\u00fcr welliges Haar<\/h2>\n<p>Wie eine frische Brise im Fr\u00fchlingsgarten wirkt der <strong>wellige Pixie-Cut<\/strong> 2025. &#8222;Der kurze Schnitt mit l\u00e4ngeren Partien am Oberkopf ist perfekt f\u00fcr welliges Haar&#8220;, verr\u00e4t Meisterfriseur Thomas Schmidt. &#8222;Die Textur entfaltet sich von selbst, verleiht Volumen und l\u00e4sst das Gesicht sofort straffer erscheinen.&#8220; Morgens aufstehen, mit den Fingern durchfahren \u2013 fertig ist der Look, der dich m\u00fchelos zehn Jahre j\u00fcnger wirken l\u00e4sst.<\/p>\n<h2>Schichten als Schl\u00fcssel zum jugendlichen Look<\/h2>\n<p>Wenn deine Wellen oft schwer und leblos wirken, sind <strong>durchdachte Schichttechniken<\/strong> dein Geheimnis f\u00fcr mehr Leichtigkeit. Besonders im Fr\u00fchling 2025 setzen wir auf:<\/p>\n<ul>\n<li>Innere Schichten f\u00fcr Volumen ohne Breite<\/li>\n<li>Gesichtsumrahmende Stufen f\u00fcr den Lifting-Effekt<\/li>\n<li>L\u00e4ngere Partien im Nacken f\u00fcr Balance und Bewegung<\/li>\n<\/ul>\n<p>Diese Techniken lassen dein Haar wie eine <a href=\"https:\/\/www.journee-mondiale.com\/de\/category\/lebensstil\/\" target=\"_blank\">Lebensstil-Tipps<\/a> inspirierende nat\u00fcrliche Wasserkaskade flie\u00dfen \u2013 spontan und doch kontrolliert.<\/p>\n<h2>Fr\u00fchlingshafte Farbakzente f\u00fcr deine Wellen<\/h2>\n<p>Wie Sonnenlicht, das durch Fr\u00fchlingszweige bricht \u2013 so wirken die neuen <strong>Farbakzente<\/strong> f\u00fcr welliges Haar. Caramel- und Honignuancen setzen subtile Highlights und betonen die Bewegung. &#8222;Die richtige Farbplatzierung l\u00e4sst die Wellen f\u00f6rmlich tanzen und verleiht sofort einen jugendlicheren Look&#8220;, best\u00e4tigt Color-Expertin Mia Schmidt. <a href=\"https:\/\/www.journee-mondiale.com\/de\/category\/reisen\/\" target=\"_blank\">internationale Frisurentrends<\/a> zeigen, dass besonders nat\u00fcrlich wirkende \u00dcberg\u00e4nge gefragt sind.<\/p>\n<h2>Styling-Geheimnisse f\u00fcr definierte Fr\u00fchlingswellen<\/h2>\n<p>F\u00fcr den perfekten <strong>Wellenlook<\/strong> im Fr\u00fchling 2025 brauchst du:<\/p>\n<ul>\n<li>Leichte Mousse statt schwerer Cremes<\/li>\n<li>Salzspray f\u00fcr nat\u00fcrliche Textur<\/li>\n<li>Diffusor zum schonenden Trocknen<\/li>\n<\/ul>\n<p>Wie bei einem guten Gespr\u00e4ch geht es um die Balance: Definiere deine Wellen gerade so viel, dass sie Charakter zeigen, ohne ihre Nat\u00fcrlichkeit zu verlieren.<\/p>\n<h2>Die neue Wellen-\u00c4sthetik: Zwischen Nostalgie und Zukunft<\/h2>\n<p>Die <strong>Wellenfrisuren 2025<\/strong> verbinden zeitlose Eleganz mit modernem Minimalismus. Sie erinnern an die ungezwungene Sch\u00f6nheit der 70er Jahre, interpretieren sie aber mit der Leichtigkeit des digitalen Zeitalters neu. Diese Evolution der <a href=\"https:\/\/www.journee-mondiale.com\/de\/geschichte-der-welttage\/\" target=\"_blank\">Entwicklung von Sch\u00f6nheitsidealen<\/a> spiegelt unsere Sehnsucht nach Authentizit\u00e4t in einer zunehmend virtuellen Welt wider.<\/p>\n<h2>Wie findest du deinen perfekten Wellen-Look?<\/h2>\n<p>Welche Wellenfrisur dich wirklich verj\u00fcngt, h\u00e4ngt von deiner individuellen Haarstruktur und Gesichtsform ab. Experimentiere mit verschiedenen Schnittl\u00e4ngen und Styling-Methoden, bis du deinen pers\u00f6nlichen Signature-Look gefunden hast. Denk daran: Die sch\u00f6nsten Wellen sind die, in denen du dich selbst wiedererkennen kannst. <a href=\"https:\/\/www.journee-mondiale.com\/de\/juridisk-informationen\/\" target=\"_blank\">Expertenratschl\u00e4ge<\/a> k\u00f6nnen dir helfen, die Essenz deiner nat\u00fcrlichen Sch\u00f6nheit zum Strahlen zu bringen.<\/p>\n","protected":false},"excerpt":{"rendered":"<p>Mit dem Fr\u00fchlingserwachen 2025 erleben wir eine Renaissance der Wellenfrisuren \u2013 nicht nur als Statement f\u00fcr Nat\u00fcrlichkeit, sondern als Jungbrunnen f\u00fcr unsere Ausstrahlung. Die definierten Wellen des neuen Jahres verbinden Leichtigkeit mit Raffinesse und lassen uns m\u00fchelos einige Jahre j\u00fcnger wirken. Entdecken wir gemeinsam, wie die richtigen Schnitte deine nat\u00fcrlichen Wellenmuster perfekt in Szene setzen &#8230; <a title=\"Warum meine Nat\u00fcrliche Wellenfrisur im 2025-Fr\u00fchling (10 Jahre j\u00fcnger aussehen l\u00e4sst)\" class=\"read-more\" href=\"https:\/\/www.journee-mondiale.com\/de\/warum-meine-natuerliche-wellenfrisur-im-2025-fruehling-10-jahre-juenger-aussehen-laesst\/\" aria-label=\"Mehr Informationen \u00fcber Warum meine Nat\u00fcrliche Wellenfrisur im 2025-Fr\u00fchling (10 Jahre j\u00fcnger aussehen l\u00e4sst)\">Lire plus<\/a><\/p>\n","protected":false},"author":1,"featured_media":12401,"comment_status":"","ping_status":"","sticky":false,"template":"","format":"standard","meta":{"footnotes":""},"categories":[48],"tags":[],"class_list":["post-12402","post","type-post","status-publish","format-standard","has-post-thumbnail","hentry","category-lebensstil"],"acf":[],"_yoast_wpseo_primary_category":null,"_yoast_wpseo_title":null,"_yoast_wpseo_metadesc":null,"_links":{"self":[{"href":"https:\/\/www.journee-mondiale.com\/de\/wp-json\/wp\/v2\/posts\/12402","targetHints":{"allow":["GET"]}}],"collection":[{"href":"https:\/\/www.journee-mondiale.com\/de\/wp-json\/wp\/v2\/posts"}],"about":[{"href":"https:\/\/www.journee-mondiale.com\/de\/wp-json\/wp\/v2\/types\/post"}],"author":[{"embeddable":true,"href":"https:\/\/www.journee-mondiale.com\/de\/wp-json\/wp\/v2\/users\/1"}],"replies":[{"embeddable":true,"href":"https:\/\/www.journee-mondiale.com\/de\/wp-json\/wp\/v2\/comments?post=12402"}],"version-history":[{"count":0,"href":"https:\/\/www.journee-mondiale.com\/de\/wp-json\/wp\/v2\/posts\/12402\/revisions"}],"wp:featuredmedia":[{"embeddable":true,"href":"https:\/\/www.journee-mondiale.com\/de\/wp-json\/wp\/v2\/media\/12401"}],"wp:attachment":[{"href":"https:\/\/www.journee-mondiale.com\/de\/wp-json\/wp\/v2\/media?parent=12402"}],"wp:term":[{"taxonomy":"category","embeddable":true,"href":"https:\/\/www.journee-mondiale.com\/de\/wp-json\/wp\/v2\/categories?post=12402"},{"taxonomy":"post_tag","embeddable":true,"href":"https:\/\/www.journee-mondiale.com\/de\/wp-json\/wp\/v2\/tags?post=12402"}],"curies":[{"name":"wp","href":"https:\/\/api.w.org\/{rel}","templated":true}]}}