{"id":12400,"date":"2025-03-11T00:35:43","date_gmt":"2025-03-10T23:35:43","guid":{"rendered":"https:\/\/www.journee-mondiale.com\/de\/so-pflege-ich-meine-naegel-nach-60-diese-5-inhaltsstoffe-verhindern-bruechigkeit\/"},"modified":"2025-03-11T00:35:43","modified_gmt":"2025-03-10T23:35:43","slug":"so-pflege-ich-meine-naegel-nach-60-diese-5-inhaltsstoffe-verhindern-bruechigkeit","status":"publish","type":"post","link":"https:\/\/www.journee-mondiale.com\/de\/so-pflege-ich-meine-naegel-nach-60-diese-5-inhaltsstoffe-verhindern-bruechigkeit\/","title":{"rendered":"So pflege ich meine N\u00e4gel nach 60 (diese 5 Inhaltsstoffe verhindern Br\u00fcchigkeit)"},"content":{"rendered":"<p>Strahlend in jedem Alter: So pflegt ihr eure N\u00e4gel nach 60 stark und gesund<\/p>\n<p>Der Fr\u00fchling 2025 steht vor der T\u00fcr und mit ihm kommt die perfekte Zeit, um unseren N\u00e4geln besondere Aufmerksamkeit zu schenken. Besonders nach dem 60. Lebensjahr ver\u00e4ndern sich unsere N\u00e4gel merklich &#8211; sie werden oft d\u00fcnner, br\u00fcchiger und verlieren an Glanz. Doch keine Sorge! Mit den richtigen Pflegeroutinen und etwas Wissen k\u00f6nnt ihr auch im fortgeschrittenen Alter <strong>gesunde und widerstandsf\u00e4hige N\u00e4gel<\/strong> haben. Entdecken wir gemeinsam, wie ihr eure Nagelgesundheit im Fr\u00fchjahr optimal unterst\u00fctzen k\u00f6nnt.<\/p>\n<h2>Warum unsere N\u00e4gel im Alter besondere Pflege brauchen<\/h2>\n<p>Mit zunehmendem Alter ver\u00e4ndert sich unser K\u00f6rper &#8211; das betrifft auch unsere N\u00e4gel. &#8222;Hormonelle Ver\u00e4nderungen, besonders in den Wechseljahren, k\u00f6nnen zu spr\u00f6den und br\u00fcchigen N\u00e4geln f\u00fchren&#8220;, erkl\u00e4rt Dr. med. Katharina Sch\u00e4fer, Ern\u00e4hrungswissenschaftlerin aus M\u00fcnchen. Diese nat\u00fcrlichen Ver\u00e4nderungen erfordern eine Anpassung unserer Nagelpflegeroutinen. Wie eine alte T\u00fcr mehr \u00d6l ben\u00f6tigt, brauchen reifere N\u00e4gel mehr Feuchtigkeit und N\u00e4hrstoffe.<\/p>\n<h2>Die Fr\u00fchlings-Nagelkur: Jetzt ist die perfekte Zeit<\/h2>\n<p>Nach dem trockenen Winter sind unsere N\u00e4gel besonders empfindlich und ben\u00f6tigen intensive Pflege. Die steigenden Temperaturen und erh\u00f6hte Luftfeuchtigkeit im Fr\u00fchling bieten ideale Bedingungen f\u00fcr eine <strong>Nagelregenerationskur<\/strong>. Genau wie die Natur sich erneuert, k\u00f6nnen auch unsere N\u00e4gel von einem frischen Start profitieren.<\/p>\n<h2>Diese N\u00e4hrstoffe lassen eure N\u00e4gel aufbl\u00fchen<\/h2>\n<p>Die richtigen N\u00e4hrstoffe bilden das Fundament gesunder N\u00e4gel. Besonders wichtig sind:<\/p>\n<ul>\n<li><strong>Biotin<\/strong> &#8211; st\u00e4rkt die Nagelstruktur und verhindert Br\u00fcchigkeit<\/li>\n<li><strong>Zink<\/strong> &#8211; unterst\u00fctzt das Nagelwachstum und die Regeneration<\/li>\n<li><strong>Omega-3-Fetts\u00e4uren<\/strong> &#8211; sorgen f\u00fcr Elastizit\u00e4t und Feuchtigkeit<\/li>\n<\/ul>\n<p>&#8222;Eine ausgewogene Ern\u00e4hrung ist entscheidend f\u00fcr gesunde N\u00e4gel&#8220;, betont Dr. Sch\u00e4fer. Integriert n\u00e4hrstoffreiche Lebensmittel wie N\u00fcsse, Fisch und gr\u00fcnes Gem\u00fcse in euren <a href=\"https:\/\/www.journee-mondiale.com\/de\/category\/lebensstil\/\" target=\"_blank\">Gesunden Lebensstil<\/a> &#8211; eure N\u00e4gel werden es euch danken!<\/p>\n<h2>Die Wunderwirkung von Nagel\u00f6len im Fr\u00fchling<\/h2>\n<p>Im Fr\u00fchjahr 2025 stehen besonders feuchtigkeitsspendende Nagel\u00f6le im Fokus. &#8222;Regelm\u00e4\u00dfige Nagel\u00f6l-Anwendungen sind wichtig, um die N\u00e4gel geschmeidig zu halten,&#8220; erkl\u00e4rt Dr. med. Christine Schrammek, renommierte Dermatologin. Wie ein sch\u00fctzender Regenmantel im Aprilwetter, bewahren sie eure N\u00e4gel vor Umwelteinfl\u00fcssen. Massiert das \u00d6l t\u00e4glich sanft in Nagel und Nagelhaut ein, um die <strong>Durchblutung anzuregen<\/strong> und N\u00e4hrstoffe besser zu transportieren.<\/p>\n<h2>Fr\u00fchjahrs-Rituale f\u00fcr strahlend sch\u00f6ne N\u00e4gel<\/h2>\n<p>Entwickelt eine regelm\u00e4\u00dfige Pflegeroutine f\u00fcr eure N\u00e4gel. Ein w\u00f6chentliches Pflegebad mit lauwarmem Wasser und einigen Tropfen Nagel\u00f6l wirkt wie ein Jungbrunnen f\u00fcr strapazierte N\u00e4gel. Besucht regelm\u00e4\u00dfig die <a href=\"https:\/\/www.journee-mondiale.com\/de\/feed\/\" target=\"_blank\">Aktuelle Gesundheitsnews<\/a> f\u00fcr die neuesten Pflegetrends. Tragt zudem beim Fr\u00fchjahrsputz immer Handschuhe, um eure N\u00e4gel vor aggressiven Reinigungsmitteln zu sch\u00fctzen.<\/p>\n<h2>Kollagen &#8211; der Geheimtipp f\u00fcr elastische N\u00e4gel<\/h2>\n<p>Kollagenpr\u00e4parate erleben im Fr\u00fchling 2025 einen wahren Boom. Wie ein inneres Ger\u00fcst sorgen sie f\u00fcr mehr Stabilit\u00e4t und Elastizit\u00e4t der N\u00e4gel. Pure Encapsulations bietet hochwertige Kollagenpr\u00e4parate, die besonders bei reiferen N\u00e4geln wahre Wunder wirken k\u00f6nnen. Informiert euch \u00fcber verschiedene <a href=\"https:\/\/www.journee-mondiale.com\/de\/juridisk-informationen\/\" target=\"_blank\">Produktinformationen<\/a>, um das ideale Pr\u00e4parat f\u00fcr eure Bed\u00fcrfnisse zu finden.<\/p>\n<h2>Die h\u00e4ufigsten Nagelprobleme im Alter meistern<\/h2>\n<p>Viele Menschen \u00fcber 60 k\u00e4mpfen mit typischen Nagelproblemen:<\/p>\n<ul>\n<li>L\u00e4ngsrillen und erh\u00f6hte Br\u00fcchigkeit<\/li>\n<li>Verlangsamtes Wachstum und Verf\u00e4rbungen<\/li>\n<li>Verdickungen und Verformungen<\/li>\n<\/ul>\n<p>Der <a href=\"https:\/\/www.journee-mondiale.com\/de\/geschichte-der-welttage\/\" target=\"_blank\">Geschichte der Gesundheitsthemen<\/a> folgend, wissen wir heute, dass diese Probleme mit gezielter Pflege und <strong>professioneller Beratung<\/strong> gut in den Griff zu bekommen sind.<\/p>\n<h2>Saisonale Nagelpflegeprodukte, die \u00fcberzeugen<\/h2>\n<p>Griffbereit f\u00fcr den Fr\u00fchling solltet ihr nagelfreundliche Produkte haben. Entscheidet euch f\u00fcr milde, acetonfreie Nagellackentferner und feuchtigkeitsspendende Handcremes. Wie ein ma\u00dfgeschneiderter Anzug sollten Nagelpflegeprodukte genau zu euren individuellen Bed\u00fcrfnissen passen. Achtet auf <strong>nat\u00fcrliche Inhaltsstoffe<\/strong> wie Jojoba\u00f6l, Aloe Vera und Sheabutter f\u00fcr optimale Ergebnisse.<\/p>\n<h2>Welche Zeichen eure N\u00e4gel senden<\/h2>\n<p>Eure N\u00e4gel sind wie ein Spiegel eurer Gesundheit. Wei\u00dfliche Flecken k\u00f6nnen auf Zinkmangel hinweisen, w\u00e4hrend Verf\u00e4rbungen auf ernstere gesundheitliche Probleme hindeuten k\u00f6nnen. Bei anhaltenden Ver\u00e4nderungen solltet ihr unbedingt einen <strong>Dermatologen aufsuchen<\/strong>. Nicht jede Nagelver\u00e4nderung im Alter ist harmlos &#8211; achtet auf die Signale eures K\u00f6rpers.<\/p>\n<p>Macht die Nagelpflege zu eurem pers\u00f6nlichen Fr\u00fchlings-Ritual! Mit regelm\u00e4\u00dfiger Pflege, der richtigen Ern\u00e4hrung und ein wenig Geduld werden eure N\u00e4gel auch nach 60 in neuem Glanz erstrahlen. Seht es als liebevolle Investition in eure Gesundheit und euer Wohlbefinden. Was k\u00f6nnte besser zum Fr\u00fchlingserwachen passen als strahlend gesunde N\u00e4gel?<\/p>\n","protected":false},"excerpt":{"rendered":"<p>Strahlend in jedem Alter: So pflegt ihr eure N\u00e4gel nach 60 stark und gesund Der Fr\u00fchling 2025 steht vor der T\u00fcr und mit ihm kommt die perfekte Zeit, um unseren N\u00e4geln besondere Aufmerksamkeit zu schenken. Besonders nach dem 60. Lebensjahr ver\u00e4ndern sich unsere N\u00e4gel merklich &#8211; sie werden oft d\u00fcnner, br\u00fcchiger und verlieren an Glanz. &#8230; <a title=\"So pflege ich meine N\u00e4gel nach 60 (diese 5 Inhaltsstoffe verhindern Br\u00fcchigkeit)\" class=\"read-more\" href=\"https:\/\/www.journee-mondiale.com\/de\/so-pflege-ich-meine-naegel-nach-60-diese-5-inhaltsstoffe-verhindern-bruechigkeit\/\" aria-label=\"Mehr Informationen \u00fcber So pflege ich meine N\u00e4gel nach 60 (diese 5 Inhaltsstoffe verhindern Br\u00fcchigkeit)\">Lire plus<\/a><\/p>\n","protected":false},"author":1,"featured_media":12399,"comment_status":"","ping_status":"","sticky":false,"template":"","format":"standard","meta":{"footnotes":""},"categories":[48],"tags":[],"class_list":["post-12400","post","type-post","status-publish","format-standard","has-post-thumbnail","hentry","category-lebensstil"],"acf":[],"_yoast_wpseo_primary_category":null,"_yoast_wpseo_title":null,"_yoast_wpseo_metadesc":null,"_links":{"self":[{"href":"https:\/\/www.journee-mondiale.com\/de\/wp-json\/wp\/v2\/posts\/12400","targetHints":{"allow":["GET"]}}],"collection":[{"href":"https:\/\/www.journee-mondiale.com\/de\/wp-json\/wp\/v2\/posts"}],"about":[{"href":"https:\/\/www.journee-mondiale.com\/de\/wp-json\/wp\/v2\/types\/post"}],"author":[{"embeddable":true,"href":"https:\/\/www.journee-mondiale.com\/de\/wp-json\/wp\/v2\/users\/1"}],"replies":[{"embeddable":true,"href":"https:\/\/www.journee-mondiale.com\/de\/wp-json\/wp\/v2\/comments?post=12400"}],"version-history":[{"count":0,"href":"https:\/\/www.journee-mondiale.com\/de\/wp-json\/wp\/v2\/posts\/12400\/revisions"}],"wp:featuredmedia":[{"embeddable":true,"href":"https:\/\/www.journee-mondiale.com\/de\/wp-json\/wp\/v2\/media\/12399"}],"wp:attachment":[{"href":"https:\/\/www.journee-mondiale.com\/de\/wp-json\/wp\/v2\/media?parent=12400"}],"wp:term":[{"taxonomy":"category","embeddable":true,"href":"https:\/\/www.journee-mondiale.com\/de\/wp-json\/wp\/v2\/categories?post=12400"},{"taxonomy":"post_tag","embeddable":true,"href":"https:\/\/www.journee-mondiale.com\/de\/wp-json\/wp\/v2\/tags?post=12400"}],"curies":[{"name":"wp","href":"https:\/\/api.w.org\/{rel}","templated":true}]}}