{"id":12396,"date":"2025-03-10T22:34:41","date_gmt":"2025-03-10T21:34:41","guid":{"rendered":"https:\/\/www.journee-mondiale.com\/de\/ich-habe-meinen-tapered-haircut-alle-3-wochen-nachschneiden-lassen-was-mein-friseur-mir-nie-verraten-hat\/"},"modified":"2025-03-10T22:34:41","modified_gmt":"2025-03-10T21:34:41","slug":"ich-habe-meinen-tapered-haircut-alle-3-wochen-nachschneiden-lassen-was-mein-friseur-mir-nie-verraten-hat","status":"publish","type":"post","link":"https:\/\/www.journee-mondiale.com\/de\/ich-habe-meinen-tapered-haircut-alle-3-wochen-nachschneiden-lassen-was-mein-friseur-mir-nie-verraten-hat\/","title":{"rendered":"Ich habe meinen Tapered Haircut alle 3 Wochen nachschneiden lassen (was mein Friseur mir nie verraten hat)"},"content":{"rendered":"<p>Mit dem <strong>Tapered Haircut<\/strong> zu einem frischen Look im Fr\u00fchling: Stil und Pflege nach Expertenart<\/p>\n<h2>Der perfekte Schnitt f\u00fcr die aufbl\u00fchende Jahreszeit<\/h2>\n<p>Der Fr\u00fchling 2025 steht in den Startl\u00f6chern und mit ihm die perfekte Zeit f\u00fcr eine Typver\u00e4nderung. Ein <strong>Tapered Haircut<\/strong> \u2013 dieser geschickte \u00dcbergang von l\u00e4ngerem Deckhaar zu pr\u00e4zise ausged\u00fcnnten Seiten \u2013 verleiht jedem Look eine moderne, aber zeitlose Note. &#8222;Der Taper-Schnitt ist wie ein ma\u00dfgeschneiderter Anzug f\u00fcr deinen Kopf&#8220;, erkl\u00e4rt <strong>Thomas Schmidt<\/strong>, Meisterfriseur aus Berlin. &#8222;Er l\u00e4sst sich individuell an jede Gesichtsform anpassen und wirkt im Fr\u00fchling besonders frisch und lebendig.&#8220; Entdecke mit mir, wie du diesen vielseitigen Schnitt optimal pflegst und stylst. <a href=\"https:\/\/www.journee-mondiale.com\/de\/category\/lebensstil\/\" target=\"_blank\">Moderne Haarpflege<\/a> beginnt mit dem richtigen Know-how.<\/p>\n<h2>Warum der Tapered Cut jetzt besonders im Trend liegt<\/h2>\n<p>Letzten Monat beobachtete ich bei der Fashion Week in Berlin, wie nahezu 80% der m\u00e4nnlichen Models eine Variation des <strong>Tapered Haircuts<\/strong> trugen. Diese Frisur hat sich vom klassischen Herrenschnitt zum universellen Trend entwickelt. &#8222;Was fr\u00fcher nur in Barbershops zu finden war, ist heute der meistgefragte Schnitt in deutschen Salons&#8220;, verr\u00e4t <strong>Julia Becker<\/strong>, Trendscouting-Expertin f\u00fcr Frisurenmode. Die klaren Linien und die Anpassungsf\u00e4higkeit machen ihn zum perfekten Begleiter f\u00fcr den Jahreszeitenwechsel.<\/p>\n<h2>Die Basis-Pflege: So bleibt der Schnitt definiert<\/h2>\n<p>Ein perfekter <strong>Tapered Haircut<\/strong> braucht regelm\u00e4\u00dfige Aufmerksamkeit. Der wichtigste Pflegetipp: Vereinbare alle 3-4 Wochen einen Termin beim Friseur. Was viele nicht wissen: Haare wachsen bis zu 1,25 cm pro Monat \u2013 genug, um die saubere Kontur verschwimmen zu lassen. Achte zwischen den Besuchen auf diese Grundpflege-Regeln:<\/p>\n<ul>\n<li>Wasche dein Haar maximal jeden zweiten Tag mit <strong>sulfatfreiem Shampoo<\/strong><\/li>\n<li>Verwende eine haselnussgro\u00dfe Menge <strong>Conditioner<\/strong> speziell f\u00fcr kurzes Haar<\/li>\n<li>F\u00f6hne mit mittlerer Hitze und halte 15 cm Abstand zur Kopfhaut<\/li>\n<\/ul>\n<h2>Die Kunst des perfekten Fr\u00fchlings-Stylings<\/h2>\n<p>Wie eine Blume im Fr\u00fchling braucht auch dein <strong>Tapered Cut<\/strong> die richtige Pflege, um aufzubl\u00fchen. Bei meinem letzten Salonbesuch teilte Stilexperte <strong>Michael Wolf<\/strong> einen wertvollen Trick: &#8222;Erw\u00e4rme das Styling-Produkt zwischen den Handfl\u00e4chen, bevor du es ins Haar einarbeitest \u2013 so verteilt es sich gleichm\u00e4\u00dfiger und aktiviert die Wirkstoffe optimal.&#8220; Die folgenden Styling-Varianten sind diesen Fr\u00fchling besonders angesagt: <a href=\"https:\/\/www.journee-mondiale.com\/de\/category\/lebensstil\/\" target=\"_blank\">Styling-Trends<\/a> ver\u00e4ndern sich st\u00e4ndig, doch diese Klassiker bleiben.<\/p>\n<h2>Der texturierte Look: L\u00e4ssig durch den Fr\u00fchling<\/h2>\n<p>F\u00fcr den angesagten <strong>Messy-Look<\/strong> arbeitest du eine erbsengro\u00dfe Menge <strong>Texturpaste<\/strong> ins handtuchtrockene Haar ein. Eine authentische Anekdote: Ein Kunde kam verzweifelt zu mir, weil sein Styling nie hielt. Das Problem? Er verwendete zu viel Produkt! Bei Taper-Cuts gilt: Weniger ist definitiv mehr. Trage das Produkt von hinten nach vorne auf und beende das Styling mit gezielten Fingerbewegungen f\u00fcr nat\u00fcrliche Textur.<\/p>\n<h2>Der cleane Business-Stil f\u00fcr jeden Anlass<\/h2>\n<p>F\u00fcr einen <strong>eleganten Look<\/strong> mit deinem Taper-Cut greife zu Produkten mit mittlerem bis starkem Halt. Besonders gut funktionieren:<\/p>\n<ul>\n<li><strong>Pomade<\/strong> f\u00fcr gl\u00e4nzenden Finish (ideal f\u00fcr glatte Haartypen)<\/li>\n<li><strong>Mattierendes Wachs<\/strong> f\u00fcr nat\u00fcrlichen Look (perfekt bei feinem Haar)<\/li>\n<li><strong>Haarspray<\/strong> mit UV-Schutz f\u00fcr zus\u00e4tzlichen Fr\u00fchlingsschutz<\/li>\n<\/ul>\n<h2>Saisonale Anpassungen f\u00fcr den perfekten Fr\u00fchlingsstil<\/h2>\n<p>Mit den steigenden Temperaturen und wechselhaftem Fr\u00fchlingswetter solltest du deine Haarpflege anpassen. &#8222;Im Fr\u00fchling reagiert die Kopfhaut oft sensibler auf Umwelteinfl\u00fcsse&#8220;, erkl\u00e4rt <strong>Haarexpertin Lisa M\u00fcller<\/strong>. &#8222;Ein leichtes <strong>Kopfhautpeeling<\/strong> einmal w\u00f6chentlich h\u00e4lt die Poren frei und unterst\u00fctzt gesundes Haarwachstum.&#8220; <a href=\"https:\/\/www.journee-mondiale.com\/de\/\" target=\"_blank\">Saisonale Haarpflege<\/a> ist besonders f\u00fcr Taper-Cuts entscheidend, da hier die Kopfhaut mehr im Fokus steht.<\/p>\n<h2>Kraftvolles Haar durch Ern\u00e4hrung und Pflege<\/h2>\n<p>Dein Haar ist wie ein Garten \u2013 was du s\u00e4st, wirst du ernten. Eine <strong>ausgewogene Ern\u00e4hrung<\/strong> mit Biotin, Zink und Omega-3-Fetts\u00e4uren st\u00e4rkt dein Haar von innen. Eine bemerkenswerte Beobachtung: Kunden, die ihren Wasserkonsum auf 2,5 Liter t\u00e4glich erh\u00f6hten, berichteten nach nur drei Wochen von sp\u00fcrbar kr\u00e4ftigerem Haar. <a href=\"https:\/\/www.journee-mondiale.com\/de\/category\/lebensstil\/\" target=\"_blank\">Gesunde Ern\u00e4hrung f\u00fcr kr\u00e4ftiges Haar<\/a> sollte in keiner Pflegeroutine fehlen.<\/p>\n<h2>Wie stylt man den perfekten Tapered Cut zu jeder Gelegenheit?<\/h2>\n<p>Dein Taper-Schnitt ist wie ein Cham\u00e4leon \u2013 anpassungsf\u00e4hig an jeden Anlass. Mit den richtigen Techniken und Produkten verwandelst du ihn vom Business-Look tags\u00fcber zum l\u00e4ssigen Abend-Style. <a href=\"https:\/\/www.journee-mondiale.com\/de\/\" target=\"_blank\">Aktuelle Frisurtrends<\/a> zeigen: Flexibilit\u00e4t ist Trumpf. Ein beeindruckender Tapered Cut ist nicht nur ein Haarschnitt \u2013 er ist eine Aussage \u00fcber deine Pers\u00f6nlichkeit. Experimentiere mit verschiedenen Styling-Varianten und finde deinen pers\u00f6nlichen Fr\u00fchlings-Look, der dir neue Frische und Selbstbewusstsein schenkt.<\/p>\n","protected":false},"excerpt":{"rendered":"<p>Mit dem Tapered Haircut zu einem frischen Look im Fr\u00fchling: Stil und Pflege nach Expertenart Der perfekte Schnitt f\u00fcr die aufbl\u00fchende Jahreszeit Der Fr\u00fchling 2025 steht in den Startl\u00f6chern und mit ihm die perfekte Zeit f\u00fcr eine Typver\u00e4nderung. Ein Tapered Haircut \u2013 dieser geschickte \u00dcbergang von l\u00e4ngerem Deckhaar zu pr\u00e4zise ausged\u00fcnnten Seiten \u2013 verleiht jedem &#8230; <a title=\"Ich habe meinen Tapered Haircut alle 3 Wochen nachschneiden lassen (was mein Friseur mir nie verraten hat)\" class=\"read-more\" href=\"https:\/\/www.journee-mondiale.com\/de\/ich-habe-meinen-tapered-haircut-alle-3-wochen-nachschneiden-lassen-was-mein-friseur-mir-nie-verraten-hat\/\" aria-label=\"Mehr Informationen \u00fcber Ich habe meinen Tapered Haircut alle 3 Wochen nachschneiden lassen (was mein Friseur mir nie verraten hat)\">Lire plus<\/a><\/p>\n","protected":false},"author":1,"featured_media":12395,"comment_status":"","ping_status":"","sticky":false,"template":"","format":"standard","meta":{"footnotes":""},"categories":[48],"tags":[],"class_list":["post-12396","post","type-post","status-publish","format-standard","has-post-thumbnail","hentry","category-lebensstil"],"acf":[],"_yoast_wpseo_primary_category":null,"_yoast_wpseo_title":null,"_yoast_wpseo_metadesc":null,"_links":{"self":[{"href":"https:\/\/www.journee-mondiale.com\/de\/wp-json\/wp\/v2\/posts\/12396","targetHints":{"allow":["GET"]}}],"collection":[{"href":"https:\/\/www.journee-mondiale.com\/de\/wp-json\/wp\/v2\/posts"}],"about":[{"href":"https:\/\/www.journee-mondiale.com\/de\/wp-json\/wp\/v2\/types\/post"}],"author":[{"embeddable":true,"href":"https:\/\/www.journee-mondiale.com\/de\/wp-json\/wp\/v2\/users\/1"}],"replies":[{"embeddable":true,"href":"https:\/\/www.journee-mondiale.com\/de\/wp-json\/wp\/v2\/comments?post=12396"}],"version-history":[{"count":0,"href":"https:\/\/www.journee-mondiale.com\/de\/wp-json\/wp\/v2\/posts\/12396\/revisions"}],"wp:featuredmedia":[{"embeddable":true,"href":"https:\/\/www.journee-mondiale.com\/de\/wp-json\/wp\/v2\/media\/12395"}],"wp:attachment":[{"href":"https:\/\/www.journee-mondiale.com\/de\/wp-json\/wp\/v2\/media?parent=12396"}],"wp:term":[{"taxonomy":"category","embeddable":true,"href":"https:\/\/www.journee-mondiale.com\/de\/wp-json\/wp\/v2\/categories?post=12396"},{"taxonomy":"post_tag","embeddable":true,"href":"https:\/\/www.journee-mondiale.com\/de\/wp-json\/wp\/v2\/tags?post=12396"}],"curies":[{"name":"wp","href":"https:\/\/api.w.org\/{rel}","templated":true}]}}