{"id":12394,"date":"2025-03-10T18:24:24","date_gmt":"2025-03-10T17:24:24","guid":{"rendered":"https:\/\/www.journee-mondiale.com\/de\/die-5-schmeichelhaftesten-frisuren-fuer-frauen-ueber-50-mit-quadratischem-gesicht-fruehjahr-2025-edition\/"},"modified":"2025-03-10T18:24:24","modified_gmt":"2025-03-10T17:24:24","slug":"die-5-schmeichelhaftesten-frisuren-fuer-frauen-ueber-50-mit-quadratischem-gesicht-fruehjahr-2025-edition","status":"publish","type":"post","link":"https:\/\/www.journee-mondiale.com\/de\/die-5-schmeichelhaftesten-frisuren-fuer-frauen-ueber-50-mit-quadratischem-gesicht-fruehjahr-2025-edition\/","title":{"rendered":"Die 5 schmeichelhaftesten Frisuren f\u00fcr Frauen \u00fcber 50 mit quadratischem Gesicht (Fr\u00fchjahr 2025 Edition)"},"content":{"rendered":"<p>Mit dem Fr\u00fchling 2025 erwacht nicht nur die Natur zu neuem Leben \u2013 auch unsere Frisur verdient eine Auffrischung! Gerade Frauen \u00fcber 50 mit quadratischem Gesicht stehen vor der Herausforderung, einen Haarschnitt zu finden, der ihre markanten Z\u00fcge harmonisch betont. <strong>Quadratische Gesichtsformen<\/strong> zeichnen sich durch eine kr\u00e4ftige Kieferpartie, breite Wangenknochen und eine gerade Stirnlinie aus \u2013 wahre Charakterk\u00f6pfe, die mit dem richtigen Schnitt brillieren k\u00f6nnen.<\/p>\n<h2>Warum die richtige Frisur gerade jetzt so wichtig ist<\/h2>\n<p>Der Winter hat unseren Haaren zugesetzt. &#8222;Gerade zum Fr\u00fchlingsanfang ben\u00f6tigen wir Schnitte, die dem Haar neue Leichtigkeit verleihen und gleichzeitig die Gesichtsz\u00fcge optimal umschmeicheln&#8220;, erkl\u00e4rt <strong>Thomas Weigel<\/strong>, Creative Director beim renommierten Berliner Salon &#8222;Haarkunst&#8220;. Wie wichtig professionelle Beratung ist, zeigt sich besonders beim <a href=\"https:\/\/www.journee-mondiale.com\/de\/194\/tag-der-friseure.htm\" target=\"_blank\">Tag der Friseure<\/a>, der die Kunstfertigkeit dieses Handwerks w\u00fcrdigt.<\/p>\n<h2>Der verj\u00fcngende Layered Bob \u2013 Fr\u00fchlingsfrische f\u00fcr jedes Alter<\/h2>\n<p>Der <strong>Layered Bob<\/strong> ist wie ein ma\u00dfgeschneiderter Anzug f\u00fcr das quadratische Gesicht. Seine gestaffelten Schichten brechen die Strenge der geraden Linien und umschmeicheln die Kieferpartie. &#8222;Ein Bob mit weichen Layern wirkt wie ein nat\u00fcrlicher Weichzeichner f\u00fcr markante Gesichtsz\u00fcge&#8220;, verr\u00e4t Frisurenexpertin Claudia Sommer.<\/p>\n<h2>Seitlich gestylter Pony \u2013 der Blickfang des Fr\u00fchlings<\/h2>\n<p>Nichts verj\u00fcngt so unmittelbar wie ein <strong>seitlich fallender Pony<\/strong>. Er schafft eine diagonale Linie, die dem Gesicht optisch mehr L\u00e4nge verleiht. Diese Technik geh\u00f6rt zu den beliebtesten <a href=\"https:\/\/www.journee-mondiale.com\/de\/573\/anti-aging-tag.htm\" target=\"_blank\">Anti-Aging Tipps<\/a> in der Frisurengestaltung. Der Effekt ist verbl\u00fcffend \u2013 wie Sonnenstrahlen, die durch ein Fenster fallen und nur die sch\u00f6nsten Aspekte beleuchten.<\/p>\n<h2>Der moderne Shag \u2013 rebellisch und dennoch elegant<\/h2>\n<p>Der <strong>Modern Shag<\/strong> ist die Fr\u00fchlingsantwort auf den Wunsch nach Nat\u00fcrlichkeit mit Pfiff. Mit seinen vielen Texturschichten umspielt er die kantigen Z\u00fcge eines quadratischen Gesichts wie eine sanfte Brise. Seine Vielseitigkeit macht ihn zum perfekten Begleiter f\u00fcr den Wechsel in die w\u00e4rmere Jahreszeit.<\/p>\n<h3>Tipps f\u00fcr den perfekten Shag:<\/h3>\n<ul>\n<li>Viele weiche Schichten um das Gesicht herum<\/li>\n<li>Leichte Fransen, die in die L\u00e4ngen \u00fcbergehen<\/li>\n<li>Texturspray f\u00fcr den ultimativen Undone-Look<\/li>\n<\/ul>\n<h2>Der pflegeleichte French Bob \u2013 Pariser Chic f\u00fcr den Alltag<\/h2>\n<p>Der <strong>French Bob<\/strong> tr\u00e4gt die Essenz franz\u00f6sischer Eleganz in sich \u2013 m\u00fchelos schick und doch pr\u00e4zise geschnitten. Seine kinnlange Form mit den leicht nach innen gedrehten Spitzen umspielen die Kieferpartie sanft. F\u00fcr alle, die Wert auf Sch\u00f6nheit und Wohlbefinden legen, ist diese Frisur ein Gewinn im <a href=\"https:\/\/www.journee-mondiale.com\/de\/schonheit-und-wohlbefinden\/\" target=\"_blank\">Sch\u00f6nheit und Wohlbefinden<\/a> Repertoire.<\/p>\n<h2>Curtain Bangs \u2013 der Rahmen f\u00fcr Ihre sch\u00f6nsten Gesichtsz\u00fcge<\/h2>\n<p>Wie ein kunstvoll drapierter Vorhang rahmen <strong>Curtain Bangs<\/strong> das Gesicht ein und lenken den Blick sanft auf die Augen. &#8222;Sie sind die Poesie unter den Ponyarten \u2013 nie aufdringlich, immer schmeichelnd&#8220;, schw\u00e4rmt Styling-Expertin Mareike Pohl. Besonders wirkungsvoll: der Kontrast zur kantigen Kinnlinie.<\/p>\n<h3>Was Curtain Bangs f\u00fcr Ihr Gesicht tun:<\/h3>\n<ul>\n<li>Mildern die Strenge eines eckigen Gesichts<\/li>\n<li>Betonen die Augenpartie<\/li>\n<li>Schaffen eine weichere Silhouette<\/li>\n<\/ul>\n<h2>Farb-Akzente setzen \u2013 Highlights f\u00fcr den Fr\u00fchling<\/h2>\n<p>Die richtige Farbtechnik kann Wunder wirken! <strong>Balayage<\/strong> und sanfte Highlights setzen dreidimensionale Akzente und verleihen dem Haar zus\u00e4tzliche Bewegung. Wie Sonnenlicht, das auf Wellen tanzt, bringen sie Leben in jeden Schnitt und k\u00f6nnen durchaus <a href=\"https:\/\/www.journee-mondiale.com\/de\/302\/welttag-der-komplimente.htm\" target=\"_blank\">Komplimente f\u00fcr einen neuen Look<\/a> garantieren.<\/p>\n<h2>Selbstbewusstsein durch den richtigen Schnitt<\/h2>\n<p>Der perfekte Haarschnitt ist mehr als \u00c4sthetik \u2013 er ist ein Statement. Gerade zum <a href=\"https:\/\/www.journee-mondiale.com\/de\/255\/welttag-der-frau.htm\" target=\"_blank\">Welttag der Frau<\/a> wird deutlich: Die richtige Frisur kann das Selbstbewusstsein st\u00e4rken und uns daran erinnern, dass Sch\u00f6nheit keine Frage des Alters ist. Wie eine gute Freundin begleitet uns der passende Schnitt durch alle Lebenslagen \u2013 verl\u00e4sslich, aufmunternd und immer bereit, unser bestes Selbst zu zeigen.<\/p>\n","protected":false},"excerpt":{"rendered":"<p>Mit dem Fr\u00fchling 2025 erwacht nicht nur die Natur zu neuem Leben \u2013 auch unsere Frisur verdient eine Auffrischung! Gerade Frauen \u00fcber 50 mit quadratischem Gesicht stehen vor der Herausforderung, einen Haarschnitt zu finden, der ihre markanten Z\u00fcge harmonisch betont. Quadratische Gesichtsformen zeichnen sich durch eine kr\u00e4ftige Kieferpartie, breite Wangenknochen und eine gerade Stirnlinie aus &#8230; <a title=\"Die 5 schmeichelhaftesten Frisuren f\u00fcr Frauen \u00fcber 50 mit quadratischem Gesicht (Fr\u00fchjahr 2025 Edition)\" class=\"read-more\" href=\"https:\/\/www.journee-mondiale.com\/de\/die-5-schmeichelhaftesten-frisuren-fuer-frauen-ueber-50-mit-quadratischem-gesicht-fruehjahr-2025-edition\/\" aria-label=\"Mehr Informationen \u00fcber Die 5 schmeichelhaftesten Frisuren f\u00fcr Frauen \u00fcber 50 mit quadratischem Gesicht (Fr\u00fchjahr 2025 Edition)\">Lire plus<\/a><\/p>\n","protected":false},"author":1,"featured_media":12393,"comment_status":"","ping_status":"","sticky":false,"template":"","format":"standard","meta":{"footnotes":""},"categories":[48],"tags":[],"class_list":["post-12394","post","type-post","status-publish","format-standard","has-post-thumbnail","hentry","category-lebensstil"],"acf":[],"_yoast_wpseo_primary_category":null,"_yoast_wpseo_title":null,"_yoast_wpseo_metadesc":null,"_links":{"self":[{"href":"https:\/\/www.journee-mondiale.com\/de\/wp-json\/wp\/v2\/posts\/12394","targetHints":{"allow":["GET"]}}],"collection":[{"href":"https:\/\/www.journee-mondiale.com\/de\/wp-json\/wp\/v2\/posts"}],"about":[{"href":"https:\/\/www.journee-mondiale.com\/de\/wp-json\/wp\/v2\/types\/post"}],"author":[{"embeddable":true,"href":"https:\/\/www.journee-mondiale.com\/de\/wp-json\/wp\/v2\/users\/1"}],"replies":[{"embeddable":true,"href":"https:\/\/www.journee-mondiale.com\/de\/wp-json\/wp\/v2\/comments?post=12394"}],"version-history":[{"count":0,"href":"https:\/\/www.journee-mondiale.com\/de\/wp-json\/wp\/v2\/posts\/12394\/revisions"}],"wp:featuredmedia":[{"embeddable":true,"href":"https:\/\/www.journee-mondiale.com\/de\/wp-json\/wp\/v2\/media\/12393"}],"wp:attachment":[{"href":"https:\/\/www.journee-mondiale.com\/de\/wp-json\/wp\/v2\/media?parent=12394"}],"wp:term":[{"taxonomy":"category","embeddable":true,"href":"https:\/\/www.journee-mondiale.com\/de\/wp-json\/wp\/v2\/categories?post=12394"},{"taxonomy":"post_tag","embeddable":true,"href":"https:\/\/www.journee-mondiale.com\/de\/wp-json\/wp\/v2\/tags?post=12394"}],"curies":[{"name":"wp","href":"https:\/\/api.w.org\/{rel}","templated":true}]}}