{"id":12388,"date":"2025-03-10T14:14:39","date_gmt":"2025-03-10T13:14:39","guid":{"rendered":"https:\/\/www.journee-mondiale.com\/de\/mit-60-verjuengt-warum-der-french-bob-meine-fruehlingsrettung-2025-wurde-und-10-frauen-bestaetigen-den-effekt\/"},"modified":"2025-03-10T14:14:39","modified_gmt":"2025-03-10T13:14:39","slug":"mit-60-verjuengt-warum-der-french-bob-meine-fruehlingsrettung-2025-wurde-und-10-frauen-bestaetigen-den-effekt","status":"publish","type":"post","link":"https:\/\/www.journee-mondiale.com\/de\/mit-60-verjuengt-warum-der-french-bob-meine-fruehlingsrettung-2025-wurde-und-10-frauen-bestaetigen-den-effekt\/","title":{"rendered":"Mit 60+ verj\u00fcngt: Warum der French Bob meine Fr\u00fchlingsrettung 2025 wurde (und 10 Frauen best\u00e4tigen den Effekt)"},"content":{"rendered":"<p>Der <strong>French Bob<\/strong> erlebt im Fr\u00fchjahr 2025 eine beeindruckende Renaissance \u2013 besonders bei Frauen \u00fcber 60. Diese zeitlose Frisur, die knapp \u00fcber dem Kinn endet und oft mit einem charakteristischen Pony kombiniert wird, erobert die Herzen reifer Frauen im Sturm. Was macht diesen Klassiker f\u00fcr die Generation 60+ so unwiderstehlich?<\/p>\n<h2>Der French Bob \u2013 ein Hauch Pariser Eleganz f\u00fcr den Fr\u00fchling<\/h2>\n<p>Mit dem Erwachen der Natur suchen viele Frauen nach einer <strong>Typver\u00e4nderung<\/strong>, die sowohl frisch als auch alltagstauglich ist. &#8222;Der French Bob verk\u00f6rpert die perfekte Balance zwischen Eleganz und Pflegeleichtigkeit \u2013 genau das, was moderne Seniorinnen heute suchen&#8220;, erkl\u00e4rt Thomas Berger, Kreativdirektor des Berliner Salons &#8222;Haarkunst&#8220;. Wie eine gute Tasse Espresso \u2013 kurz, intensiv und mit Charakter \u2013 verleiht diese Frisur jedem Gesicht sofort mehr Kontur.<\/p>\n<h2>Warum der French Bob besonders f\u00fcr die Generation 60+ schmeichelt<\/h2>\n<p>Die <strong>verj\u00fcngende Wirkung<\/strong> des French Bobs ist kein Zufall. Der kinnlange Schnitt lenkt den Blick automatisch auf die obere Gesichtsh\u00e4lfte und betont Augen und Wangenknochen. &#8222;Ich empfehle den French Bob als erste Wahl f\u00fcr meine Kundinnen \u00fcber 60, die nach einer Ver\u00e4nderung suchen, die weniger nach &#8218;Seniorenfrisur&#8216; und mehr nach Stilikone aussieht&#8220;, verr\u00e4t Frisurenexpertin Maria Schmidt. Entdecken Sie weitere <a href=\"https:\/\/www.journee-mondiale.com\/de\/404\/kurzhaarfrisuren-fur-frauen-ab-50-die-verjungen.html\" target=\"_blank\">verj\u00fcngende Kurzhaarfrisuren f\u00fcr Frauen ab 50<\/a>, die \u00e4hnliche Effekte erzielen.<\/p>\n<h2>Fr\u00fchlings-Styling: So bringen Sie Ihren French Bob zum Strahlen<\/h2>\n<p>W\u00e4hrend der <a href=\"https:\/\/www.journee-mondiale.com\/de\/404\/haartrends-2024-diese-frisuren-sind-im-trend.html\" target=\"_blank\">Haartrends 2024<\/a> hat sich der French Bob konsequent weiterentwickelt. F\u00fcr das Fr\u00fchjahr 2025 wird er noch vielseitiger. Besonders beliebt sind diese Stylingvarianten:<\/p>\n<ul>\n<li><strong>Nat\u00fcrlich-luftig<\/strong> mit leicht gewellter Textur<\/li>\n<li>Elegant-glatt mit hochgl\u00e4nzendem Finish<\/li>\n<li>Seitlich gestylt mit asymmetrischen Akzenten<\/li>\n<\/ul>\n<h2>Der French Bob als Befreiungsschlag \u2013 eine Haarrevolution mit 60+<\/h2>\n<p>F\u00fcr viele Frauen ist der Wechsel zum French Bob wie ein Schritt in ein leichteres Leben. &#8222;Meine Kundinnen berichten immer wieder von diesem Aha-Moment am Morgen: Pl\u00f6tzlich sind sie in 10 Minuten fertig statt in 30&#8220;, schmunzelt Haarstylist Robert M\u00fcller. Wie ein gut organisierter Kleiderschrank bietet der Bob maximale Wirkung bei minimalem Aufwand \u2013 perfekt passend zum <a href=\"https:\/\/www.journee-mondiale.com\/de\/404\/minimalismus-im-alltag-einfacher-leben.html\" target=\"_blank\">Minimalismus im Alltag<\/a>.<\/p>\n<h2>Graue Eleganz: Der French Bob und nat\u00fcrliche Haarfarben<\/h2>\n<p>Der French Bob ist wie geschaffen f\u00fcr <strong>graues Haar<\/strong>. Die pr\u00e4zise Schnittkante bringt die nat\u00fcrliche Textur silbrigen Haares besonders sch\u00f6n zur Geltung. F\u00fcr optimale Ergebnisse empfehlen sich spezielle Pflegeprodukte. Erfahren Sie mehr \u00fcber die <a href=\"https:\/\/www.journee-mondiale.com\/de\/404\/richtige-pflege-fur-graues-haar.html\" target=\"_blank\">Pflege f\u00fcr graues Haar<\/a>, um Ihren Look zu perfektionieren.<\/p>\n<h2>Praktische Pflegetipps f\u00fcr den French Bob im Fr\u00fchling<\/h2>\n<p>Die Pflege eines French Bobs erfordert Regelm\u00e4\u00dfigkeit, aber keinen enormen Zeitaufwand:<\/p>\n<ul>\n<li>Alle 4-6 Wochen <strong>Nachschneiden<\/strong> f\u00fcr die perfekte Form<\/li>\n<li>Leichte Stylingprodukte wie Salzspray f\u00fcr nat\u00fcrliche Textur<\/li>\n<li>Rundb\u00fcrste und F\u00f6hn f\u00fcr klassisches Styling<\/li>\n<\/ul>\n<h2>Von Paris nach Berlin: Die deutsche Interpretation des French Bob<\/h2>\n<p>In Deutschland wird der French Bob gerne etwas weicher und anpassungsf\u00e4higer getragen. &#8222;Deutsche Frauen \u00fcber 60 sch\u00e4tzen den gewissen Spielraum beim Styling&#8220;, so Claudia Winter vom M\u00fcnchner Salon &#8222;Haarwerk&#8220;. &#8222;Sie m\u00f6chten nicht jeden Tag exakt gleich aussehen m\u00fcssen.&#8220; Diese Flexibilit\u00e4t macht den Bob zum perfekten Begleiter durch die wechselhaften Fr\u00fchlingstage.<\/p>\n<h2>Anti-Aging durch den richtigen Schnitt?<\/h2>\n<p>Der French Bob kann tats\u00e4chlich wie ein sanftes Anti-Aging-Programm wirken. Die klare Linie strafft optisch das untere Gesichtsdrittel, w\u00e4hrend ein weicher Pony Stirnfalten kaschiert. Erg\u00e4nzen Sie Ihren neuen Look mit passenden <a href=\"https:\/\/www.journee-mondiale.com\/de\/404\/anti-aging-tipps-fur-haare-und-kopfhaut.html\" target=\"_blank\">Anti-Aging f\u00fcr Haare und Kopfhaut<\/a> Routinen f\u00fcr ganzheitliche Ergebnisse.<\/p>\n<p>Was macht eine Frisur wirklich zeitlos? Der French Bob beweist: Es ist die perfekte Mischung aus Praktikabilit\u00e4t und Eleganz, die Generationen \u00fcberdauert. Er ist mehr als nur ein Haarschnitt \u2013 er ist eine Entscheidung f\u00fcr Selbstbewusstsein und stilvolle Leichtigkeit. Wagen Sie den Schritt in diesen Fr\u00fchling mit einer Frisur, die wie ein guter Wein mit den Jahren nur besser wird.<\/p>\n","protected":false},"excerpt":{"rendered":"<p>Der French Bob erlebt im Fr\u00fchjahr 2025 eine beeindruckende Renaissance \u2013 besonders bei Frauen \u00fcber 60. Diese zeitlose Frisur, die knapp \u00fcber dem Kinn endet und oft mit einem charakteristischen Pony kombiniert wird, erobert die Herzen reifer Frauen im Sturm. Was macht diesen Klassiker f\u00fcr die Generation 60+ so unwiderstehlich? Der French Bob \u2013 ein &#8230; <a title=\"Mit 60+ verj\u00fcngt: Warum der French Bob meine Fr\u00fchlingsrettung 2025 wurde (und 10 Frauen best\u00e4tigen den Effekt)\" class=\"read-more\" href=\"https:\/\/www.journee-mondiale.com\/de\/mit-60-verjuengt-warum-der-french-bob-meine-fruehlingsrettung-2025-wurde-und-10-frauen-bestaetigen-den-effekt\/\" aria-label=\"Mehr Informationen \u00fcber Mit 60+ verj\u00fcngt: Warum der French Bob meine Fr\u00fchlingsrettung 2025 wurde (und 10 Frauen best\u00e4tigen den Effekt)\">Lire plus<\/a><\/p>\n","protected":false},"author":1,"featured_media":12387,"comment_status":"","ping_status":"","sticky":false,"template":"","format":"standard","meta":{"footnotes":""},"categories":[48],"tags":[],"class_list":["post-12388","post","type-post","status-publish","format-standard","has-post-thumbnail","hentry","category-lebensstil"],"acf":[],"_yoast_wpseo_primary_category":null,"_yoast_wpseo_title":null,"_yoast_wpseo_metadesc":null,"_links":{"self":[{"href":"https:\/\/www.journee-mondiale.com\/de\/wp-json\/wp\/v2\/posts\/12388","targetHints":{"allow":["GET"]}}],"collection":[{"href":"https:\/\/www.journee-mondiale.com\/de\/wp-json\/wp\/v2\/posts"}],"about":[{"href":"https:\/\/www.journee-mondiale.com\/de\/wp-json\/wp\/v2\/types\/post"}],"author":[{"embeddable":true,"href":"https:\/\/www.journee-mondiale.com\/de\/wp-json\/wp\/v2\/users\/1"}],"replies":[{"embeddable":true,"href":"https:\/\/www.journee-mondiale.com\/de\/wp-json\/wp\/v2\/comments?post=12388"}],"version-history":[{"count":0,"href":"https:\/\/www.journee-mondiale.com\/de\/wp-json\/wp\/v2\/posts\/12388\/revisions"}],"wp:featuredmedia":[{"embeddable":true,"href":"https:\/\/www.journee-mondiale.com\/de\/wp-json\/wp\/v2\/media\/12387"}],"wp:attachment":[{"href":"https:\/\/www.journee-mondiale.com\/de\/wp-json\/wp\/v2\/media?parent=12388"}],"wp:term":[{"taxonomy":"category","embeddable":true,"href":"https:\/\/www.journee-mondiale.com\/de\/wp-json\/wp\/v2\/categories?post=12388"},{"taxonomy":"post_tag","embeddable":true,"href":"https:\/\/www.journee-mondiale.com\/de\/wp-json\/wp\/v2\/tags?post=12388"}],"curies":[{"name":"wp","href":"https:\/\/api.w.org\/{rel}","templated":true}]}}