{"id":12386,"date":"2025-03-10T11:11:11","date_gmt":"2025-03-10T10:11:11","guid":{"rendered":"https:\/\/www.journee-mondiale.com\/de\/diese-stadt-bewahrt-die-wiege-der-deutschen-freiheitsbewegung-250-jahre-alte-barockschaetze-zwischen-rhein-und-schwarzwald\/"},"modified":"2025-03-10T11:11:11","modified_gmt":"2025-03-10T10:11:11","slug":"diese-stadt-bewahrt-die-wiege-der-deutschen-freiheitsbewegung-250-jahre-alte-barockschaetze-zwischen-rhein-und-schwarzwald","status":"publish","type":"post","link":"https:\/\/www.journee-mondiale.com\/de\/diese-stadt-bewahrt-die-wiege-der-deutschen-freiheitsbewegung-250-jahre-alte-barockschaetze-zwischen-rhein-und-schwarzwald\/","title":{"rendered":"Diese Stadt bewahrt die Wiege der deutschen Freiheitsbewegung (250 Jahre alte Barocksch\u00e4tze zwischen Rhein und Schwarzwald)"},"content":{"rendered":"<h2>Eine Stadt der Freiheitsdenker: Offenburgs verborgene Geschichten<\/h2>\n<p>Im s\u00fcdbadischen Offenburg atmet man Geschichte mit jedem Schritt. Die ehemalige Reichsstadt mit ihren 60.000 Einwohnern verzaubert nicht durch monumentale Prachtbauten, sondern durch ihre authentische Atmosph\u00e4re und \u00fcberraschende Geschichten. &#8222;Offenburg ist wie ein aufgeschlagenes Geschichtsbuch, in dem jede Ecke eine neue Erz\u00e4hlung birgt&#8220;, schw\u00e4rmt Martin Weber, Stadtf\u00fchrer und Historiker. Die Stadt, die einst die revolution\u00e4ren &#8222;Offenburger Forderungen&#8220; hervorbrachte, vereint heute barocken Charme mit moderner Lebensart \u2013 ein Juwel zwischen Rheinebene und Schwarzwald.<\/p>\n<h2>Wo die badische Revolution begann<\/h2>\n<p>In Offenburg wurden 1847 die &#8222;Offenburger Forderungen&#8220; formuliert \u2013 ein Meilenstein auf dem Weg zur deutschen Demokratie. Das <a href=\"https:\/\/www.journee-mondiale.com\/de\/diese-stadt-bewahrt-die-geburtsstaette-des-beruehmtesten-freiheitsdenkers-deutschlands-250-historische-fachwerkhaeuser-aus-dem-18-jahrhundert\/\" target=\"_blank\">kulturelle Highlight in Baden-W\u00fcrttemberg<\/a> l\u00e4sst sich im Museum im Ritterhaus erkunden. &#8222;Viele Besucher sind \u00fcberrascht, wie bedeutend unsere kleine Stadt f\u00fcr die Freiheitsbewegung war&#8220;, erz\u00e4hlt Museumsleiterin Sandra Klein. Das imposante Geb\u00e4ude beherbergt au\u00dferdem faszinierende Sammlungen zur Stadt- und Naturgeschichte.<\/p>\n<h2>Barocke Zeitreise durch die Altstadt<\/h2>\n<p>Die Offenburger Altstadt verzaubert mit ihren kopfsteingepflasterten Gassen und liebevoll restaurierten Barockgeb\u00e4uden. Nach einem verheerenden Stadtbrand im 17. Jahrhundert im einheitlichen Stil wiederaufgebaut, bildet sie heute ein harmonisches Ensemble. Besonders sehenswert: das pr\u00e4chtige Rathaus mit seinem charakteristischen Zwiebelturm und der historische K\u00f6nigshof. Die Altstadt reiht sich w\u00fcrdig ein in die Perlenkette <a href=\"https:\/\/www.journee-mondiale.com\/de\/diese-stadt-im-teutoburger-wald-bewahrt-250-renaissance-schaetze-auf-wenigen-quadratkilometern-das-klein-heidelberg-des-nordens-verzaubert-kenner\/\" target=\"_blank\">historischer St\u00e4dte Deutschlands<\/a>.<\/p>\n<h2>Weinseligkeit zwischen Reben und Rebhuhn<\/h2>\n<p>Die Ortenau geh\u00f6rt zu Deutschlands sonnenverw\u00f6hnten Weinregionen. Wer Offenburg besucht, sollte unbedingt eine Weinprobe im Ortenauer Weingut oder bei Pieper Basler einplanen. &#8222;Unser Riesling und Sp\u00e4tburgunder spiegeln die besondere Mineralit\u00e4t unserer B\u00f6den wider&#8220;, erkl\u00e4rt Winzerin Claudia Brenner. Im Sp\u00e4tsommer verwandelt das Ortenauer Weinfest die Innenstadt in eine ausgelassene Feiermeile, bei der Einheimische und Besucher gemeinsam die Qualit\u00e4t der Jahrg\u00e4nge erkunden.<\/p>\n<h2>Gr\u00fcne Oasen f\u00fcr Entspannungssuchende<\/h2>\n<p>\u00dcberraschend vielf\u00e4ltig sind Offenburgs Naturerlebnisse. Der idyllische Strandbad Gifizsee lockt mit seinen Sandstr\u00e4nden und schattigen Liegewiesen. Der malerische Burgerwaldsee bietet eine willkommene Abk\u00fchlung an hei\u00dfen Sommertagen. Ein besonderes Erlebnis ist der Barfu\u00df-Pfad, auf dem Besucher die Natur mit allen Sinnen erfahren k\u00f6nnen. F\u00fcr Abenteuerlustige bieten sich zudem zahlreiche <a href=\"https:\/\/www.journee-mondiale.com\/de\/dieser-versteckte-suesswassersee-ist-frankreichs-groesstes-natuerliches-juwel-5667-quadratkilometer-unberuehrtes-paradies-zwischen-atlantik-und-weinbergen\/\" target=\"_blank\">Naturerlebnisse in der Region<\/a> an.<\/p>\n<h2>Melodien im mittelalterlichen Gem\u00e4uer<\/h2>\n<p>Die Offenburger Kreuzgangkonzerte geh\u00f6ren zu den atmosph\u00e4rischsten Kulturveranstaltungen der Region. Im historischen Kreuzgang des ehemaligen Kapuzinerklosters erklingen Kammermusik und Vokalensembles, deren Kl\u00e4nge vom alten Gem\u00e4uer magisch verst\u00e4rkt werden. &#8222;Die Akustik ist einzigartig&#8220;, schw\u00e4rmt Konzertveranstalterin Maria Lehmann. &#8222;Wenn die Abendsonne durch die alten Bogenfenster f\u00e4llt und die Musik den Raum erf\u00fcllt, entsteht ein fast mystisches Erlebnis.&#8220;<\/p>\n<h2>Kulinarische Entdeckungsreise durch Baden<\/h2>\n<p>Offenburgs K\u00fcche ist ein Fest f\u00fcr Genie\u00dfer. In gem\u00fctlichen Weinstuben und modernen Restaurants werden traditionelle badische Spezialit\u00e4ten wie Sch\u00e4ufele, Maultaschen und Flammkuchen serviert. Unbedingt probieren sollte man die lokale Spezialit\u00e4t &#8222;Badische Schnecken&#8220; \u2013 nicht die Kriechtiere, sondern k\u00f6stliche Zimtschnecken mit Rosinen. Dazu ein Glas Ortenauer Wein \u2013 perfekter kann badischer Genuss kaum sein.<\/p>\n<h2>Ausfl\u00fcge ins Umland: Zwischen Schwarzwald und Elsass<\/h2>\n<p>Offenburg eignet sich hervorragend als Basis f\u00fcr Erkundungen. Der Schwarzwald mit seinen Wanderwegen und Ausflugszielen liegt vor der Haust\u00fcr. Ebenso lohnenswert ist ein Abstecher in die <a href=\"https:\/\/www.journee-mondiale.com\/de\/dieses-mittelalterliche-dorf-mit-vollstaendig-erhaltener-stadtmauer-aus-dem-14-jahrhundert-wurde-zum-schoensten-ort-frankreichs-2022-gewaehlt-verstecktes-juwel-im-elsass\/\" target=\"_blank\">els\u00e4ssische Nachbarregion<\/a> mit ihren malerischen D\u00f6rfern. Nach einem Tag voller Eindr\u00fccke l\u00e4sst sich der Abend wunderbar in einer der zahlreichen Weinstuben Offenburgs ausklingen lassen.<\/p>\n<h2>Heilsames Klima zur Erholung<\/h2>\n<p>Das milde Klima Offenburgs macht die Stadt ganzj\u00e4hrig zu einem angenehmen Reiseziel. Besonders der Fr\u00fchling und Herbst verzaubern mit milden Temperaturen und farbenpr\u00e4chtiger Natur. Im Winter verwandelt der Weihnachtsmarkt die Innenstadt in ein stimmungsvolles Lichtermeer. Wer Erholung sucht, findet hier ein angenehmes Klima \u2013 eine Alternative zu den bekannten <a href=\"https:\/\/www.journee-mondiale.com\/de\/diese-kurstadt-im-harz-beherbergt-eine-einzigartige-jugendstil-oase-mit-heilklimatischer-luft-ausgezeichnet-als-top-kurort-2025\/\" target=\"_blank\">Kurorten im Harz<\/a>.<\/p>\n<p>Wer Offenburg besucht, entdeckt eine Stadt, die ihre Geschichte lebendig h\u00e4lt und gleichzeitig entspannt in der Gegenwart lebt. Hier verschmelzen badische Gem\u00fctlichkeit, kultureller Reichtum und kulinarische Tradition zu einem Erlebnis, das in Erinnerung bleibt \u2013 lange nachdem der letzte Schluck Ortenauer Wein genossen wurde.<\/p>\n","protected":false},"excerpt":{"rendered":"<p>Eine Stadt der Freiheitsdenker: Offenburgs verborgene Geschichten Im s\u00fcdbadischen Offenburg atmet man Geschichte mit jedem Schritt. Die ehemalige Reichsstadt mit ihren 60.000 Einwohnern verzaubert nicht durch monumentale Prachtbauten, sondern durch ihre authentische Atmosph\u00e4re und \u00fcberraschende Geschichten. &#8222;Offenburg ist wie ein aufgeschlagenes Geschichtsbuch, in dem jede Ecke eine neue Erz\u00e4hlung birgt&#8220;, schw\u00e4rmt Martin Weber, Stadtf\u00fchrer und &#8230; <a title=\"Diese Stadt bewahrt die Wiege der deutschen Freiheitsbewegung (250 Jahre alte Barocksch\u00e4tze zwischen Rhein und Schwarzwald)\" class=\"read-more\" href=\"https:\/\/www.journee-mondiale.com\/de\/diese-stadt-bewahrt-die-wiege-der-deutschen-freiheitsbewegung-250-jahre-alte-barockschaetze-zwischen-rhein-und-schwarzwald\/\" aria-label=\"Mehr Informationen \u00fcber Diese Stadt bewahrt die Wiege der deutschen Freiheitsbewegung (250 Jahre alte Barocksch\u00e4tze zwischen Rhein und Schwarzwald)\">Lire plus<\/a><\/p>\n","protected":false},"author":1,"featured_media":12385,"comment_status":"","ping_status":"","sticky":false,"template":"","format":"standard","meta":{"footnotes":""},"categories":[49],"tags":[],"class_list":["post-12386","post","type-post","status-publish","format-standard","has-post-thumbnail","hentry","category-reisen"],"acf":[],"_yoast_wpseo_primary_category":null,"_yoast_wpseo_title":null,"_yoast_wpseo_metadesc":null,"_links":{"self":[{"href":"https:\/\/www.journee-mondiale.com\/de\/wp-json\/wp\/v2\/posts\/12386","targetHints":{"allow":["GET"]}}],"collection":[{"href":"https:\/\/www.journee-mondiale.com\/de\/wp-json\/wp\/v2\/posts"}],"about":[{"href":"https:\/\/www.journee-mondiale.com\/de\/wp-json\/wp\/v2\/types\/post"}],"author":[{"embeddable":true,"href":"https:\/\/www.journee-mondiale.com\/de\/wp-json\/wp\/v2\/users\/1"}],"replies":[{"embeddable":true,"href":"https:\/\/www.journee-mondiale.com\/de\/wp-json\/wp\/v2\/comments?post=12386"}],"version-history":[{"count":0,"href":"https:\/\/www.journee-mondiale.com\/de\/wp-json\/wp\/v2\/posts\/12386\/revisions"}],"wp:featuredmedia":[{"embeddable":true,"href":"https:\/\/www.journee-mondiale.com\/de\/wp-json\/wp\/v2\/media\/12385"}],"wp:attachment":[{"href":"https:\/\/www.journee-mondiale.com\/de\/wp-json\/wp\/v2\/media?parent=12386"}],"wp:term":[{"taxonomy":"category","embeddable":true,"href":"https:\/\/www.journee-mondiale.com\/de\/wp-json\/wp\/v2\/categories?post=12386"},{"taxonomy":"post_tag","embeddable":true,"href":"https:\/\/www.journee-mondiale.com\/de\/wp-json\/wp\/v2\/tags?post=12386"}],"curies":[{"name":"wp","href":"https:\/\/api.w.org\/{rel}","templated":true}]}}