{"id":12384,"date":"2025-03-10T10:37:34","date_gmt":"2025-03-10T09:37:34","guid":{"rendered":"https:\/\/www.journee-mondiale.com\/de\/diese-5-zeitlosen-modetrends-begleiten-uns-durch-den-fruehling-2025-und-tun-der-umwelt-gut\/"},"modified":"2025-03-10T10:37:34","modified_gmt":"2025-03-10T09:37:34","slug":"diese-5-zeitlosen-modetrends-begleiten-uns-durch-den-fruehling-2025-und-tun-der-umwelt-gut","status":"publish","type":"post","link":"https:\/\/www.journee-mondiale.com\/de\/diese-5-zeitlosen-modetrends-begleiten-uns-durch-den-fruehling-2025-und-tun-der-umwelt-gut\/","title":{"rendered":"Diese 5 zeitlosen Modetrends begleiten uns durch den Fr\u00fchling 2025 (und tun der Umwelt gut)"},"content":{"rendered":"<p>Der Fr\u00fchling 2025 l\u00e4utet die perfekte Zeit ein, um unseren Kleiderschrank zu \u00fcberdenken. Statt kurzlebigen Trends zu folgen, setzen immer mehr Deutsche auf <strong>zeitlose Modest\u00fccke<\/strong>, die uns \u00fcber Jahre begleiten. Diese Timeless Fashion Pieces verk\u00f6rpern nicht nur Stil, sondern auch Nachhaltigkeit \u2013 ein Wert, der in unserer Gesellschaft zunehmend an Bedeutung gewinnt.<\/p>\n<h2>Die Renaissance des Vintage-Looks<\/h2>\n<p>Der Fr\u00fchling 2025 bringt eine wahre Renaissance des Vintage-Looks. Elemente aus vergangenen Jahrzehnten erleben ein Comeback, allerdings mit modernem Twist. &#8222;Der aktuelle Trend ist eine Hommage an die Vergangenheit, aber mit nachhaltigen Materialien und zeitgem\u00e4\u00dfen Schnitten neu interpretiert&#8220;, erkl\u00e4rt <strong>Modedesignerin<\/strong> Dr. Claudia Banz, die sich auf nachhaltige Mode spezialisiert hat.<\/p>\n<h2>Quiet Luxury: Die stille Revolution<\/h2>\n<p>Ein besonders faszinierender Trend ist Quiet Luxury \u2013 zur\u00fcckhaltende Eleganz mit neutralen Farben und <strong>klassischen Silhouetten<\/strong>. Diese Bewegung steht im direkten Kontrast zur lauten Logo-Mode vergangener Jahre. Stattdessen setzt man auf hochwertige Materialien und zeitlose Schnitte, die f\u00fcr sich selbst sprechen. <a href=\"https:\/\/www.journee-mondiale.com\/de\/category\/lebensstil\/\" target=\"_blank\">Lebensstil-Trends<\/a> zeigen, dass diese \u00c4sthetik weit \u00fcber die Mode hinausgeht.<\/p>\n<h2>Nachhaltigkeit als Kaufkriterium<\/h2>\n<p>Die Zeiten des gedankenlosen Konsums sind vorbei. &#8222;Nachhaltigkeit in der Mode ist nicht nur ein Trend, sondern eine Notwendigkeit&#8220;, betont <strong>Prof. Dr. Martina Frenzel<\/strong>, Expertin f\u00fcr Mode und Nachhaltigkeit. Deutsche Konsumenten hinterfragen zunehmend, woher ihre Kleidung stammt und unter welchen Bedingungen sie produziert wurde.<\/p>\n<h2>Die Essentials im Fr\u00fchling 2025<\/h2>\n<p>Diese zeitlosen St\u00fccke sollten in keinem Kleiderschrank fehlen:<\/p>\n<ul>\n<li>Ein perfekt sitzender <strong>Trenchcoat<\/strong> f\u00fcr launische Fr\u00fchlingstage<\/li>\n<li>Hochwertige <strong>Denim<\/strong> mit klassischem Schnitt<\/li>\n<li>Eine gut geschnittene <strong>Bluse<\/strong> aus nat\u00fcrlichen Materialien<\/li>\n<\/ul>\n<h2>Second-Hand als First Choice<\/h2>\n<p>Die Jagd nach Vintage-Sch\u00e4tzen gleicht einer Schatzsuche \u2013 man wei\u00df nie, welche Perlen man entdeckt. In Deutschland boomen <strong>Second-Hand-Boutiquen<\/strong> und Online-Plattformen f\u00fcr gebrauchte Mode. Besonders in urbanen Zentren wie Berlin und Hamburg haben sich regelrechte Vintage-Communities gebildet, die sich \u00fcber ihre neuesten Fundst\u00fccke austauschen.<\/p>\n<h2>Praktische Styling-Tipps f\u00fcr Zeitloses<\/h2>\n<p>Um das Beste aus zeitlosen St\u00fccken herauszuholen:<\/p>\n<ul>\n<li>Investieren Sie in <strong>hochwertige Basics<\/strong> mit perfekter Passform<\/li>\n<li>Kombinieren Sie Alt mit Neu f\u00fcr einen individuellen Look<\/li>\n<li>Achten Sie auf <strong>vielseitige Farbpaletten<\/strong>, die sich leicht mischen lassen<\/li>\n<\/ul>\n<p><a href=\"https:\/\/www.journee-mondiale.com\/de\/category\/reisen\/\" target=\"_blank\">Reise-Inspirationen<\/a> zeigen, wie zeitlose St\u00fccke praktisch auf Reisen sind \u2013 sie lassen sich vielseitig kombinieren und bleiben stilvoll, egal wohin der Weg f\u00fchrt.<\/p>\n<h2>Die deutsche Modelandschaft im Wandel<\/h2>\n<p>&#8222;Zeitlose Mode ist wie ein gut komponiertes Musikst\u00fcck \u2013 sie bewegt dich immer wieder aufs Neue&#8220;, sagt <strong>Saskia Diez<\/strong>, renommierte Designerin. Die deutsche Modelandschaft wandelt sich: Statt Fast-Fashion-Ketten dominieren zunehmend Labels mit <strong>nachhaltigem Ethos<\/strong> und zeitlosem Design. <a href=\"https:\/\/www.journee-mondiale.com\/de\/juridisk-informationen\/\" target=\"_blank\">Nachhaltige Modepraktiken<\/a> werden dabei immer wichtiger f\u00fcr Verbraucher.<\/p>\n<h2>Zeitlose Eleganz f\u00fcr alle Generationen<\/h2>\n<p>Was zeitlose Mode so besonders macht: Sie verbindet Generationen. W\u00e4hrend meine Gro\u00dfmutter ihren klassischen Wollmantel liebte, trage ich heute eine <strong>moderne Interpretation<\/strong> davon. Wie ein roter Faden zieht sich diese Form der Eleganz durch die Zeiten \u2013 <a href=\"https:\/\/www.journee-mondiale.com\/de\/geschichte-der-welttage\/\" target=\"_blank\">Mode im historischen Kontext<\/a> zeigt uns, dass wahre Klassiker nie aus der Mode kommen.<\/p>\n<h2>Wie gestaltest du deinen zeitlosen Stil?<\/h2>\n<p>Die wahre Kunst des zeitlosen Stils liegt nicht in blinder Nachahmung, sondern in der pers\u00f6nlichen Interpretation. Ein gut durchdachter Kleiderschrank mit <strong>qualitativ hochwertigen Basics<\/strong> ist wie ein solides Fundament, auf dem du deinen individuellen Stil aufbauen kannst. Vielleicht entdeckst du ja bald dein n\u00e4chstes Lieblingsteil bei <a href=\"https:\/\/www.journee-mondiale.com\/de\/\" target=\"_blank\">Aktuelle Modetrends<\/a> \u2013 eines, das dich jahrelang begleiten wird.<\/p>\n","protected":false},"excerpt":{"rendered":"<p>Der Fr\u00fchling 2025 l\u00e4utet die perfekte Zeit ein, um unseren Kleiderschrank zu \u00fcberdenken. Statt kurzlebigen Trends zu folgen, setzen immer mehr Deutsche auf zeitlose Modest\u00fccke, die uns \u00fcber Jahre begleiten. Diese Timeless Fashion Pieces verk\u00f6rpern nicht nur Stil, sondern auch Nachhaltigkeit \u2013 ein Wert, der in unserer Gesellschaft zunehmend an Bedeutung gewinnt. Die Renaissance des &#8230; <a title=\"Diese 5 zeitlosen Modetrends begleiten uns durch den Fr\u00fchling 2025 (und tun der Umwelt gut)\" class=\"read-more\" href=\"https:\/\/www.journee-mondiale.com\/de\/diese-5-zeitlosen-modetrends-begleiten-uns-durch-den-fruehling-2025-und-tun-der-umwelt-gut\/\" aria-label=\"Mehr Informationen \u00fcber Diese 5 zeitlosen Modetrends begleiten uns durch den Fr\u00fchling 2025 (und tun der Umwelt gut)\">Lire plus<\/a><\/p>\n","protected":false},"author":1,"featured_media":12383,"comment_status":"","ping_status":"","sticky":false,"template":"","format":"standard","meta":{"footnotes":""},"categories":[48],"tags":[],"class_list":["post-12384","post","type-post","status-publish","format-standard","has-post-thumbnail","hentry","category-lebensstil"],"acf":[],"_yoast_wpseo_primary_category":null,"_yoast_wpseo_title":null,"_yoast_wpseo_metadesc":null,"_links":{"self":[{"href":"https:\/\/www.journee-mondiale.com\/de\/wp-json\/wp\/v2\/posts\/12384","targetHints":{"allow":["GET"]}}],"collection":[{"href":"https:\/\/www.journee-mondiale.com\/de\/wp-json\/wp\/v2\/posts"}],"about":[{"href":"https:\/\/www.journee-mondiale.com\/de\/wp-json\/wp\/v2\/types\/post"}],"author":[{"embeddable":true,"href":"https:\/\/www.journee-mondiale.com\/de\/wp-json\/wp\/v2\/users\/1"}],"replies":[{"embeddable":true,"href":"https:\/\/www.journee-mondiale.com\/de\/wp-json\/wp\/v2\/comments?post=12384"}],"version-history":[{"count":0,"href":"https:\/\/www.journee-mondiale.com\/de\/wp-json\/wp\/v2\/posts\/12384\/revisions"}],"wp:featuredmedia":[{"embeddable":true,"href":"https:\/\/www.journee-mondiale.com\/de\/wp-json\/wp\/v2\/media\/12383"}],"wp:attachment":[{"href":"https:\/\/www.journee-mondiale.com\/de\/wp-json\/wp\/v2\/media?parent=12384"}],"wp:term":[{"taxonomy":"category","embeddable":true,"href":"https:\/\/www.journee-mondiale.com\/de\/wp-json\/wp\/v2\/categories?post=12384"},{"taxonomy":"post_tag","embeddable":true,"href":"https:\/\/www.journee-mondiale.com\/de\/wp-json\/wp\/v2\/tags?post=12384"}],"curies":[{"name":"wp","href":"https:\/\/api.w.org\/{rel}","templated":true}]}}