{"id":12382,"date":"2025-03-10T10:08:45","date_gmt":"2025-03-10T09:08:45","guid":{"rendered":"https:\/\/www.journee-mondiale.com\/de\/warum-ich-die-temperatur-meines-glaetteisens-um-40-grad-reduziert-habe-und-wie-es-mein-graues-haar-rettete\/"},"modified":"2025-03-10T10:08:45","modified_gmt":"2025-03-10T09:08:45","slug":"warum-ich-die-temperatur-meines-glaetteisens-um-40-grad-reduziert-habe-und-wie-es-mein-graues-haar-rettete","status":"publish","type":"post","link":"https:\/\/www.journee-mondiale.com\/de\/warum-ich-die-temperatur-meines-glaetteisens-um-40-grad-reduziert-habe-und-wie-es-mein-graues-haar-rettete\/","title":{"rendered":"Warum ich die Temperatur meines Gl\u00e4tteisens um 40 Grad reduziert habe (und wie es mein graues Haar rettete)"},"content":{"rendered":"<p>Der Fr\u00fchling ist die perfekte Zeit, um \u00fcber den <strong>Schutz \u00e4lterer Haare<\/strong> nachzudenken. W\u00e4hrend wir uns auf w\u00e4rmere Tage freuen, planen viele von uns bereits neue Frisuren und Styling-Routinen. Doch gerade im M\u00e4rz, wenn die Temperaturen schwanken und wir zwischen Heizungsluft und ersten Sonnenstrahlen pendeln, ist unser Haar besonders anf\u00e4llig. Alterndes Haar ben\u00f6tigt dabei besondere Aufmerksamkeit, um vor <strong>Hitzesch\u00e4den<\/strong> bewahrt zu werden. <a href=\"https:\/\/www.journee-mondiale.com\/de\/lebensstil\/beauty-tipps-fur-trockene-haut-im-winter.html\" target=\"_blank\">Beauty-Tipps f\u00fcr trockene Haut im Winter<\/a> k\u00f6nnen uns auch jetzt noch helfen, denn die \u00dcbergangsjahreszeit stellt \u00e4hnliche Herausforderungen.<\/p>\n<h2>Warum \u00e4lteres Haar besonders anf\u00e4llig f\u00fcr Hitzesch\u00e4den ist<\/h2>\n<p>Mit zunehmendem Alter produzieren unsere Kopfhautdr\u00fcsen weniger <strong>Sebum<\/strong>, was zu nat\u00fcrlich trockenerem Haar f\u00fchrt. &#8222;Ab etwa 40 Jahren ver\u00e4ndert sich die Haarstruktur merklich. Die Schuppenschicht wird por\u00f6ser und kann Feuchtigkeit schlechter halten&#8220;, erkl\u00e4rt Dr. Cornelia Weber, Dermatologin aus M\u00fcnchen. Hormonelle Ver\u00e4nderungen, besonders in und nach den Wechseljahren, verst\u00e4rken diesen Effekt zus\u00e4tzlich und machen das Haar empfindlicher gegen\u00fcber Hitzeeinwirkung.<\/p>\n<h2>Die richtigen Hitzeschutzprodukte f\u00fcr reifes Haar<\/h2>\n<p>Bei der Wahl eines <strong>Hitzeschutzmittels<\/strong> sollten Sie auf Produkte mit n\u00e4hrenden Inhaltsstoffen achten. Thomas Schmidt, Meisterfriseur im Berliner Salon &#8222;Haarkunst&#8220;, empfiehlt: &#8222;Suchen Sie nach Formulierungen mit Argan\u00f6l, Keratin oder Silikon-Derivaten. Diese bilden eine sch\u00fctzende Barriere um das Haar und verhindern, dass die Feuchtigkeit entweicht.&#8220; <a href=\"https:\/\/www.journee-mondiale.com\/de\/lebensstil\/gesundheitsvorteile-von-kokosnussol.html\" target=\"_blank\">Gesundheitsvorteile von Kokosnuss\u00f6l<\/a> machen es ebenfalls zu einer ausgezeichneten nat\u00fcrlichen Alternative.<\/p>\n<h2>Die ideale Temperatur f\u00fcr Styling-Tools<\/h2>\n<p>Weniger ist oft mehr \u2013 besonders bei der Temperatureinstellung Ihrer <strong>Styling-Ger\u00e4te<\/strong>. F\u00fcr \u00e4lteres Haar gelten folgende Richtlinien:<\/p>\n<ul>\n<li>Gl\u00e4tteisen: maximal 160-180\u00b0C (statt 200-230\u00b0C)<\/li>\n<li>Lockenstab: 140-160\u00b0C f\u00fcr feine Haare, 160-180\u00b0C f\u00fcr dickeres Haar<\/li>\n<li>F\u00f6hn: mittlere Hitze und gr\u00f6\u00dferer Abstand zum Haar<\/li>\n<\/ul>\n<p>Eine Kundin erz\u00e4hlte mir k\u00fcrzlich: &#8222;Nachdem ich die Temperatur meines Gl\u00e4tteisens um 40 Grad reduziert habe, bemerkte ich innerhalb von zwei Wochen deutlich weniger Spliss und mehr Glanz.&#8220;<\/p>\n<h2>Schonende Alternativen zum Hitze-Styling<\/h2>\n<p>Probieren Sie <strong>hitzefreie Styling-Methoden<\/strong> aus, die Ihrem Haar regelm\u00e4\u00dfige Erholungspausen g\u00f6nnen. &#8222;Denken Sie an Ihr Haar wie an eine feine Seide \u2013 je weniger Hitze es ausgesetzt ist, desto l\u00e4nger beh\u00e4lt es seinen nat\u00fcrlichen Glanz&#8220;, r\u00e4t Styling-Expertin Maria Berger. Overnight-Curls, Flechtfrisuren oder sanftes Eindrehen mit Schaumstoffwicklern sind elegante Alternativen, die besonders im Fr\u00fchling 2025 im Trend liegen.<\/p>\n<h2>Tiefenpflege als Basis f\u00fcr gesundes Haar<\/h2>\n<p>Eine regelm\u00e4\u00dfige <strong>Tiefenpflege<\/strong> st\u00e4rkt die Widerstandskraft des Haares gegen Hitzesch\u00e4den. W\u00f6chentliche Haarmasken mit Proteinen und Feuchtigkeit spendenden Inhaltsstoffen sollten fester Bestandteil Ihrer Routine sein. Besonders wirksam sind Behandlungen mit:<\/p>\n<ul>\n<li>Hyalurons\u00e4ure f\u00fcr intensive Feuchtigkeit<\/li>\n<li>Keratin zum Wiederaufbau der Haarstruktur<\/li>\n<li>Panthenol zur St\u00e4rkung des Haarschafts<\/li>\n<\/ul>\n<h2>Ern\u00e4hrung und Supplements f\u00fcr widerstandsf\u00e4higes Haar<\/h2>\n<p>Was wir essen, beeinflusst direkt die <strong>Widerstandsf\u00e4higkeit<\/strong> unseres Haares. &#8222;Eine ausreichende Versorgung mit Omega-3-Fetts\u00e4uren und B-Vitaminen ist f\u00fcr gesundes Haar im Alter unerl\u00e4sslich&#8220;, betont Ern\u00e4hrungsberaterin Sabine M\u00fcller. <a href=\"https:\/\/www.journee-mondiale.com\/de\/lebensstil\/hausmittel-gegen-haarausfall.html\" target=\"_blank\">Hausmittel gegen Haarausfall<\/a> k\u00f6nnen Ihre Haarpflegeroutine sinnvoll erg\u00e4nzen und die Haare von innen st\u00e4rken.<\/p>\n<h2>Richtige Trocknungstechniken<\/h2>\n<p>Die Art, wie wir unser Haar trocknen, kann einen enormen Unterschied machen. Verwenden Sie <strong>Mikrofasert\u00fccher<\/strong> anstelle herk\u00f6mmlicher Handt\u00fccher, um die Reibung zu minimieren. Dr\u00fccken Sie das Wasser sanft aus, anstatt zu rubbeln. F\u00f6hnen Sie idealerweise mit k\u00fchler oder lauwarmer Luft und halten Sie einen Abstand von mindestens 15 cm. <a href=\"https:\/\/www.journee-mondiale.com\/de\/lebensstil\/schlafen-mit-nassen-haaren.html\" target=\"_blank\">Schlafen mit nassen Haaren<\/a> sollte vermieden werden, da feuchtes Haar besonders anf\u00e4llig f\u00fcr Sch\u00e4den ist.<\/p>\n<h2>Der ganzheitliche Ansatz f\u00fcr strahlend gesundes Haar<\/h2>\n<p>Die Pflege \u00e4lterer Haare erfordert einen ganzheitlichen Ansatz, der \u00fcber Styling-Produkte hinausgeht. Regelm\u00e4\u00dfige Trimmtermine alle 6-8 Wochen halten Spliss in Schach, w\u00e4hrend eine angepasste Pflegestrategie f\u00fcr jede Jahreszeit hilft, auf spezifische Herausforderungen zu reagieren. <a href=\"https:\/\/www.journee-mondiale.com\/de\/lebensstil\/naturliche-anti-aging-mittel.html\" target=\"_blank\">Nat\u00fcrliche Anti-Aging Mittel<\/a> k\u00f6nnen Ihre Bem\u00fchungen unterst\u00fctzen und f\u00fcr ein rundum gesundes Erscheinungsbild sorgen.<\/p>\n<p>Sind Sie bereit, Ihre Haarpflegeroutine f\u00fcr den Fr\u00fchling anzupassen? Mit den richtigen Techniken und Produkten kann reifes Haar nicht nur vor Hitzesch\u00e4den gesch\u00fctzt werden, sondern auch seine nat\u00fcrliche Sch\u00f6nheit voll entfalten. Betrachten Sie es als Investition in Ihr Wohlbefinden \u2013 denn gesundes Haar ist in jedem Alter ein Zeichen von Vitalit\u00e4t und Lebensfreude.<\/p>\n","protected":false},"excerpt":{"rendered":"<p>Der Fr\u00fchling ist die perfekte Zeit, um \u00fcber den Schutz \u00e4lterer Haare nachzudenken. W\u00e4hrend wir uns auf w\u00e4rmere Tage freuen, planen viele von uns bereits neue Frisuren und Styling-Routinen. Doch gerade im M\u00e4rz, wenn die Temperaturen schwanken und wir zwischen Heizungsluft und ersten Sonnenstrahlen pendeln, ist unser Haar besonders anf\u00e4llig. Alterndes Haar ben\u00f6tigt dabei besondere &#8230; <a title=\"Warum ich die Temperatur meines Gl\u00e4tteisens um 40 Grad reduziert habe (und wie es mein graues Haar rettete)\" class=\"read-more\" href=\"https:\/\/www.journee-mondiale.com\/de\/warum-ich-die-temperatur-meines-glaetteisens-um-40-grad-reduziert-habe-und-wie-es-mein-graues-haar-rettete\/\" aria-label=\"Mehr Informationen \u00fcber Warum ich die Temperatur meines Gl\u00e4tteisens um 40 Grad reduziert habe (und wie es mein graues Haar rettete)\">Lire plus<\/a><\/p>\n","protected":false},"author":1,"featured_media":12381,"comment_status":"","ping_status":"","sticky":false,"template":"","format":"standard","meta":{"footnotes":""},"categories":[48],"tags":[],"class_list":["post-12382","post","type-post","status-publish","format-standard","has-post-thumbnail","hentry","category-lebensstil"],"acf":[],"_yoast_wpseo_primary_category":null,"_yoast_wpseo_title":null,"_yoast_wpseo_metadesc":null,"_links":{"self":[{"href":"https:\/\/www.journee-mondiale.com\/de\/wp-json\/wp\/v2\/posts\/12382","targetHints":{"allow":["GET"]}}],"collection":[{"href":"https:\/\/www.journee-mondiale.com\/de\/wp-json\/wp\/v2\/posts"}],"about":[{"href":"https:\/\/www.journee-mondiale.com\/de\/wp-json\/wp\/v2\/types\/post"}],"author":[{"embeddable":true,"href":"https:\/\/www.journee-mondiale.com\/de\/wp-json\/wp\/v2\/users\/1"}],"replies":[{"embeddable":true,"href":"https:\/\/www.journee-mondiale.com\/de\/wp-json\/wp\/v2\/comments?post=12382"}],"version-history":[{"count":0,"href":"https:\/\/www.journee-mondiale.com\/de\/wp-json\/wp\/v2\/posts\/12382\/revisions"}],"wp:featuredmedia":[{"embeddable":true,"href":"https:\/\/www.journee-mondiale.com\/de\/wp-json\/wp\/v2\/media\/12381"}],"wp:attachment":[{"href":"https:\/\/www.journee-mondiale.com\/de\/wp-json\/wp\/v2\/media?parent=12382"}],"wp:term":[{"taxonomy":"category","embeddable":true,"href":"https:\/\/www.journee-mondiale.com\/de\/wp-json\/wp\/v2\/categories?post=12382"},{"taxonomy":"post_tag","embeddable":true,"href":"https:\/\/www.journee-mondiale.com\/de\/wp-json\/wp\/v2\/tags?post=12382"}],"curies":[{"name":"wp","href":"https:\/\/api.w.org\/{rel}","templated":true}]}}