{"id":12380,"date":"2025-03-10T05:55:31","date_gmt":"2025-03-10T04:55:31","guid":{"rendered":"https:\/\/www.journee-mondiale.com\/de\/diese-handcreme-veraenderte-meine-45-jaehrige-haut-in-nur-14-tagen-vorher-haette-ich-es-nie-geglaubt\/"},"modified":"2025-03-10T05:55:31","modified_gmt":"2025-03-10T04:55:31","slug":"diese-handcreme-veraenderte-meine-45-jaehrige-haut-in-nur-14-tagen-vorher-haette-ich-es-nie-geglaubt","status":"publish","type":"post","link":"https:\/\/www.journee-mondiale.com\/de\/diese-handcreme-veraenderte-meine-45-jaehrige-haut-in-nur-14-tagen-vorher-haette-ich-es-nie-geglaubt\/","title":{"rendered":"Diese Handcreme ver\u00e4nderte meine 45-j\u00e4hrige Haut in nur 14 Tagen (vorher h\u00e4tte ich es nie geglaubt)"},"content":{"rendered":"<p>Im Fr\u00fchling 2025 r\u00fcckt ein oft \u00fcbersehener Bereich unserer Sch\u00f6nheitspflege in den Fokus: unsere <strong>H\u00e4nde<\/strong>. Mit den steigenden Temperaturen zeigen wir wieder mehr Haut, und gerade reife H\u00e4nde verdienen besondere Aufmerksamkeit. Die Kombination aus professioneller Manik\u00fcre und intensiver Hydratation kann wahre Wunder bewirken \u2013 nicht nur f\u00fcr die Optik, sondern auch f\u00fcr die Hautgesundheit.<\/p>\n<h2>Warum reife H\u00e4nde besondere Pflege ben\u00f6tigen<\/h2>\n<p>Unsere H\u00e4nde verraten oft unser wahres Alter. \u201eDie Haut an den H\u00e4nden ist besonders d\u00fcnn und verf\u00fcgt \u00fcber weniger Talgdr\u00fcsen als andere K\u00f6rperstellen&#8220;, erkl\u00e4rt <strong>Dr. Claudia Weinstein<\/strong>, Dermatologin aus M\u00fcnchen. \u201eMit zunehmendem Alter verliert sie an Elastizit\u00e4t und Feuchtigkeit, was sie anf\u00e4lliger f\u00fcr Trockenheit und Faltenbildung macht.&#8220;<\/p>\n<h2>Die Renaissance der nat\u00fcrlichen Manik\u00fcre<\/h2>\n<p>Der Fr\u00fchlingstrend 2025 setzt auf <strong>Nat\u00fcrlichkeit<\/strong>. \u201eNat\u00fcrliche Sch\u00f6nheit ist das neue Luxusgut&#8220;, best\u00e4tigt Influencerin Lena Meyer-Landrut. Kurze bis mittellange N\u00e4gel mit dezenten Farben wie Nude, Ros\u00e9 oder sanften Pastellt\u00f6nen verleihen einen eleganten Look, ohne aufdringlich zu wirken. Diese zeitlose \u00c4sthetik passt perfekt zum aufkommenden &#8222;Quiet Luxury&#8220;-Trend.<\/p>\n<h2>Hydratation: Der Schl\u00fcssel zu jugendlich wirkenden H\u00e4nden<\/h2>\n<p>Wie ein durstiger Garten nach Regen bl\u00fchen auch unsere H\u00e4nde bei ausreichender Feuchtigkeit auf. <strong>Hydratation<\/strong> ist der Schl\u00fcssel f\u00fcr geschmeidige, j\u00fcnger wirkende Haut. \u201eGesunde Haut ist die beste Grundlage f\u00fcr jeden Look&#8220;, betont Dr. Barbara Sturm, deren Pflegeprodukte auch in Deutschland immer beliebter werden.<\/p>\n<h2>Die perfekte Fr\u00fchjahrs-Pflegeroutine<\/h2>\n<p>Eine effektive Handpflege besteht aus diesen einfachen Schritten:<\/p>\n<ul>\n<li>W\u00f6chentliches Peeling zum Entfernen abgestorbener Hautzellen<\/li>\n<li>T\u00e4gliches Eincremen mit hochwertigen Feuchtigkeitscremes<\/li>\n<li>N\u00e4chtliche Intensivpflege mit Handschuhen f\u00fcr maximale Wirkung<\/li>\n<\/ul>\n<h2>Nachhaltige Sch\u00f6nheit f\u00fcr bewusste Verbraucher<\/h2>\n<p>Der deutsche Markt zeigt eine klare Pr\u00e4ferenz f\u00fcr <strong>umweltfreundliche Produkte<\/strong>. \u201eDie richtige Pflege ist entscheidend, um die H\u00e4nde jung und gesund zu halten \u2013 und das geht heute auch ohne Umweltbelastung&#8220;, erkl\u00e4rt Dr. Timm Gol\u00fcke. Wie ein verantwortungsvoller G\u00e4rtner nutzen wir Produkte, die sowohl unserer Haut als auch dem Planeten guttun.<\/p>\n<h2>Expertentipps f\u00fcr herausfordernde Hautzust\u00e4nde<\/h2>\n<p>F\u00fcr besonders beanspruchte H\u00e4nde empfehlen Experten diese Spezialpflege:<\/p>\n<ul>\n<li>Harnstoffhaltige Cremes f\u00fcr sehr trockene Haut<\/li>\n<li>Produkte mit Niacinamid gegen Pigmentflecken<\/li>\n<li>Retinolhaltige Spezialprodukte f\u00fcr mehr Elastizit\u00e4t<\/li>\n<\/ul>\n<h2>Die moderne Manik\u00fcre: Mehr als nur sch\u00f6ne N\u00e4gel<\/h2>\n<p>Eine ganzheitliche <strong>Manik\u00fcre<\/strong> umfasst heute die Pflege des gesamten Handbereichs. Nach einer Saison voller Handschuhe und Heizungsluft ben\u00f6tigen unsere N\u00e4gel besondere Aufmerksamkeit. Das sanfte Feilen der N\u00e4gel, vorsichtiges Zur\u00fcckschieben der Nagelhaut und eine n\u00e4hrende \u00d6lbehandlung verleihen nicht nur Sch\u00f6nheit, sondern f\u00f6rdern auch die Nagelgesundheit.<\/p>\n<h2>Saisonale Anpassungen f\u00fcr optimale Ergebnisse<\/h2>\n<p>Mit dem Fr\u00fchlingsbeginn sollten wir unsere Handpflege anpassen. Die zunehmende UV-Strahlung macht <strong>Sonnenschutz<\/strong> unerl\u00e4sslich. \u201eVergessen Sie nie den Sonnenschutz f\u00fcr Ihre H\u00e4nde&#8220;, warnt Dr. Weinstein. \u201eUV-Strahlung ist hauptverantwortlich f\u00fcr vorzeitige Hautalterung und Pigmentflecken.&#8220;<\/p>\n<h3>K\u00f6nnen wir den Alterungsprozess unserer H\u00e4nde wirklich verlangsamen?<\/h3>\n<p>Mit konsequenter Pflege und den richtigen Produkten k\u00f6nnen wir tats\u00e4chlich beeindruckende Resultate erzielen. Wie ein geduldiger K\u00fcnstler arbeiten wir Tag f\u00fcr Tag an der Sch\u00f6nheit unserer H\u00e4nde \u2013 eine Investition, die sich in Form von weicher, strahlender Haut und gesunden N\u00e4geln auszahlt. Beginnen Sie noch heute mit Ihrer ma\u00dfgeschneiderten Handpflege-Routine und erleben Sie selbst den Unterschied!<\/p>\n","protected":false},"excerpt":{"rendered":"<p>Im Fr\u00fchling 2025 r\u00fcckt ein oft \u00fcbersehener Bereich unserer Sch\u00f6nheitspflege in den Fokus: unsere H\u00e4nde. Mit den steigenden Temperaturen zeigen wir wieder mehr Haut, und gerade reife H\u00e4nde verdienen besondere Aufmerksamkeit. Die Kombination aus professioneller Manik\u00fcre und intensiver Hydratation kann wahre Wunder bewirken \u2013 nicht nur f\u00fcr die Optik, sondern auch f\u00fcr die Hautgesundheit. Warum &#8230; <a title=\"Diese Handcreme ver\u00e4nderte meine 45-j\u00e4hrige Haut in nur 14 Tagen (vorher h\u00e4tte ich es nie geglaubt)\" class=\"read-more\" href=\"https:\/\/www.journee-mondiale.com\/de\/diese-handcreme-veraenderte-meine-45-jaehrige-haut-in-nur-14-tagen-vorher-haette-ich-es-nie-geglaubt\/\" aria-label=\"Mehr Informationen \u00fcber Diese Handcreme ver\u00e4nderte meine 45-j\u00e4hrige Haut in nur 14 Tagen (vorher h\u00e4tte ich es nie geglaubt)\">Lire plus<\/a><\/p>\n","protected":false},"author":1,"featured_media":12379,"comment_status":"","ping_status":"","sticky":false,"template":"","format":"standard","meta":{"footnotes":""},"categories":[48],"tags":[],"class_list":["post-12380","post","type-post","status-publish","format-standard","has-post-thumbnail","hentry","category-lebensstil"],"acf":[],"_yoast_wpseo_primary_category":null,"_yoast_wpseo_title":null,"_yoast_wpseo_metadesc":null,"_links":{"self":[{"href":"https:\/\/www.journee-mondiale.com\/de\/wp-json\/wp\/v2\/posts\/12380","targetHints":{"allow":["GET"]}}],"collection":[{"href":"https:\/\/www.journee-mondiale.com\/de\/wp-json\/wp\/v2\/posts"}],"about":[{"href":"https:\/\/www.journee-mondiale.com\/de\/wp-json\/wp\/v2\/types\/post"}],"author":[{"embeddable":true,"href":"https:\/\/www.journee-mondiale.com\/de\/wp-json\/wp\/v2\/users\/1"}],"replies":[{"embeddable":true,"href":"https:\/\/www.journee-mondiale.com\/de\/wp-json\/wp\/v2\/comments?post=12380"}],"version-history":[{"count":0,"href":"https:\/\/www.journee-mondiale.com\/de\/wp-json\/wp\/v2\/posts\/12380\/revisions"}],"wp:featuredmedia":[{"embeddable":true,"href":"https:\/\/www.journee-mondiale.com\/de\/wp-json\/wp\/v2\/media\/12379"}],"wp:attachment":[{"href":"https:\/\/www.journee-mondiale.com\/de\/wp-json\/wp\/v2\/media?parent=12380"}],"wp:term":[{"taxonomy":"category","embeddable":true,"href":"https:\/\/www.journee-mondiale.com\/de\/wp-json\/wp\/v2\/categories?post=12380"},{"taxonomy":"post_tag","embeddable":true,"href":"https:\/\/www.journee-mondiale.com\/de\/wp-json\/wp\/v2\/tags?post=12380"}],"curies":[{"name":"wp","href":"https:\/\/api.w.org\/{rel}","templated":true}]}}