{"id":12378,"date":"2025-03-10T05:53:58","date_gmt":"2025-03-10T04:53:58","guid":{"rendered":"https:\/\/www.journee-mondiale.com\/de\/mein-pompadour-pixie-veraenderte-alles-warum-dieser-dramatische-schnitt-der-fruehlingstrend-2025-wird\/"},"modified":"2025-03-10T05:53:58","modified_gmt":"2025-03-10T04:53:58","slug":"mein-pompadour-pixie-veraenderte-alles-warum-dieser-dramatische-schnitt-der-fruehlingstrend-2025-wird","status":"publish","type":"post","link":"https:\/\/www.journee-mondiale.com\/de\/mein-pompadour-pixie-veraenderte-alles-warum-dieser-dramatische-schnitt-der-fruehlingstrend-2025-wird\/","title":{"rendered":"Mein Pompadour Pixie ver\u00e4nderte alles: Warum dieser dramatische Schnitt der Fr\u00fchlingstrend 2025 wird"},"content":{"rendered":"<p>Der <strong>Pompadour Pixie<\/strong> erobert im Fr\u00fchling 2025 die deutsche Frisurenwelt! Diese aufregende Kombination aus volumin\u00f6ser Oberpartie und enganliegenden Seiten schafft einen dramatischen Look, der Pers\u00f6nlichkeit und Stil ausstrahlt. W\u00e4hrend wir die ersten Fr\u00fchlingstage genie\u00dfen, ist dieser Schnitt perfekt, um nach der M\u00fctzenzeit mit einem frischen Statement in die neue Saison zu starten.<\/p>\n<h2>Die Renaissance eines Klassikers<\/h2>\n<p>Der <strong>Pompadour-Stil<\/strong> hat seinen Ursprung im 18. Jahrhundert und wurde durch Madame de Pompadour ber\u00fchmt. &#8222;Im Jahr 2025 erleben wir eine moderne Neuinterpretation dieses historischen Looks, die Selbstbewusstsein und Individualit\u00e4t verk\u00f6rpert&#8220;, erkl\u00e4rt Thomas Schmidt, Meisterfriseur im Berliner Salon &#8222;Haarkunst&#8220;. Diese Verbindung von Geschichte und Innovation macht den Schnitt so besonders.<\/p>\n<h2>F\u00fcr wen eignet sich der dramatische Look?<\/h2>\n<p>Besonders schmeichelhaft wirkt der Pompadour Pixie bei ovalen und herzf\u00f6rmigen Gesichtsformen. &#8222;Dieser Schnitt ist wie ein optischer Rahmen, der die nat\u00fcrlichen Gesichtsz\u00fcge betont und eine wunderbare Balance schafft&#8220;, sagt Lisa Meyer, Haarstylistin aus M\u00fcnchen. Bei quadratischen Gesichtern k\u00f6nnen leicht abgewinkelte Frontpartien die Konturen sanfter erscheinen lassen.<\/p>\n<h2>Die perfekte Umsetzung<\/h2>\n<p>F\u00fcr einen gelungenen Pompadour Pixie sind folgende Elemente entscheidend:<\/p>\n<ul>\n<li>L\u00e4ngeres Deckhaar f\u00fcr Volumen und Styling-M\u00f6glichkeiten<\/li>\n<li><strong>Tapered Sides<\/strong> mit flie\u00dfendem \u00dcbergang<\/li>\n<li>Pr\u00e4zise Balance zwischen L\u00e4nge oben und K\u00fcrze an den Seiten<\/li>\n<\/ul>\n<h2>Styling-Tipps f\u00fcr den Alltag<\/h2>\n<p>Um den perfekten Pompadour-Effekt zu erzielen, ist die richtige Technik gefragt. F\u00f6hnen Sie das angefeuchtete Haar mit einer <strong>Rundb\u00fcrste<\/strong> gegen die Wuchsrichtung nach oben. Wie eine Architektin, die ein Geb\u00e4ude entwirft, bauen Sie Struktur und H\u00f6he in Ihre Frontpartie ein, w\u00e4hrend die Seiten eng anliegen bleiben.<\/p>\n<h2>Produktempfehlungen f\u00fcr den perfekten Halt<\/h2>\n<p>Die richtigen Produkte machen den Unterschied zwischen einem guten und einem atemberaubenden Pompadour Pixie:<\/p>\n<ul>\n<li>Volumengebende Mousse als Basis<\/li>\n<li>Mittelstarkes Haarwachs f\u00fcr Definition<\/li>\n<li>Leichtes Haarspray zum Fixieren<\/li>\n<\/ul>\n<h2>Vom B\u00fcro bis zum Abendessen: Der vielseitige Pixie<\/h2>\n<p>Der <strong>Pompadour Pixie<\/strong> ist wie ein Cham\u00e4leon \u2013 anpassungsf\u00e4hig f\u00fcr jeden Anlass. Morgens mit klaren Linien gestylt f\u00fcr das Business-Meeting, l\u00e4sst er sich abends mit etwas mehr Textur in einen l\u00e4ssigen Look verwandeln. Diese Vielseitigkeit macht ihn zum perfekten Begleiter durch den Fr\u00fchling und Sommer 2025.<\/p>\n<h2>Prominente Vorbilder f\u00fcr die Inspiration<\/h2>\n<p>Stars wie Emma Thompson und Tilda Swinton tragen den Stil mit elegantem Selbstbewusstsein. &#8222;Diese Frauen zeigen, dass kurze Haare nichts mit Alter zu tun haben, sondern mit Haltung&#8220;, betont Sandra Klein, Celebrity-Hairstylistin aus Hamburg. Sie vergleicht den Pompadour Pixie mit einem ma\u00dfgeschneiderten Anzug \u2013 er unterstreicht die Pers\u00f6nlichkeit, statt sie zu \u00fcbert\u00f6nen.<\/p>\n<h2>Pflege und Erhaltung<\/h2>\n<p>Um die Form zu bewahren, sind regelm\u00e4\u00dfige <strong>Nachschnitte<\/strong> alle 4-6 Wochen empfehlenswert. &#8222;Ein pr\u00e4ziser Schnitt ist wie ein gutes Fundament \u2013 er bestimmt, wie gut der gesamte Look h\u00e4lt&#8220;, erkl\u00e4rt Schmidt. Zwischen den Friseurbesuchen k\u00f6nnen Sie mit gezieltem Styling die Form bewahren.<\/p>\n<h2>Warum jetzt der perfekte Zeitpunkt f\u00fcr den Wechsel ist<\/h2>\n<p>Der Fr\u00fchling 2025 l\u00e4dt zum Neuanfang ein \u2013 warum nicht mit einer Frisur, die genauso frisch und energiegeladen ist wie die Jahreszeit selbst? Der Pompadour Pixie ist mehr als ein Haarschnitt; er ist eine Aussage \u00fcber Selbstbewusstsein und die Bereitschaft, im Mittelpunkt zu stehen. Trauen Sie sich, mit Volumen und Stil in diesen Fr\u00fchling zu starten!<\/p>\n","protected":false},"excerpt":{"rendered":"<p>Der Pompadour Pixie erobert im Fr\u00fchling 2025 die deutsche Frisurenwelt! Diese aufregende Kombination aus volumin\u00f6ser Oberpartie und enganliegenden Seiten schafft einen dramatischen Look, der Pers\u00f6nlichkeit und Stil ausstrahlt. W\u00e4hrend wir die ersten Fr\u00fchlingstage genie\u00dfen, ist dieser Schnitt perfekt, um nach der M\u00fctzenzeit mit einem frischen Statement in die neue Saison zu starten. Die Renaissance eines &#8230; <a title=\"Mein Pompadour Pixie ver\u00e4nderte alles: Warum dieser dramatische Schnitt der Fr\u00fchlingstrend 2025 wird\" class=\"read-more\" href=\"https:\/\/www.journee-mondiale.com\/de\/mein-pompadour-pixie-veraenderte-alles-warum-dieser-dramatische-schnitt-der-fruehlingstrend-2025-wird\/\" aria-label=\"Mehr Informationen \u00fcber Mein Pompadour Pixie ver\u00e4nderte alles: Warum dieser dramatische Schnitt der Fr\u00fchlingstrend 2025 wird\">Lire plus<\/a><\/p>\n","protected":false},"author":1,"featured_media":12377,"comment_status":"","ping_status":"","sticky":false,"template":"","format":"standard","meta":{"footnotes":""},"categories":[48],"tags":[],"class_list":["post-12378","post","type-post","status-publish","format-standard","has-post-thumbnail","hentry","category-lebensstil"],"acf":[],"_yoast_wpseo_primary_category":null,"_yoast_wpseo_title":null,"_yoast_wpseo_metadesc":null,"_links":{"self":[{"href":"https:\/\/www.journee-mondiale.com\/de\/wp-json\/wp\/v2\/posts\/12378","targetHints":{"allow":["GET"]}}],"collection":[{"href":"https:\/\/www.journee-mondiale.com\/de\/wp-json\/wp\/v2\/posts"}],"about":[{"href":"https:\/\/www.journee-mondiale.com\/de\/wp-json\/wp\/v2\/types\/post"}],"author":[{"embeddable":true,"href":"https:\/\/www.journee-mondiale.com\/de\/wp-json\/wp\/v2\/users\/1"}],"replies":[{"embeddable":true,"href":"https:\/\/www.journee-mondiale.com\/de\/wp-json\/wp\/v2\/comments?post=12378"}],"version-history":[{"count":0,"href":"https:\/\/www.journee-mondiale.com\/de\/wp-json\/wp\/v2\/posts\/12378\/revisions"}],"wp:featuredmedia":[{"embeddable":true,"href":"https:\/\/www.journee-mondiale.com\/de\/wp-json\/wp\/v2\/media\/12377"}],"wp:attachment":[{"href":"https:\/\/www.journee-mondiale.com\/de\/wp-json\/wp\/v2\/media?parent=12378"}],"wp:term":[{"taxonomy":"category","embeddable":true,"href":"https:\/\/www.journee-mondiale.com\/de\/wp-json\/wp\/v2\/categories?post=12378"},{"taxonomy":"post_tag","embeddable":true,"href":"https:\/\/www.journee-mondiale.com\/de\/wp-json\/wp\/v2\/tags?post=12378"}],"curies":[{"name":"wp","href":"https:\/\/api.w.org\/{rel}","templated":true}]}}