{"id":12374,"date":"2025-03-10T01:43:15","date_gmt":"2025-03-10T00:43:15","guid":{"rendered":"https:\/\/www.journee-mondiale.com\/de\/meine-68-jaehrige-kundin-wagte-nach-20-jahren-diesen-edgy-haarschnitt-fuer-dickes-haar-ihre-reaktion-ueberraschte-mich\/"},"modified":"2025-03-10T01:43:15","modified_gmt":"2025-03-10T00:43:15","slug":"meine-68-jaehrige-kundin-wagte-nach-20-jahren-diesen-edgy-haarschnitt-fuer-dickes-haar-ihre-reaktion-ueberraschte-mich","status":"publish","type":"post","link":"https:\/\/www.journee-mondiale.com\/de\/meine-68-jaehrige-kundin-wagte-nach-20-jahren-diesen-edgy-haarschnitt-fuer-dickes-haar-ihre-reaktion-ueberraschte-mich\/","title":{"rendered":"Meine 68-j\u00e4hrige Kundin wagte nach 20 Jahren diesen edgy Haarschnitt f\u00fcr dickes Haar (ihre Reaktion \u00fcberraschte mich)"},"content":{"rendered":"<p>Der Fr\u00fchling 2025 bringt eine erfrischende Botschaft f\u00fcr alle Seniorinnen mit dichtem Haar: <strong>Edgy Haarschnitte<\/strong> sind nicht nur erlaubt, sondern ausdr\u00fccklich erw\u00fcnscht! W\u00e4hrend wir uns von der Wintertr\u00e4gheit verabschieden, ist jetzt der perfekte Zeitpunkt, um den Mut f\u00fcr eine verwegene Ver\u00e4nderung zu finden. Dickes Haar kann manchmal wie ein schwerer Vorhang wirken, doch mit den richtigen Schnitten verwandelt es sich in ein kraftvolles Statement Ihrer Pers\u00f6nlichkeit.<\/p>\n<h2>Der befreiende Pixie-Cut: Leichtigkeit f\u00fcr den Fr\u00fchling<\/h2>\n<p>Der <strong>Pixie-Cut<\/strong> erlebt gerade eine Renaissance bei Frauen mit dickem Haar. &#8222;Ein kurzer Pixie mit l\u00e4ngeren Partien am Oberkopf gibt dickem Haar Struktur und reduziert gleichzeitig das Gewicht erheblich&#8220;, erkl\u00e4rt Michaela Weber, Kreativdirektorin bei <a href=\"https:\/\/www.journee-mondiale.com\/de\/category\/lebensstil\/\" target=\"_blank\">Moderne Frisurtrends<\/a>. &#8222;F\u00fcr den Fr\u00fchling 2025 setzen wir auf texturierte Pixies mit sanften \u00dcberg\u00e4ngen, die trotz ihrer K\u00fcrze weiblich und verspielt wirken.&#8220;<\/p>\n<h2>Der verwegene Bob mit Undercut \u2013 heimlicher Favorit<\/h2>\n<p>Stellen Sie sich vor: Ein klassischer Bob, doch an einer oder beiden Seiten versteckt sich ein <strong>raffinierter Undercut<\/strong>. Diese Kombination ist wie ein gut geh\u00fctetes Geheimnis \u2013 von vorne klassisch elegant, doch bei jeder Kopfbewegung blitzt der verwegene Charakter durch. Die Haarmasse wird deutlich reduziert, ohne die gew\u00fcnschte F\u00fclle zu opfern.<\/p>\n<blockquote><p>\n&#8222;Meine Kundinnen \u00fcber 60 lieben den asymmetrischen Bob mit verborgenem Undercut. Er bietet diese wunderbare Dualit\u00e4t: Eleganz und Rebellion in einem Schnitt. Die Transformation in ihrem Selbstbewusstsein ist beeindruckend!&#8220;, schw\u00e4rmt Thomas Berger vom Berliner Salon &#8222;Haarkunst&#8220;.\n<\/p><\/blockquote>\n<h2>Shaggy Layers \u2013 der Fr\u00fchlingsliebling f\u00fcr mehr Bewegung<\/h2>\n<p>Wie Schmetterlinge, die sich aus dem Kokon befreien, bringen <strong>Shaggy Layers<\/strong> Leben in schweres, dichtes Haar. Diese verspielten, unregelm\u00e4\u00dfigen Schichten schaffen Leichtigkeit und Bewegung \u2013 ideal f\u00fcr den Fr\u00fchlingsanfang. Meine Kundin Gerda (68) wagte diesen Schnitt nach 20 Jahren gleichbleibender Frisur und berichtet: &#8222;Ich f\u00fchle mich, als h\u00e4tte ich zehn Jahre meines Lebens zur\u00fcckbekommen!&#8220;<\/p>\n<h2>Moderne Farbnuancen f\u00fcr den Extra-Kick<\/h2>\n<p>Ein edgy Haarschnitt verdient die passende <strong>Farbgebung<\/strong>. F\u00fcr den Fr\u00fchling 2025 empfehlen Experten diese Akzente:<\/p>\n<ul>\n<li>Silber-Lavendel als elegante Alternative zu reinem Grau<\/li>\n<li>Warme Kupfert\u00f6ne f\u00fcr einen jugendlichen Glow<\/li>\n<li>Subtile Ros\u00e9gold-Str\u00e4hnen f\u00fcr Dimension und Tiefe<\/li>\n<\/ul>\n<h2>Der fransige Curtain Bang: Rahmen f\u00fcr reife Sch\u00f6nheit<\/h2>\n<p><strong>Fransige Ponys<\/strong>, die das Gesicht umrahmen, sind wie ma\u00dfgeschneiderte Vorh\u00e4nge f\u00fcr Ihre sch\u00f6nsten Gesichtsz\u00fcge. &#8222;Dickes Haar eignet sich hervorragend f\u00fcr texturierte Ponyfrisuren, da sie Stand und Volumen von Natur aus mitbringen&#8220;, erkl\u00e4rt Style-Expertin Claudia M\u00fcller von <a href=\"https:\/\/www.journee-mondiale.com\/de\/\" target=\"_blank\">Aktuelle Beauty-Trends<\/a>.<\/p>\n<h2>Styling-Tipps f\u00fcr den Alltag<\/h2>\n<p>Mit diesen <strong>Styling-Hacks<\/strong> b\u00e4ndigen Sie Ihr dickes Haar m\u00fchelos:<\/p>\n<ul>\n<li>Verwenden Sie einen F\u00f6hn mit Diffusor f\u00fcr kontrolliertes Volumen<\/li>\n<li>Texturisierende Sprays statt schwerer Cremes f\u00fcr Definition<\/li>\n<li>\u00dcber Nacht leicht angefeuchtetes Haar in lockere Twists drehen<\/li>\n<\/ul>\n<h2>Internationale Inspirationen f\u00fcr deutsche Fr\u00fchlingslooks<\/h2>\n<p>Franz\u00f6sischer <strong>Messy Chic<\/strong> trifft auf skandinavische Klarheit: Die Kombination dieser <a href=\"https:\/\/www.journee-mondiale.com\/de\/category\/reisen\/\" target=\"_blank\">Internationale Sch\u00f6nheitstrends<\/a> pr\u00e4gt die edgy Frisuren f\u00fcr reife Frauen im Fr\u00fchling 2025. Wie ein guter Wein gewinnt auch Ihr Stil mit den Jahren an Charakter \u2013 warum ihn nicht mit einem mutigen Schnitt unterstreichen?<\/p>\n<h2>Bereit f\u00fcr Ihre pers\u00f6nliche Verwandlung?<\/h2>\n<p>Jede Frau verdient eine Frisur, die sowohl ihre <strong>Pers\u00f6nlichkeit<\/strong> als auch die praktischen Anforderungen des Alltags ber\u00fccksichtigt. W\u00e4hrend wir in diese neue Fr\u00fchlingssaison starten, k\u00f6nnte der Moment nicht besser sein, um Ihrem dicken Haar mit einem edgy Schnitt neue Leichtigkeit zu verleihen. Wie die <a href=\"https:\/\/www.journee-mondiale.com\/de\/geschichte-der-welttage\/\" target=\"_blank\">Geschichte der Sch\u00f6nheitsideale<\/a> zeigt, waren die mutigsten Frauen stets die Stilikonen ihrer Zeit \u2013 warum nicht auch Sie?<\/p>\n","protected":false},"excerpt":{"rendered":"<p>Der Fr\u00fchling 2025 bringt eine erfrischende Botschaft f\u00fcr alle Seniorinnen mit dichtem Haar: Edgy Haarschnitte sind nicht nur erlaubt, sondern ausdr\u00fccklich erw\u00fcnscht! W\u00e4hrend wir uns von der Wintertr\u00e4gheit verabschieden, ist jetzt der perfekte Zeitpunkt, um den Mut f\u00fcr eine verwegene Ver\u00e4nderung zu finden. Dickes Haar kann manchmal wie ein schwerer Vorhang wirken, doch mit den &#8230; <a title=\"Meine 68-j\u00e4hrige Kundin wagte nach 20 Jahren diesen edgy Haarschnitt f\u00fcr dickes Haar (ihre Reaktion \u00fcberraschte mich)\" class=\"read-more\" href=\"https:\/\/www.journee-mondiale.com\/de\/meine-68-jaehrige-kundin-wagte-nach-20-jahren-diesen-edgy-haarschnitt-fuer-dickes-haar-ihre-reaktion-ueberraschte-mich\/\" aria-label=\"Mehr Informationen \u00fcber Meine 68-j\u00e4hrige Kundin wagte nach 20 Jahren diesen edgy Haarschnitt f\u00fcr dickes Haar (ihre Reaktion \u00fcberraschte mich)\">Lire plus<\/a><\/p>\n","protected":false},"author":1,"featured_media":12373,"comment_status":"","ping_status":"","sticky":false,"template":"","format":"standard","meta":{"footnotes":""},"categories":[48],"tags":[],"class_list":["post-12374","post","type-post","status-publish","format-standard","has-post-thumbnail","hentry","category-lebensstil"],"acf":[],"_yoast_wpseo_primary_category":null,"_yoast_wpseo_title":null,"_yoast_wpseo_metadesc":null,"_links":{"self":[{"href":"https:\/\/www.journee-mondiale.com\/de\/wp-json\/wp\/v2\/posts\/12374","targetHints":{"allow":["GET"]}}],"collection":[{"href":"https:\/\/www.journee-mondiale.com\/de\/wp-json\/wp\/v2\/posts"}],"about":[{"href":"https:\/\/www.journee-mondiale.com\/de\/wp-json\/wp\/v2\/types\/post"}],"author":[{"embeddable":true,"href":"https:\/\/www.journee-mondiale.com\/de\/wp-json\/wp\/v2\/users\/1"}],"replies":[{"embeddable":true,"href":"https:\/\/www.journee-mondiale.com\/de\/wp-json\/wp\/v2\/comments?post=12374"}],"version-history":[{"count":0,"href":"https:\/\/www.journee-mondiale.com\/de\/wp-json\/wp\/v2\/posts\/12374\/revisions"}],"wp:featuredmedia":[{"embeddable":true,"href":"https:\/\/www.journee-mondiale.com\/de\/wp-json\/wp\/v2\/media\/12373"}],"wp:attachment":[{"href":"https:\/\/www.journee-mondiale.com\/de\/wp-json\/wp\/v2\/media?parent=12374"}],"wp:term":[{"taxonomy":"category","embeddable":true,"href":"https:\/\/www.journee-mondiale.com\/de\/wp-json\/wp\/v2\/categories?post=12374"},{"taxonomy":"post_tag","embeddable":true,"href":"https:\/\/www.journee-mondiale.com\/de\/wp-json\/wp\/v2\/tags?post=12374"}],"curies":[{"name":"wp","href":"https:\/\/api.w.org\/{rel}","templated":true}]}}