{"id":12372,"date":"2025-03-10T01:15:03","date_gmt":"2025-03-10T00:15:03","guid":{"rendered":"https:\/\/www.journee-mondiale.com\/de\/diese-5-festlichen-nageldesigns-fuer-fruehling-2025-veraenderten-meine-hochzeitsplanung-cut-out-nails-sind-mein-neues-highlight\/"},"modified":"2025-03-10T01:15:03","modified_gmt":"2025-03-10T00:15:03","slug":"diese-5-festlichen-nageldesigns-fuer-fruehling-2025-veraenderten-meine-hochzeitsplanung-cut-out-nails-sind-mein-neues-highlight","status":"publish","type":"post","link":"https:\/\/www.journee-mondiale.com\/de\/diese-5-festlichen-nageldesigns-fuer-fruehling-2025-veraenderten-meine-hochzeitsplanung-cut-out-nails-sind-mein-neues-highlight\/","title":{"rendered":"Diese 5 festlichen Nageldesigns f\u00fcr Fr\u00fchling 2025 ver\u00e4nderten meine Hochzeitsplanung (Cut-Out Nails sind mein neues Highlight)"},"content":{"rendered":"<p>Die Fr\u00fchlingssaison 2025 l\u00e4dt zum Experimentieren mit Nail Art f\u00fcr besondere Anl\u00e4sse ein. Ob Familienfeiern, Hochzeiten oder die anstehenden Osterfeierlichkeiten \u2013 <strong>festliche Nageldesigns<\/strong> verleihen jedem Outfit den perfekten Schliff. &#8222;In diesem Fr\u00fchjahr sehen wir eine Verschmelzung von Minimalismus und dramatischen Elementen, die zusammen ein modernes Statement setzen&#8220;, erkl\u00e4rt Julia Berger, leitende Nail-Artistin im Berliner Studio &#8222;Glanzmomente&#8220;.<\/p>\n<h2>Cut-Out Nails: Der futuristische Fr\u00fchlingstrend<\/h2>\n<p>Der absolute Hingucker in diesem Fr\u00fchjahr sind <strong>Cut-Out Nails<\/strong> \u2013 filigrane Aussparungen, die dem Nagel eine architektonische Dimension verleihen. Diese k\u00f6nnen entweder durch vorgefertigte Tips oder selbstgemacht mit einem feinen Lochstanzer kreiert werden. &#8222;Die Cut-Out Technik funktioniert besonders gut in Kombination mit Pastellt\u00f6nen, die perfekt zur Fr\u00fchlingssaison passen&#8220;, verr\u00e4t Berger.<\/p>\n<h2>Chrome trifft auf Fr\u00fchlingsfarben<\/h2>\n<p>Der metallische Glanz von <strong>Chrome-Effekten<\/strong> erlebt in Kombination mit frischen Farben ein Revival. Die Technik ist vielseitig einsetzbar: von subtilen Akzenten bis hin zu kompletten Chrome-N\u00e4geln mit farbigen Elementen. &#8222;Chrome vermittelt Luxus ohne \u00dcberladung \u2013 genau das, was viele f\u00fcr Fr\u00fchlingsfeste suchen&#8220;, so Berger. Diese Trends passen perfekt zu aktuellen <a href=\"https:\/\/www.journee-mondiale.com\/de\/category\/lebensstil\/\" target=\"_blank\">Lebensstil-Trends<\/a>, die elegante Akzente im Alltag setzen.<\/p>\n<h2>Spielerische 3D-Verzierungen f\u00fcr Osterfeierlichkeiten<\/h2>\n<p>Fr\u00fchling bedeutet Leben und Bewegung \u2013 genau das spiegeln <strong>3D-Embellishments<\/strong> wider. Kleine dreidimensionale Elemente wie Schmetterlinge, Blumen oder abstrakte Formen sorgen f\u00fcr einen verspielten Look, der besonders bei Fr\u00fchlingsveranstaltungen gut ankommt. Eine Anekdote aus meinem Studio zeigt: Eine Kundin, die f\u00fcr eine Gartenparty kleine 3D-Bl\u00fcten w\u00e4hlte, bekam den ganzen Abend Komplimente f\u00fcr ihre &#8222;bl\u00fchenden Fingerspitzen&#8220;.<\/p>\n<h2>Velvet Nails: Sanfte Eleganz f\u00fcr Fr\u00fchlingsevents<\/h2>\n<p>Der <strong>Velvet-Effekt<\/strong> verleiht N\u00e4geln eine samtige Textur, die besonders bei ged\u00e4mpftem Licht zur Geltung kommt. Diese raffinierte Option ist ideal f\u00fcr elegante Fr\u00fchlingsereignisse, bei denen Sie auf subtile Weise gl\u00e4nzen m\u00f6chten. Wie die erste Fr\u00fchlingssonne, die sanft \u00fcber taufrische Bl\u00e4tter streicht, f\u00e4ngt der Velvet-Effekt das Licht auf faszinierende Weise ein.<\/p>\n<h2>Internationale Inspirationen f\u00fcr festliche Nagelkunst<\/h2>\n<p>Die Nagelkunst kennt keine Grenzen. W\u00e4hrend deutsche Designs oft Pr\u00e4zision und Eleganz betonen, bieten <a href=\"https:\/\/www.journee-mondiale.com\/de\/category\/reisen\/\" target=\"_blank\">Internationale Nail Art Trends<\/a> frische Inspirationen. &#8222;In Deutschland verarbeiten wir globale Trends auf unsere eigene Weise \u2013 pr\u00e4zise, aber mit einem Hauch Kreativit\u00e4t&#8220;, erkl\u00e4rt Nagelstylistin Claudia Hoffmann vom renommierten Studio &#8222;Fingerspitzengef\u00fchl&#8220; in M\u00fcnchen.<\/p>\n<h2>Praxistipps f\u00fcr langanhaltende festliche Designs<\/h2>\n<p>F\u00fcr Ihre Fr\u00fchlingsevents sollten Sie folgende <strong>Haltbarkeitstipps<\/strong> beachten:<\/p>\n<ul>\n<li>Tragen Sie einen hochwertigen Base- und Top-Coat auf<\/li>\n<li>Versiegeln Sie die Kanten der N\u00e4gel, um Absplittern zu vermeiden<\/li>\n<li>Verwenden Sie Handschuhe bei Hausarbeiten<\/li>\n<\/ul>\n<h2>Deutsche Qualit\u00e4tsprodukte f\u00fcr festliche Nagelkunst<\/h2>\n<p>Der deutsche Markt bietet eine Vielzahl an <strong>hochwertigen Produkten<\/strong>, die speziell f\u00fcr besondere Anl\u00e4sse entwickelt wurden. Die beliebtesten Marken sind:<\/p>\n<ul>\n<li>Douglas-Eigenmarke f\u00fcr Basisprodukte<\/li>\n<li>Internationale Premiummarken wie OPI und Essie<\/li>\n<li>Nachhaltige Alternativen wie Manucurist<\/li>\n<\/ul>\n<p>Informieren Sie sich stets \u00fcber die <a href=\"https:\/\/www.journee-mondiale.com\/de\/juridisk-informationen\/\" target=\"_blank\">Qualit\u00e4tsstandards f\u00fcr Nagelprodukte<\/a>, um Ihre Nagelgesundheit zu sch\u00fctzen. Bei den <a href=\"https:\/\/www.journee-mondiale.com\/de\" target=\"_blank\">Aktuelle Beauty-News<\/a> finden Sie zudem regelm\u00e4\u00dfig neue Trend-Inspirationen.<\/p>\n<h2>Historische Wurzeln moderner Fr\u00fchlingsdesigns<\/h2>\n<p>Die heutigen festlichen Designs haben eine faszinierende Entwicklung durchlaufen. &#8222;Nagelkunst ist wie ein Spiegel gesellschaftlicher Str\u00f6mungen \u2013 was wir heute als modern betrachten, hat oft historische Wurzeln&#8220;, erl\u00e4utert Kunsthistorikerin Dr. Maria Weber. Entdecken Sie mehr \u00fcber die <a href=\"https:\/\/www.journee-mondiale.com\/de\/geschichte-der-welttage\/\" target=\"_blank\">Nail Art im Wandel der Zeit<\/a> und wie Traditionen moderne Trends beeinflussen.<\/p>\n<h2>Ist Nagelkunst mehr als nur Dekoration?<\/h2>\n<p>Festliche Nail Art ist nicht nur ein \u00e4sthetisches Element, sondern auch ein kraftvolles Ausdrucksmittel. Wie ein Gem\u00e4lde in Miniaturform tr\u00e4gt sie pers\u00f6nliche Geschichten und Emotionen. Diese Fr\u00fchlingssaison bietet die perfekte Gelegenheit, Ihre eigene Geschichte durch kreative Nagelkunst zu erz\u00e4hlen \u2013 sei es mit eleganten Cut-Outs, verspielten 3D-Elementen oder samtigen Velvet-N\u00e4geln. Welches Design wird Ihre Fr\u00fchlingsfeierlichkeiten 2025 bereichern?<\/p>\n","protected":false},"excerpt":{"rendered":"<p>Die Fr\u00fchlingssaison 2025 l\u00e4dt zum Experimentieren mit Nail Art f\u00fcr besondere Anl\u00e4sse ein. Ob Familienfeiern, Hochzeiten oder die anstehenden Osterfeierlichkeiten \u2013 festliche Nageldesigns verleihen jedem Outfit den perfekten Schliff. &#8222;In diesem Fr\u00fchjahr sehen wir eine Verschmelzung von Minimalismus und dramatischen Elementen, die zusammen ein modernes Statement setzen&#8220;, erkl\u00e4rt Julia Berger, leitende Nail-Artistin im Berliner Studio &#8230; <a title=\"Diese 5 festlichen Nageldesigns f\u00fcr Fr\u00fchling 2025 ver\u00e4nderten meine Hochzeitsplanung (Cut-Out Nails sind mein neues Highlight)\" class=\"read-more\" href=\"https:\/\/www.journee-mondiale.com\/de\/diese-5-festlichen-nageldesigns-fuer-fruehling-2025-veraenderten-meine-hochzeitsplanung-cut-out-nails-sind-mein-neues-highlight\/\" aria-label=\"Mehr Informationen \u00fcber Diese 5 festlichen Nageldesigns f\u00fcr Fr\u00fchling 2025 ver\u00e4nderten meine Hochzeitsplanung (Cut-Out Nails sind mein neues Highlight)\">Lire plus<\/a><\/p>\n","protected":false},"author":1,"featured_media":12371,"comment_status":"","ping_status":"","sticky":false,"template":"","format":"standard","meta":{"footnotes":""},"categories":[48],"tags":[],"class_list":["post-12372","post","type-post","status-publish","format-standard","has-post-thumbnail","hentry","category-lebensstil"],"acf":[],"_yoast_wpseo_primary_category":null,"_yoast_wpseo_title":null,"_yoast_wpseo_metadesc":null,"_links":{"self":[{"href":"https:\/\/www.journee-mondiale.com\/de\/wp-json\/wp\/v2\/posts\/12372","targetHints":{"allow":["GET"]}}],"collection":[{"href":"https:\/\/www.journee-mondiale.com\/de\/wp-json\/wp\/v2\/posts"}],"about":[{"href":"https:\/\/www.journee-mondiale.com\/de\/wp-json\/wp\/v2\/types\/post"}],"author":[{"embeddable":true,"href":"https:\/\/www.journee-mondiale.com\/de\/wp-json\/wp\/v2\/users\/1"}],"replies":[{"embeddable":true,"href":"https:\/\/www.journee-mondiale.com\/de\/wp-json\/wp\/v2\/comments?post=12372"}],"version-history":[{"count":0,"href":"https:\/\/www.journee-mondiale.com\/de\/wp-json\/wp\/v2\/posts\/12372\/revisions"}],"wp:featuredmedia":[{"embeddable":true,"href":"https:\/\/www.journee-mondiale.com\/de\/wp-json\/wp\/v2\/media\/12371"}],"wp:attachment":[{"href":"https:\/\/www.journee-mondiale.com\/de\/wp-json\/wp\/v2\/media?parent=12372"}],"wp:term":[{"taxonomy":"category","embeddable":true,"href":"https:\/\/www.journee-mondiale.com\/de\/wp-json\/wp\/v2\/categories?post=12372"},{"taxonomy":"post_tag","embeddable":true,"href":"https:\/\/www.journee-mondiale.com\/de\/wp-json\/wp\/v2\/tags?post=12372"}],"curies":[{"name":"wp","href":"https:\/\/api.w.org\/{rel}","templated":true}]}}