{"id":12366,"date":"2025-03-09T20:35:36","date_gmt":"2025-03-09T19:35:36","guid":{"rendered":"https:\/\/www.journee-mondiale.com\/de\/diese-5-eleganten-nageltrends-fuer-den-winter-habe-ich-mit-60-entdeckt-sie-staerken-bruechige-naegel\/"},"modified":"2025-03-09T20:35:36","modified_gmt":"2025-03-09T19:35:36","slug":"diese-5-eleganten-nageltrends-fuer-den-winter-habe-ich-mit-60-entdeckt-sie-staerken-bruechige-naegel","status":"publish","type":"post","link":"https:\/\/www.journee-mondiale.com\/de\/diese-5-eleganten-nageltrends-fuer-den-winter-habe-ich-mit-60-entdeckt-sie-staerken-bruechige-naegel\/","title":{"rendered":"Diese 5 eleganten Nageltrends f\u00fcr den Winter habe ich mit 60+ entdeckt (sie st\u00e4rken br\u00fcchige N\u00e4gel)"},"content":{"rendered":"<p>Elegante N\u00e4gel im Winter: Die besten Trends f\u00fcr Frauen \u00fcber 50<\/p>\n<p>Der M\u00e4rz ist die perfekte Zeit, unsere Nagelpflege zu \u00fcberdenken \u2013 besonders f\u00fcr Frauen \u00fcber 50, die sowohl Eleganz als auch Gesundheit ihrer N\u00e4gel im Blick behalten m\u00f6chten. Die abklingende Winterk\u00e4lte hinterl\u00e4sst oft spr\u00f6de, br\u00fcchige N\u00e4gel, die besondere Aufmerksamkeit verdienen. <strong>Winterliche Nagelpflege<\/strong> bedeutet nicht nur \u00e4sthetische Sch\u00f6nheit, sondern auch Schutz vor den Elementen, die unsere N\u00e4gel t\u00e4glich belasten.<\/p>\n<h2>Die angesagtesten Winter-Nageltrends 2025<\/h2>\n<p>In diesem Winter dominieren elegante und zugleich pflegende Looks die Nagelstudios. Nadine Breaty, eine der f\u00fchrenden Nail Artists Deutschlands, erkl\u00e4rt: \u201eNail Art ist nicht nur ein Trend, sondern ein Statement \u00fcber die eigene Identit\u00e4t \u2013 unabh\u00e4ngig vom Alter.&#8220; Besonders beliebt sind aktuell:<\/p>\n<ul>\n<li><strong>Frosty Pearl N\u00e4gel<\/strong> mit zartem Schimmer f\u00fcr einen subtilen Glanz<\/li>\n<li><strong>Velvet Nails<\/strong> in dunklen, satten T\u00f6nen wie Dunkelrot oder Mocha<\/li>\n<li><strong>Olive Glaze Nails<\/strong> f\u00fcr einen eleganten \u00dcbergang in den Fr\u00fchling<\/li>\n<\/ul>\n<h2>Warum Nagelpflege im Winter besonders wichtig ist<\/h2>\n<p>Die Heizungsluft in Kombination mit kalten Au\u00dfentemperaturen wirkt wie ein Feuchtigkeitsr\u00e4uber f\u00fcr unsere N\u00e4gel. \u201eDie richtige Pflege der N\u00e4gel ist entscheidend f\u00fcr die Langlebigkeit der Nail Art&#8220;, betont Dr. Christine Schrammek, renommierte Dermatologin. N\u00e4gel ben\u00f6tigen im Winter, \u00e4hnlich wie zarte Fr\u00fchlingsblumen unter Frost, besonderen Schutz und N\u00e4hrstoffe.<\/p>\n<h2>Pflegetipps f\u00fcr gesunde N\u00e4gel in der \u00dcbergangszeit<\/h2>\n<p>Die letzten Winterwochen und der beginnende Fr\u00fchling bilden eine kritische Zeit f\u00fcr unsere Nagelpflege. <strong>Regelm\u00e4\u00dfige Hydration<\/strong> ist jetzt wichtiger denn je. Wie ein durstiger Garten nach dem Winter brauchen unsere N\u00e4gel intensive Feuchtigkeit, um wieder aufzubl\u00fchen.<\/p>\n<ul>\n<li>T\u00e4gliche Anwendung von Nagel\u00f6l, besonders vor dem Schlafengehen<\/li>\n<li>Handschuhe bei Hausarbeiten und beim letzten Winterspaziergang tragen<\/li>\n<li>Auf acetonfreie Nagellackentferner umsteigen<\/li>\n<\/ul>\n<h2>Der Mandelform-Trend: Schmeichelnd f\u00fcr reifere H\u00e4nde<\/h2>\n<p>Die elegante Mandelform erlebt dieses Jahr ein Comeback und ist besonders vorteilhaft f\u00fcr Frauen \u00fcber 50. Anja Gockel, Stylistin, beobachtet: \u201eFrauen \u00fcber 50 experimentieren zunehmend mit k\u00fcnstlerischen Nail-Art-Designs, die ihre Pers\u00f6nlichkeit unterstreichen.&#8220; Die leicht zugespitzte Form verl\u00e4ngert optisch die Finger und wirkt gleichzeitig zeitlos elegant.<\/p>\n<h2>Mocha Mousse \u2013 die Trendfarbe f\u00fcr stilbewusste Frauen<\/h2>\n<p>Der <strong>warme Braunton Mocha Mousse<\/strong> hat sich als die \u00fcberraschende Farbe des Winters etabliert. Wie eine Tasse hei\u00dfer Schokolade an einem kalten Tag, vermittelt diese Farbe W\u00e4rme und Eleganz zugleich. Die samtige Nuance schmeichelt jedem Hautton und wirkt besonders stilvoll bei k\u00fcrzeren, gepflegten N\u00e4geln.<\/p>\n<h2>Kristall Nails \u2013 Funkelnde Eleganz ohne Altersgrenze<\/h2>\n<p>Der Trend zu <strong>Kristall Nails<\/strong> zeigt, dass funkelnde Designs keine Frage des Alters sind. Eine Kundin erz\u00e4hlte mir k\u00fcrzlich, wie sie nach Jahren dezenter Farben mit einem subtilen Kristalldesign experimentierte und seither nur Komplimente erh\u00e4lt. Die winterliche Interpretation dieses Trends setzt auf dezente Akzente statt \u00fcberm\u00e4\u00dfigen Glitzer.<\/p>\n<h2>Nagelgesundheit von innen f\u00f6rdern<\/h2>\n<p>Ern\u00e4hrung spielt eine entscheidende Rolle f\u00fcr die Nagelgesundheit. Biotin, Eisen und Zink bilden das Fundament f\u00fcr starke N\u00e4gel \u2013 vergleichbar mit dem Grundger\u00fcst eines Hauses. In den letzten Winterwochen empfiehlt sich eine n\u00e4hrstoffreiche Ern\u00e4hrung mit viel Gem\u00fcse, N\u00fcssen und hochwertigem Protein.<\/p>\n<h2>Der \u00dcbergang in den Fr\u00fchling<\/h2>\n<p>Mit den ersten M\u00e4rzsonnenstrahlen d\u00fcrfen wir langsam an hellere Farben denken. <strong>Dark Cassis weicht<\/strong> nun sanfteren T\u00f6nen wie Pastellblau oder zartem Rosa. Wie die Natur selbst, vollziehen auch unsere N\u00e4gel einen sanften \u00dcbergang vom Winter- zum Fr\u00fchlingsoutfit.<\/p>\n<p>Wie werden Sie Ihre N\u00e4gel in diesen letzten Winterwochen pflegen und stylisch in den Fr\u00fchling f\u00fchren? Die richtige Balance aus Pflege und modischem Stil ist keine Zauberei, sondern eine Frage der richtigen Informationen und Produkte. Lassen Sie Ihre H\u00e4nde mit eleganten, gesunden N\u00e4geln zum Blickfang werden \u2013 in jeder Lebensphase.<\/p>\n","protected":false},"excerpt":{"rendered":"<p>Elegante N\u00e4gel im Winter: Die besten Trends f\u00fcr Frauen \u00fcber 50 Der M\u00e4rz ist die perfekte Zeit, unsere Nagelpflege zu \u00fcberdenken \u2013 besonders f\u00fcr Frauen \u00fcber 50, die sowohl Eleganz als auch Gesundheit ihrer N\u00e4gel im Blick behalten m\u00f6chten. Die abklingende Winterk\u00e4lte hinterl\u00e4sst oft spr\u00f6de, br\u00fcchige N\u00e4gel, die besondere Aufmerksamkeit verdienen. Winterliche Nagelpflege bedeutet nicht &#8230; <a title=\"Diese 5 eleganten Nageltrends f\u00fcr den Winter habe ich mit 60+ entdeckt (sie st\u00e4rken br\u00fcchige N\u00e4gel)\" class=\"read-more\" href=\"https:\/\/www.journee-mondiale.com\/de\/diese-5-eleganten-nageltrends-fuer-den-winter-habe-ich-mit-60-entdeckt-sie-staerken-bruechige-naegel\/\" aria-label=\"Mehr Informationen \u00fcber Diese 5 eleganten Nageltrends f\u00fcr den Winter habe ich mit 60+ entdeckt (sie st\u00e4rken br\u00fcchige N\u00e4gel)\">Lire plus<\/a><\/p>\n","protected":false},"author":1,"featured_media":12365,"comment_status":"","ping_status":"","sticky":false,"template":"","format":"standard","meta":{"footnotes":""},"categories":[48],"tags":[],"class_list":["post-12366","post","type-post","status-publish","format-standard","has-post-thumbnail","hentry","category-lebensstil"],"acf":[],"_yoast_wpseo_primary_category":null,"_yoast_wpseo_title":null,"_yoast_wpseo_metadesc":null,"_links":{"self":[{"href":"https:\/\/www.journee-mondiale.com\/de\/wp-json\/wp\/v2\/posts\/12366","targetHints":{"allow":["GET"]}}],"collection":[{"href":"https:\/\/www.journee-mondiale.com\/de\/wp-json\/wp\/v2\/posts"}],"about":[{"href":"https:\/\/www.journee-mondiale.com\/de\/wp-json\/wp\/v2\/types\/post"}],"author":[{"embeddable":true,"href":"https:\/\/www.journee-mondiale.com\/de\/wp-json\/wp\/v2\/users\/1"}],"replies":[{"embeddable":true,"href":"https:\/\/www.journee-mondiale.com\/de\/wp-json\/wp\/v2\/comments?post=12366"}],"version-history":[{"count":0,"href":"https:\/\/www.journee-mondiale.com\/de\/wp-json\/wp\/v2\/posts\/12366\/revisions"}],"wp:featuredmedia":[{"embeddable":true,"href":"https:\/\/www.journee-mondiale.com\/de\/wp-json\/wp\/v2\/media\/12365"}],"wp:attachment":[{"href":"https:\/\/www.journee-mondiale.com\/de\/wp-json\/wp\/v2\/media?parent=12366"}],"wp:term":[{"taxonomy":"category","embeddable":true,"href":"https:\/\/www.journee-mondiale.com\/de\/wp-json\/wp\/v2\/categories?post=12366"},{"taxonomy":"post_tag","embeddable":true,"href":"https:\/\/www.journee-mondiale.com\/de\/wp-json\/wp\/v2\/tags?post=12366"}],"curies":[{"name":"wp","href":"https:\/\/api.w.org\/{rel}","templated":true}]}}