{"id":12364,"date":"2025-03-09T17:33:23","date_gmt":"2025-03-09T16:33:23","guid":{"rendered":"https:\/\/www.journee-mondiale.com\/de\/hybrid-haircuts-2025-warum-ich-den-bixie-schnitt-nach-7-jahren-langen-haaren-und-die-reaktion-meiner-kollegen\/"},"modified":"2025-03-09T17:33:23","modified_gmt":"2025-03-09T16:33:23","slug":"hybrid-haircuts-2025-warum-ich-den-bixie-schnitt-nach-7-jahren-langen-haaren-und-die-reaktion-meiner-kollegen","status":"publish","type":"post","link":"https:\/\/www.journee-mondiale.com\/de\/hybrid-haircuts-2025-warum-ich-den-bixie-schnitt-nach-7-jahren-langen-haaren-und-die-reaktion-meiner-kollegen\/","title":{"rendered":"Hybrid-Haircuts 2025: Warum ich den Bixie-Schnitt nach 7 Jahren langen Haaren&#8230; (und die Reaktion meiner Kollegen)"},"content":{"rendered":"<p>Hybrid-Haircuts sind der Fr\u00fchlingstrend 2025: Pixie, Bob und Lob clever kombiniert! Was klingt wie ein Frisurentraum aus drei Welten, ist tats\u00e4chlich der angesagteste Look f\u00fcr die kommende Saison. Die Grenzen zwischen den klassischen Schnitten verschwimmen und geben den Weg frei f\u00fcr eine neue \u00c4ra individueller Stylingm\u00f6glichkeiten, die perfekt zu den ersten warmen Fr\u00fchlingstagen passen.<\/p>\n<h2>Der Bixie: Die perfekte Fr\u00fchlingsverwandlung<\/h2>\n<p>Der <strong>Bixie<\/strong> vereint die freche K\u00fcrze des Pixie mit der F\u00fclle und Struktur des Bobs. &#8222;Nach den langen Wintermonaten sehnen sich viele meiner Kundinnen nach Ver\u00e4nderung, aber scheuen den radikalen Kurzhaarschnitt. Der Bixie bietet genau diesen sanften \u00dcbergang&#8220;, erkl\u00e4rt Emma Weber, Creative Director des Berliner Salons &#8222;Haarkunst&#8220;. Diese Hybrid-Frisur ist besonders im Fr\u00fchling beliebt, da sie leicht zu stylen ist und dennoch ausreichend Optionen f\u00fcr unterschiedliche Looks bietet \u2013 ideal f\u00fcr <a href=\"https:\/\/www.journee-mondiale.com\/de\/category\/lebensstil\/\" target=\"_blank\">Moderne Lebensstiltrends<\/a> der neuen Saison.<\/p>\n<h2>Shixie: Die k\u00fcrzeste Variante mit maximaler Wirkung<\/h2>\n<p>Der <strong>Shixie<\/strong> verbindet die K\u00fchnheit eines ultrashorts mit der strukturierten Textur des Pixie. Er ist wie ein Fr\u00fchlingswind f\u00fcr Ihr Styling \u2013 erfrischend, belebend und voller Energie. Mit etwas Texturpaste l\u00e4sst sich dieser Look in Sekunden stylen \u2013 perfekt f\u00fcr stressige Fr\u00fchlingsmorgen, wenn die Uhr gegen Sie arbeitet.<\/p>\n<blockquote><p>\n&#8222;Der Shixie ist f\u00fcr alle, die Mut zur Ver\u00e4nderung haben. Er wirkt besonders bei starken Gesichtsz\u00fcgen und verleiht jedem Look sofort Charakter,&#8220; schw\u00e4rmt Thomas Schmidt, Meisterfriseur und Teilnehmer beim letzten <a href=\"https:\/\/www.journee-mondiale.com\/de\/84\/tag-der-friseure\/\" target=\"_blank\">Tag der Friseure<\/a>.\n<\/p><\/blockquote>\n<h2>Clavicut: Der elegante Lob-Hybrid f\u00fcr den Business-Fr\u00fchling<\/h2>\n<p>Der <strong>Clavicut<\/strong> schwebt genau zwischen Bob und Lob \u2013 wie ein perfekt ausbalancierter Fr\u00fchlingscocktail. Die L\u00e4nge bis zum Schl\u00fcsselbein schmeichelt nahezu jeder Gesichtsform und eignet sich hervorragend f\u00fcr die wechselhaften Fr\u00fchlingstemperaturen. Mit etwas Volumenschaum wird er zur eleganten B\u00fcrofrisur, mit Salzspray verwandelt er sich in einen l\u00e4ssigen Beach-Look.<\/p>\n<h3>Pixie-Lob: Drei Styling-Varianten f\u00fcr jeden Fr\u00fchlingstag<\/h3>\n<ul>\n<li>Nat\u00fcrlich und windresistent mit Texturspray<\/li>\n<li>Elegant gestylt mit etwas Glanzspray f\u00fcr Abendveranstaltungen<\/li>\n<li>Locker und verspielt mit leichten Wellen f\u00fcr das Wochenende<\/li>\n<\/ul>\n<p>Der <strong>Pixie-Lob<\/strong> ist wie ein Cham\u00e4leon unter den Fr\u00fchlingsfrisuren \u2013 anpassungsf\u00e4hig und vielseitig f\u00fcr jeden Anlass. Besonders die Variabilit\u00e4t macht ihn zum Favoriten f\u00fcr den <a href=\"https:\/\/www.journee-mondiale.com\/de\/406\/internationaler-tag-der-schonheit\/\" target=\"_blank\">Internationaler Tag der Sch\u00f6nheit<\/a> und dar\u00fcber hinaus.<\/p>\n<h2>Mikro-Bob: Der franz\u00f6sische Fr\u00fchlingstraum<\/h2>\n<p>Paris l\u00e4sst gr\u00fc\u00dfen! Der <strong>Mikro-Bob<\/strong> vereint die Pr\u00e4zision des klassischen franz\u00f6sischen Bobs mit der Leichtigkeit eines Pixies im Nackenbereich. Wie die ersten Bl\u00fcten im Fr\u00fchling ist dieser Schnitt ein Blickfang und strahlt m\u00fchelos Eleganz aus.<\/p>\n<blockquote><p>\n&#8222;Ein Mikro-Bob ist wie ein guter Espresso \u2013 konzentriert, charaktervoll und mit der richtigen Balance aus S\u00fc\u00dfe und St\u00e4rke,&#8220; vergleicht Lisa Hoffmann vom Hamburger Salon &#8222;Schneidekunst&#8220;.\n<\/p><\/blockquote>\n<h2>Styling-Grundlagen f\u00fcr jeden Hybrid-Cut im Fr\u00fchling<\/h2>\n<ul>\n<li>Investiere in ein <strong>hochwertiges Trockenshampoo<\/strong> f\u00fcr Frische am zweiten Tag<\/li>\n<li>Verwende <strong>Hitzeschutzspray<\/strong> vor jedem Styling mit Hitze<\/li>\n<li>Entdecke die Kraft von <strong>Volumenpulvern<\/strong> f\u00fcr sofortige Textur<\/li>\n<\/ul>\n<p>Prominente wie Florence Pugh und Zo\u00eb Kravitz tragen bereits verschiedene Hybrid-Cuts und inspirieren damit Frauen weltweit. Die <a href=\"https:\/\/www.journee-mondiale.com\/de\/536\/welttag-der-komplimente\/\" target=\"_blank\">Kunst der Komplimente<\/a> bl\u00fcht gerade um diese innovativen Looks, die den \u00dcbergang in die w\u00e4rmere Jahreszeit perfekt begleiten.<\/p>\n<h2>Bereit f\u00fcr deine Hybrid-Verwandlung?<\/h2>\n<p>Der Fr\u00fchling ist die ideale Zeit f\u00fcr Ver\u00e4nderung \u2013 wie ein Schmetterling, der seine Winterh\u00fclle abstreift. Hybrid-Haircuts bieten genau die richtige Balance zwischen Wagnis und Vertrautheit. Ob Bixie, Shixie oder Clavicut \u2013 alle diese Schnitte vereinen das Beste aus verschiedenen Frisurenklassikern und schaffen so etwas wunderbar Neues, das <a href=\"https:\/\/www.journee-mondiale.com\/de\/category\/reisen\/\" target=\"_blank\">Internationale Haartrends<\/a> mit pers\u00f6nlichem Stil verbindet. Wagen Sie den Schritt und entdecken Sie, welcher Hybrid-Cut Ihre Pers\u00f6nlichkeit zum Strahlen bringt!<\/p>\n","protected":false},"excerpt":{"rendered":"<p>Hybrid-Haircuts sind der Fr\u00fchlingstrend 2025: Pixie, Bob und Lob clever kombiniert! Was klingt wie ein Frisurentraum aus drei Welten, ist tats\u00e4chlich der angesagteste Look f\u00fcr die kommende Saison. Die Grenzen zwischen den klassischen Schnitten verschwimmen und geben den Weg frei f\u00fcr eine neue \u00c4ra individueller Stylingm\u00f6glichkeiten, die perfekt zu den ersten warmen Fr\u00fchlingstagen passen. Der &#8230; <a title=\"Hybrid-Haircuts 2025: Warum ich den Bixie-Schnitt nach 7 Jahren langen Haaren&#8230; (und die Reaktion meiner Kollegen)\" class=\"read-more\" href=\"https:\/\/www.journee-mondiale.com\/de\/hybrid-haircuts-2025-warum-ich-den-bixie-schnitt-nach-7-jahren-langen-haaren-und-die-reaktion-meiner-kollegen\/\" aria-label=\"Mehr Informationen \u00fcber Hybrid-Haircuts 2025: Warum ich den Bixie-Schnitt nach 7 Jahren langen Haaren&#8230; (und die Reaktion meiner Kollegen)\">Lire plus<\/a><\/p>\n","protected":false},"author":1,"featured_media":12363,"comment_status":"","ping_status":"","sticky":false,"template":"","format":"standard","meta":{"footnotes":""},"categories":[48],"tags":[],"class_list":["post-12364","post","type-post","status-publish","format-standard","has-post-thumbnail","hentry","category-lebensstil"],"acf":[],"_yoast_wpseo_primary_category":null,"_yoast_wpseo_title":null,"_yoast_wpseo_metadesc":null,"_links":{"self":[{"href":"https:\/\/www.journee-mondiale.com\/de\/wp-json\/wp\/v2\/posts\/12364","targetHints":{"allow":["GET"]}}],"collection":[{"href":"https:\/\/www.journee-mondiale.com\/de\/wp-json\/wp\/v2\/posts"}],"about":[{"href":"https:\/\/www.journee-mondiale.com\/de\/wp-json\/wp\/v2\/types\/post"}],"author":[{"embeddable":true,"href":"https:\/\/www.journee-mondiale.com\/de\/wp-json\/wp\/v2\/users\/1"}],"replies":[{"embeddable":true,"href":"https:\/\/www.journee-mondiale.com\/de\/wp-json\/wp\/v2\/comments?post=12364"}],"version-history":[{"count":0,"href":"https:\/\/www.journee-mondiale.com\/de\/wp-json\/wp\/v2\/posts\/12364\/revisions"}],"wp:featuredmedia":[{"embeddable":true,"href":"https:\/\/www.journee-mondiale.com\/de\/wp-json\/wp\/v2\/media\/12363"}],"wp:attachment":[{"href":"https:\/\/www.journee-mondiale.com\/de\/wp-json\/wp\/v2\/media?parent=12364"}],"wp:term":[{"taxonomy":"category","embeddable":true,"href":"https:\/\/www.journee-mondiale.com\/de\/wp-json\/wp\/v2\/categories?post=12364"},{"taxonomy":"post_tag","embeddable":true,"href":"https:\/\/www.journee-mondiale.com\/de\/wp-json\/wp\/v2\/tags?post=12364"}],"curies":[{"name":"wp","href":"https:\/\/api.w.org\/{rel}","templated":true}]}}