{"id":12362,"date":"2025-03-09T15:54:58","date_gmt":"2025-03-09T14:54:58","guid":{"rendered":"https:\/\/www.journee-mondiale.com\/de\/diese-3-schritt-methode-verhindert-peinliche-nagellack-pannen-ohne-teure-hilfsmittel\/"},"modified":"2025-03-09T15:54:58","modified_gmt":"2025-03-09T14:54:58","slug":"diese-3-schritt-methode-verhindert-peinliche-nagellack-pannen-ohne-teure-hilfsmittel","status":"publish","type":"post","link":"https:\/\/www.journee-mondiale.com\/de\/diese-3-schritt-methode-verhindert-peinliche-nagellack-pannen-ohne-teure-hilfsmittel\/","title":{"rendered":"Diese 3-Schritt-Methode verhindert peinliche Nagellack-Pannen (ohne teure Hilfsmittel)"},"content":{"rendered":"<p>Die Fr\u00fchlingssaison l\u00e4dt zu farbenfrohen N\u00e4geln ein, doch wie oft k\u00e4mpfen wir mit l\u00e4stigen Verunreinigungen beim Lackieren? Die perfekte Manik\u00fcre f\u00fcr den M\u00e4rz-Flair erfordert mehr als nur eine ruhige Hand \u2013 sie ist eine Mischung aus Technik, Geduld und den richtigen Tricks. Mit den passenden Hilfsmitteln wird das Nagellackieren zu einem entspannten Ritual statt einer frustrierenden Herausforderung.<\/p>\n<h2>Warum unsere Manik\u00fcre oft nicht wie gew\u00fcnscht aussieht<\/h2>\n<p>Viele von uns haben schon erlebt, wie der Nagellack an den Seiten schmiert oder unsch\u00f6ne Blasen wirft. <strong>Mangelnde Vorbereitung<\/strong> ist oft der Hauptgrund. &#8222;Die meisten Menschen \u00fcberspringen die wichtigsten Vorbereitungsschritte und wundern sich dann \u00fcber das ungleichm\u00e4\u00dfige Ergebnis&#8220;, erkl\u00e4rt Naildesignerin Julia Weber aus Berlin.<\/p>\n<h2>Die richtige Vorbereitung ist die halbe Manik\u00fcre<\/h2>\n<p>Vor dem Lackieren sollten die N\u00e4gel <strong>gr\u00fcndlich gereinigt<\/strong> und entfettet werden. Gerade im Fr\u00fchling, wenn wir mehr Zeit drau\u00dfen verbringen, sammeln sich R\u00fcckst\u00e4nde an unseren H\u00e4nden. Ein mildes Peeling der H\u00e4nde vor der <a href=\"https:\/\/www.journee-mondiale.com\/de\/427\/tag-der-hand\/\" target=\"_blank\">Tag der Hand<\/a>-w\u00fcrdigen Manik\u00fcre \u00f6ffnet die Poren und bereitet die Haut optimal vor.<\/p>\n<h2>Innovative Hilfsmittel f\u00fcr saubere R\u00e4nder<\/h2>\n<p>Das <strong>Nail Tape Peel-Off<\/strong> revolutioniert das heimische Nagelstudio. Diese speziellen Klebestreifen werden um den Nagel herum aufgetragen und nach dem Lackieren einfach abgezogen. &#8222;Diese Tapes haben meine Manik\u00fcre-Routine komplett ver\u00e4ndert&#8220;, schw\u00e4rmt Lifestyle-Bloggerin Laura Schmidt. &#8222;Was fr\u00fcher eine Stunde dauerte, schaffe ich jetzt in 20 Minuten \u2013 makellos.&#8220;<\/p>\n<h2>Die Vaseline-Methode f\u00fcr Anf\u00e4ngerinnen<\/h2>\n<p>Eine g\u00fcnstige Alternative zum Nail Tape ist <strong>gew\u00f6hnliche Vaseline<\/strong>. Tragen Sie einen d\u00fcnnen Film um den Nagelrand auf, und etwaige Verunreinigungen lassen sich sp\u00e4ter m\u00fchelos wegwischen. Diese Methode eignet sich besonders f\u00fcr Anf\u00e4ngerinnen und spontane <a href=\"https:\/\/www.journee-mondiale.com\/de\/12\/tag-der-schonheit\/\" target=\"_blank\">Tag der Sch\u00f6nheit<\/a>-Momente zu Hause.<\/p>\n<h2>Die richtige Technik macht den Unterschied<\/h2>\n<p>Die Applikation erfolgt idealerweise in <strong>drei d\u00fcnnen Schichten<\/strong>:<\/p>\n<ul>\n<li>Eine d\u00fcnne Basisschicht<\/li>\n<li>Zwei Farbschichten<\/li>\n<li>Ein transparenter Topcoat<\/li>\n<\/ul>\n<h2>Dr. M\u00fcllers 3-Punkte-Technik<\/h2>\n<p><strong>Dr. Anna M\u00fcller<\/strong>, Dermatologin mit Schwerpunkt Nagelgesundheit, empfiehlt: &#8222;Setzen Sie den Pinsel zun\u00e4chst in der Nagelmitte auf, dann links und rechts davon. Wie ein Maler, der sein Gem\u00e4lde skizziert, bevor er die Details ausarbeitet.&#8220; Diese kontrollierte Herangehensweise minimiert das Risiko von Fehlern, die besonders bei <a href=\"https:\/\/www.journee-mondiale.com\/de\/522\/tag-der-wellness\/\" target=\"_blank\">Tag der Wellness<\/a>-Events peinlich sein k\u00f6nnen.<\/p>\n<h2>F\u00fcr wen eignen sich welche Produkte?<\/h2>\n<p>Die Produktwahl h\u00e4ngt vom <strong>individuellen Geschick<\/strong> ab:<\/p>\n<ul>\n<li>Anf\u00e4nger: Nagellacke mit breitem Pinsel<\/li>\n<li>Fortgeschrittene: Schnelltrocknende Formeln<\/li>\n<li>Profis: Gel-Lacke f\u00fcr l\u00e4ngere Haltbarkeit<\/li>\n<\/ul>\n<h2>Die Rolle der Umgebung beim Lackieren<\/h2>\n<p>Ein oft \u00fcbersehener Faktor ist die <strong>Raumtemperatur<\/strong>. &#8222;Bei zu hoher Luftfeuchtigkeit trocknet der Lack langsamer und neigt zum Verlaufen&#8220;, erkl\u00e4rt Chemiker Dr. Thomas Berg. Der fr\u00fche Fr\u00fchling mit seinen Temperaturschwankungen erfordert besondere Aufmerksamkeit. Eine stabile Unterlage wirkt wie ein Anker f\u00fcr Ihre Hand \u2013 vergleichbar mit dem Fundament eines Hauses.<\/p>\n<h2>Makellose N\u00e4gel als Ausdruck pers\u00f6nlicher Gesundheit<\/h2>\n<p>Gepflegte N\u00e4gel sind mehr als Kosmetik \u2013 sie spiegeln unsere <strong>k\u00f6rperliche Gesundheit<\/strong> wider. &#8222;Die Nagelplatte ist wie ein Fenster zu unserem Inneren&#8220;, betont Dr. M\u00fcller. Eine sorgf\u00e4ltige Manik\u00fcre kann sogar therapeutisch wirken und ist ein wichtiger Aspekt des <a href=\"https:\/\/www.journee-mondiale.com\/de\/406\/tag-der-gesundheit\/\" target=\"_blank\">Tag der Gesundheit<\/a>.<\/p>\n<h2>Selbstgemachte Manik\u00fcre als handwerkliche Kunst<\/h2>\n<p>Mit etwas \u00dcbung wird das Nagellackieren zu einer <strong>meditativen Praxis<\/strong>, \u00e4hnlich wie andere handwerkliche T\u00e4tigkeiten. Die pr\u00e4zisen Bewegungen schulen Feinmotorik und Konzentration \u2013 F\u00e4higkeiten, die beim <a href=\"https:\/\/www.journee-mondiale.com\/de\/450\/tag-des-handwerks\/\" target=\"_blank\">Tag des Handwerks<\/a> gefeiert werden. Wie w\u00e4re es, Ihre neuen Nagellack-Fertigkeiten mit Freundinnen zu teilen?<\/p>\n<p>Mit diesen Fr\u00fchlingstipps steht Ihrer perfekten heimischen Manik\u00fcre nichts mehr im Weg. Befreien Sie sich von der Frustration verschmierter N\u00e4gel und genie\u00dfen Sie stattdessen den Prozess als Moment der Selbstf\u00fcrsorge. Ihre H\u00e4nde werden es Ihnen danken \u2013 und Komplimente sind garantiert!<\/p>\n","protected":false},"excerpt":{"rendered":"<p>Die Fr\u00fchlingssaison l\u00e4dt zu farbenfrohen N\u00e4geln ein, doch wie oft k\u00e4mpfen wir mit l\u00e4stigen Verunreinigungen beim Lackieren? Die perfekte Manik\u00fcre f\u00fcr den M\u00e4rz-Flair erfordert mehr als nur eine ruhige Hand \u2013 sie ist eine Mischung aus Technik, Geduld und den richtigen Tricks. Mit den passenden Hilfsmitteln wird das Nagellackieren zu einem entspannten Ritual statt einer &#8230; <a title=\"Diese 3-Schritt-Methode verhindert peinliche Nagellack-Pannen (ohne teure Hilfsmittel)\" class=\"read-more\" href=\"https:\/\/www.journee-mondiale.com\/de\/diese-3-schritt-methode-verhindert-peinliche-nagellack-pannen-ohne-teure-hilfsmittel\/\" aria-label=\"Mehr Informationen \u00fcber Diese 3-Schritt-Methode verhindert peinliche Nagellack-Pannen (ohne teure Hilfsmittel)\">Lire plus<\/a><\/p>\n","protected":false},"author":1,"featured_media":12361,"comment_status":"","ping_status":"","sticky":false,"template":"","format":"standard","meta":{"footnotes":""},"categories":[48],"tags":[],"class_list":["post-12362","post","type-post","status-publish","format-standard","has-post-thumbnail","hentry","category-lebensstil"],"acf":[],"_yoast_wpseo_primary_category":null,"_yoast_wpseo_title":null,"_yoast_wpseo_metadesc":null,"_links":{"self":[{"href":"https:\/\/www.journee-mondiale.com\/de\/wp-json\/wp\/v2\/posts\/12362","targetHints":{"allow":["GET"]}}],"collection":[{"href":"https:\/\/www.journee-mondiale.com\/de\/wp-json\/wp\/v2\/posts"}],"about":[{"href":"https:\/\/www.journee-mondiale.com\/de\/wp-json\/wp\/v2\/types\/post"}],"author":[{"embeddable":true,"href":"https:\/\/www.journee-mondiale.com\/de\/wp-json\/wp\/v2\/users\/1"}],"replies":[{"embeddable":true,"href":"https:\/\/www.journee-mondiale.com\/de\/wp-json\/wp\/v2\/comments?post=12362"}],"version-history":[{"count":0,"href":"https:\/\/www.journee-mondiale.com\/de\/wp-json\/wp\/v2\/posts\/12362\/revisions"}],"wp:featuredmedia":[{"embeddable":true,"href":"https:\/\/www.journee-mondiale.com\/de\/wp-json\/wp\/v2\/media\/12361"}],"wp:attachment":[{"href":"https:\/\/www.journee-mondiale.com\/de\/wp-json\/wp\/v2\/media?parent=12362"}],"wp:term":[{"taxonomy":"category","embeddable":true,"href":"https:\/\/www.journee-mondiale.com\/de\/wp-json\/wp\/v2\/categories?post=12362"},{"taxonomy":"post_tag","embeddable":true,"href":"https:\/\/www.journee-mondiale.com\/de\/wp-json\/wp\/v2\/tags?post=12362"}],"curies":[{"name":"wp","href":"https:\/\/api.w.org\/{rel}","templated":true}]}}