{"id":12358,"date":"2025-03-09T13:22:30","date_gmt":"2025-03-09T12:22:30","guid":{"rendered":"https:\/\/www.journee-mondiale.com\/de\/warum-ich-meinen-bob-mit-pony-liebe-und-wie-er-mein-gesicht-um-30-verjuengt-hat\/"},"modified":"2025-03-09T13:22:30","modified_gmt":"2025-03-09T12:22:30","slug":"warum-ich-meinen-bob-mit-pony-liebe-und-wie-er-mein-gesicht-um-30-verjuengt-hat","status":"publish","type":"post","link":"https:\/\/www.journee-mondiale.com\/de\/warum-ich-meinen-bob-mit-pony-liebe-und-wie-er-mein-gesicht-um-30-verjuengt-hat\/","title":{"rendered":"Warum ich meinen Bob mit Pony liebe (und wie er mein Gesicht um 30% verj\u00fcngt hat)"},"content":{"rendered":"<p>Der Fr\u00fchling 2025 ist da \u2013 und mit ihm ein Frisurentrend, der klassische Eleganz mit modernem Chic verbindet: Der <strong>French Bob mit Pony<\/strong>. Diese zeitlose Kombination erlebt gerade ein fulminantes Comeback und begeistert mit ihrer Vielseitigkeit und m\u00fchelosen Eleganz. Genau richtig, um unseren Look nach den kalten Wintermonaten aufzufrischen!<\/p>\n<h2>Die Renaissance des French Bob mit Pony<\/h2>\n<p>Der <strong>French Bob<\/strong> zeichnet sich durch seine pr\u00e4zise, kinnlange Schnittf\u00fchrung aus und verleiht dem Gesicht einen eleganten Rahmen. \u201eWas diesen Schnitt im Fr\u00fchling 2025 so besonders macht, ist die Kombination mit einem Pony, der das Gesicht umschmeichelt und den Blick betont&#8220;, erkl\u00e4rt <strong>Thomas Schmidt<\/strong>, Meisterfriseur im Berliner Salon &#8222;Haarkunst&#8220;.<\/p>\n<h2>Warum gerade jetzt dieser Trend?<\/h2>\n<p>Nach den langen Wintermonaten sehnen wir uns nach Ver\u00e4nderung. Wie ein Schmetterling, der sich aus seinem Kokon befreit, erm\u00f6glicht uns der French Bob mit Pony, unsere Pers\u00f6nlichkeit neu zu entfalten. Die <a href=\"https:\/\/www.journee-mondiale.com\/de\/category\/lebensstil\/\" target=\"_blank\">Moderne Frisurtrends<\/a> zeigen: Diese Kombination ist mehr als nur ein Haarschnitt \u2013 sie ist eine Hommage an Selbstbewusstsein und Stilsicherheit.<\/p>\n<h2>F\u00fcr wen eignet sich der French Bob mit Pony?<\/h2>\n<p>Die gute Nachricht: Diese <strong>Frisurkombination<\/strong> ist erstaunlich anpassungsf\u00e4hig. \u201eIch habe Kundinnen mit runden, ovalen und herzf\u00f6rmigen Gesichtern, die alle wunderbar mit diesem Look strahlen&#8220;, berichtet <strong>Eva Berger<\/strong>, Style-Direktorin bei &#8222;Haar &#038; Stil&#8220; in M\u00fcnchen. Der Schl\u00fcssel liegt in der individuellen Anpassung des Ponys:<\/p>\n<ul>\n<li>Ovale Gesichter: Gerader, dichter Pony<\/li>\n<li>Runde Gesichter: Seitlich geteilter oder Curtain-Pony<\/li>\n<li>Eckige Gesichter: Weicher, gestufter Pony<\/li>\n<\/ul>\n<h2>Der French Touch im Fr\u00fchlingsoutfit<\/h2>\n<p>Mit den ersten Sonnenstrahlen und aufbl\u00fchenden Knospen harmoniert der French Bob perfekt. Wie ein ma\u00dfgeschneidertes Kleidungsst\u00fcck betont er unsere nat\u00fcrliche Sch\u00f6nheit, ohne aufgesetzt zu wirken. Die <a href=\"https:\/\/www.journee-mondiale.com\/de\/\" target=\"_blank\">Aktuelle Haartrends 2025<\/a> zeigen: Nat\u00fcrlichkeit steht im Vordergrund.<\/p>\n<h2>Styling-Optionen f\u00fcr jeden Tag<\/h2>\n<p>Das Sch\u00f6ne am French Bob mit Pony: Er ben\u00f6tigt wenig Aufwand beim t\u00e4glichen <strong>Styling<\/strong>. F\u00fcr die Morgeneile empfehle ich diese einfachen Tricks:<\/p>\n<ul>\n<li>Sleek Look: F\u00f6hnen mit Rundb\u00fcrste und etwas Glanzspray<\/li>\n<li>Messy Style: Mit Texturspray f\u00fcr l\u00e4ssigen Undone-Look<\/li>\n<li>Nat\u00fcrlich: Lufttrocknen mit etwas Styling-Creme<\/li>\n<\/ul>\n<h2>Die Geschichte hinter dem Trend<\/h2>\n<p>Der French Bob hat seine Wurzeln in den 1920er Jahren, als mutige Frauen begannen, mit k\u00fcrzeren Haaren zu experimentieren. \u201eWas viele nicht wissen: Der French Bob war damals ein Symbol der Emanzipation&#8220;, verr\u00e4t Kulturhistorikerin <strong>Maria Vogel<\/strong>. Heute verbindet die <a href=\"https:\/\/www.journee-mondiale.com\/de\/geschichte-der-welttage\/\" target=\"_blank\">Geschichte der Frisurentrends<\/a> Tradition mit Modernit\u00e4t.<\/p>\n<h2>Pflegetipps f\u00fcr den perfekten Look<\/h2>\n<p>Ein pr\u00e4ziser Schnitt ben\u00f6tigt die richtige <strong>Haarpflege<\/strong>. Die Herausforderung im Fr\u00fchling: Regen und Luftfeuchtigkeit k\u00f6nnen den Look beeintr\u00e4chtigen. Ein leichtes \u00d6l auf den Spitzen und regelm\u00e4\u00dfige Trims alle 4-6 Wochen halten den Bob in Form. <a href=\"https:\/\/www.journee-mondiale.com\/de\/juridisk-informationen\/\" target=\"_blank\">Expertentipps f\u00fcr Haarpflege<\/a> helfen, den Look l\u00e4nger frisch zu halten.<\/p>\n<h2>Kultureller Einfluss und internationale Variationen<\/h2>\n<p>Von Paris bis Tokio &#8211; der French Bob inspiriert <strong>Frisurentrends<\/strong> weltweit. In Japan interpretiert man ihn mit superscharfen Kanten, w\u00e4hrend die <a href=\"https:\/\/www.journee-mondiale.com\/de\/category\/reisen\/\" target=\"_blank\">Internationale Frisurstile<\/a> in Skandinavien eher auf weichere, nat\u00fcrlichere Linien setzen. Diese globale Vielseitigkeit macht ihn so zeitlos.<\/p>\n<h2>Bereit f\u00fcr deine pers\u00f6nliche Verwandlung?<\/h2>\n<p>Der French Bob mit Pony ist wie ein neues Kapitel, das darauf wartet, geschrieben zu werden. Er verk\u00f6rpert den perfekten Balance-Akt zwischen Selbstpflege und Selbstausdruck \u2013 genau das, was wir im Fr\u00fchling 2025 suchen. Traust du dich, diese Verwandlung zu wagen?<\/p>\n","protected":false},"excerpt":{"rendered":"<p>Der Fr\u00fchling 2025 ist da \u2013 und mit ihm ein Frisurentrend, der klassische Eleganz mit modernem Chic verbindet: Der French Bob mit Pony. Diese zeitlose Kombination erlebt gerade ein fulminantes Comeback und begeistert mit ihrer Vielseitigkeit und m\u00fchelosen Eleganz. Genau richtig, um unseren Look nach den kalten Wintermonaten aufzufrischen! Die Renaissance des French Bob mit &#8230; <a title=\"Warum ich meinen Bob mit Pony liebe (und wie er mein Gesicht um 30% verj\u00fcngt hat)\" class=\"read-more\" href=\"https:\/\/www.journee-mondiale.com\/de\/warum-ich-meinen-bob-mit-pony-liebe-und-wie-er-mein-gesicht-um-30-verjuengt-hat\/\" aria-label=\"Mehr Informationen \u00fcber Warum ich meinen Bob mit Pony liebe (und wie er mein Gesicht um 30% verj\u00fcngt hat)\">Lire plus<\/a><\/p>\n","protected":false},"author":1,"featured_media":12357,"comment_status":"","ping_status":"","sticky":false,"template":"","format":"standard","meta":{"footnotes":""},"categories":[48],"tags":[],"class_list":["post-12358","post","type-post","status-publish","format-standard","has-post-thumbnail","hentry","category-lebensstil"],"acf":[],"_yoast_wpseo_primary_category":null,"_yoast_wpseo_title":null,"_yoast_wpseo_metadesc":null,"_links":{"self":[{"href":"https:\/\/www.journee-mondiale.com\/de\/wp-json\/wp\/v2\/posts\/12358","targetHints":{"allow":["GET"]}}],"collection":[{"href":"https:\/\/www.journee-mondiale.com\/de\/wp-json\/wp\/v2\/posts"}],"about":[{"href":"https:\/\/www.journee-mondiale.com\/de\/wp-json\/wp\/v2\/types\/post"}],"author":[{"embeddable":true,"href":"https:\/\/www.journee-mondiale.com\/de\/wp-json\/wp\/v2\/users\/1"}],"replies":[{"embeddable":true,"href":"https:\/\/www.journee-mondiale.com\/de\/wp-json\/wp\/v2\/comments?post=12358"}],"version-history":[{"count":0,"href":"https:\/\/www.journee-mondiale.com\/de\/wp-json\/wp\/v2\/posts\/12358\/revisions"}],"wp:featuredmedia":[{"embeddable":true,"href":"https:\/\/www.journee-mondiale.com\/de\/wp-json\/wp\/v2\/media\/12357"}],"wp:attachment":[{"href":"https:\/\/www.journee-mondiale.com\/de\/wp-json\/wp\/v2\/media?parent=12358"}],"wp:term":[{"taxonomy":"category","embeddable":true,"href":"https:\/\/www.journee-mondiale.com\/de\/wp-json\/wp\/v2\/categories?post=12358"},{"taxonomy":"post_tag","embeddable":true,"href":"https:\/\/www.journee-mondiale.com\/de\/wp-json\/wp\/v2\/tags?post=12358"}],"curies":[{"name":"wp","href":"https:\/\/api.w.org\/{rel}","templated":true}]}}