{"id":12356,"date":"2025-03-09T11:15:05","date_gmt":"2025-03-09T10:15:05","guid":{"rendered":"https:\/\/www.journee-mondiale.com\/de\/diese-7-samtigen-nageltrends-fuer-maerz-2025-verwandeln-ihre-winterhaende-und-warum-der-velvet-finish-jetzt-alle-ueberrascht\/"},"modified":"2025-03-09T11:15:05","modified_gmt":"2025-03-09T10:15:05","slug":"diese-7-samtigen-nageltrends-fuer-maerz-2025-verwandeln-ihre-winterhaende-und-warum-der-velvet-finish-jetzt-alle-ueberrascht","status":"publish","type":"post","link":"https:\/\/www.journee-mondiale.com\/de\/diese-7-samtigen-nageltrends-fuer-maerz-2025-verwandeln-ihre-winterhaende-und-warum-der-velvet-finish-jetzt-alle-ueberrascht\/","title":{"rendered":"Diese 7 Samtigen Nageltrends f\u00fcr M\u00e4rz 2025 verwandeln Ihre Winterh\u00e4nde (&#8230; und warum der Velvet-Finish jetzt alle \u00fcberrascht)"},"content":{"rendered":"<p>Der Winter ist die perfekte Zeit, um stilvolle Nagellooks zu pr\u00e4sentieren, die nicht nur festlich gl\u00e4nzen, sondern auch f\u00fcr W\u00e4rme in der kalten M\u00e4rzluft sorgen. Der <strong>Nageltrend 2025<\/strong> zeigt sich in einer beeindruckenden Mischung aus luxuri\u00f6sen Farben und innovativen Texturen, die selbst graue Wintertage zum Strahlen bringen. Entdecken wir gemeinsam, welche Nageldesigns diesen Sp\u00e4twinter dominieren und wie du sie stilvoll in deinen Alltag integrieren kannst.<\/p>\n<h2>Die Farbpalette des Winters: Luxuri\u00f6se Edelsteint\u00f6ne<\/h2>\n<p>Wenn es drau\u00dfen noch kalt ist, bringen <strong>intensive Juwelent\u00f6ne<\/strong> Farbe ins Leben. &#8222;Die Nachfrage nach tiefen Ruby-, Amethyst- und Smaragdt\u00f6nen steigt jedes Jahr im Winter, aber 2025 sehen wir diese Farben in noch satter und luxuri\u00f6ser Ausf\u00fchrung&#8220;, erkl\u00e4rt Nagelexpertin Lisa Hoffmann vom Berliner Premium-Nagelstudio &#8222;Glanzzeit&#8220;. Diese edlen Farben verleihen selbst der einfachsten Nagelform einen Hauch von Eleganz.<\/p>\n<h2>Samtiger Velvet-Finish: Die Textur-Revolution<\/h2>\n<p>Der vielleicht faszinierendste Trend dieses Winters ist der <strong>Velvet-Finish<\/strong> \u2013 N\u00e4gel mit einer samtig-weichen Optik, die f\u00f6rmlich zum Ber\u00fchren einl\u00e4dt. &#8222;Die Textur verleiht klassischen Farben eine v\u00f6llig neue Dimension und wirkt besonders bei ged\u00e4mpftem Licht nahezu magisch,&#8220; schw\u00e4rmt <a href=\"https:\/\/www.journee-mondiale.com\/de\/category\/lebensstil\/\" target=\"_blank\">Aktuelle Beauty-Trends<\/a> Expertin Julia Weber. Diese innovative Technik hat sich von internationalen Laufstegen direkt in deutsche Nagelstudios verbreitet.<\/p>\n<h2>Modern interpretiert: Der neue French Look<\/h2>\n<p>Die klassische franz\u00f6sische Manik\u00fcre erh\u00e4lt 2025 ein dramatisches Update mit <strong>Dual-toned French Tips<\/strong>. Statt des traditionellen Wei\u00df zieren warme, kontrastierende Farben die Nagelspitzen \u2013 von Burgunderrot bis Mitternachtsblau. Diese Technik schmeichelt besonders den bei Deutschen beliebten k\u00fcrzeren Nagelformen und bietet gleichzeitig ein stilvolles Statement f\u00fcr den Alltag.<\/p>\n<h2>Minimalistische Metallic-Details f\u00fcr maximale Wirkung<\/h2>\n<p>F\u00fcr alle, die es dezenter m\u00f6gen, sind <strong>subtile Metallic-Akzente<\/strong> die perfekte Wahl. Auf einer Basis aus neutralem Nagellack sorgen feine goldene oder silberne Linien f\u00fcr einen Hauch von Glamour. Diese Designs sind inspiriert von <a href=\"https:\/\/www.journee-mondiale.com\/de\/category\/reisen\/\" target=\"_blank\">Internationale Modeeinfl\u00fcsse<\/a> und lassen sich wunderbar mit der deutschen Vorliebe f\u00fcr Eleganz mit Zur\u00fcckhaltung verbinden.<\/p>\n<h2>Die beliebtesten Nagelformen des Winters<\/h2>\n<ul>\n<li><strong>Mandelform<\/strong> \u2013 schmeichelt jeder Handform und bietet viel Raum f\u00fcr Designs<\/li>\n<li><strong>Abgerundetes Quadrat<\/strong> \u2013 praktisch und gleichzeitig elegant<\/li>\n<li><strong>Leicht zugespitzte Oval-Form<\/strong> \u2013 der perfekte Kompromiss aus Alltag und Statement<\/li>\n<\/ul>\n<h2>Pflegetipps f\u00fcr gesunde Wintern\u00e4gel<\/h2>\n<p>&#8222;Eine gute Nagelpflege ist entscheidend f\u00fcr ein gesundes und sch\u00f6nes Erscheinungsbild der N\u00e4gel&#8220;, betont Dr. Christine Schrammek. Im Winter leiden unsere N\u00e4gel besonders unter der trockenen Heizungsluft. <a href=\"https:\/\/www.journee-mondiale.com\/de\/\" target=\"_blank\">Saisonale Stil-Guides<\/a> empfehlen regelm\u00e4\u00dfiges Eincremen mit nagel\u00f6lhaltigen Pflegeprodukten, um Br\u00fcchigkeit vorzubeugen.<\/p>\n<h2>Deutsche Marken im Fokus<\/h2>\n<ul>\n<li><strong>Essie<\/strong> \u2013 besonders die Winter-Kollektionen \u00fcberzeugen mit Haltbarkeit<\/li>\n<li><strong>OPI<\/strong> \u2013 bietet hervorragende Farbtiefe bei den Edelsteint\u00f6nen<\/li>\n<li><strong>Sally Hansen<\/strong> \u2013 punktet mit pflegenden Inhaltsstoffen<\/li>\n<\/ul>\n<p>Achte bei der Produktwahl auf <a href=\"https:\/\/www.journee-mondiale.com\/de\/juridisk-informationen\/\" target=\"_blank\">Produktsicherheit im Fokus<\/a>, denn hochwertige Formulierungen schonen die Nagelstruktur langfristig.<\/p>\n<h2>Einzigartige deutsche Nageltrend-Interpretation<\/h2>\n<p>Wie bei einer fein abgestimmten Symphonie verbinden deutsche Nageldesigns <strong>Tradition mit Innovation<\/strong>. Die Vorliebe f\u00fcr Pr\u00e4zision und Qualit\u00e4t zeigt sich in sauberen Linien und makellosen \u00dcberg\u00e4ngen. Gleichzeitig findet eine spannende Entwicklung statt: <a href=\"https:\/\/www.journee-mondiale.com\/de\/geschichte-der-welttage\/\" target=\"_blank\">Beauty-Trends im Wandel der Zeit<\/a> zeigen, dass deutsche Nagelstudios zunehmend experimenteller werden.<\/p>\n<h2>Welcher Wintertrend passt zu dir?<\/h2>\n<p>Wie Schneeflocken sind auch unsere Nagelvorlieben einzigartig. Ob du dich f\u00fcr dramatische Edelsteint\u00f6ne, samtige Texturen oder dezente Akzente entscheidest \u2013 wichtig ist, dass du dich mit deinem Look wohlf\u00fchlst. Die Wintersaison 2025 bietet eine wunderbare Palette an M\u00f6glichkeiten, um deinen pers\u00f6nlichen Stil zum Ausdruck zu bringen und gleichzeitig im Trend zu bleiben.<\/p>\n","protected":false},"excerpt":{"rendered":"<p>Der Winter ist die perfekte Zeit, um stilvolle Nagellooks zu pr\u00e4sentieren, die nicht nur festlich gl\u00e4nzen, sondern auch f\u00fcr W\u00e4rme in der kalten M\u00e4rzluft sorgen. Der Nageltrend 2025 zeigt sich in einer beeindruckenden Mischung aus luxuri\u00f6sen Farben und innovativen Texturen, die selbst graue Wintertage zum Strahlen bringen. Entdecken wir gemeinsam, welche Nageldesigns diesen Sp\u00e4twinter dominieren &#8230; <a title=\"Diese 7 Samtigen Nageltrends f\u00fcr M\u00e4rz 2025 verwandeln Ihre Winterh\u00e4nde (&#8230; und warum der Velvet-Finish jetzt alle \u00fcberrascht)\" class=\"read-more\" href=\"https:\/\/www.journee-mondiale.com\/de\/diese-7-samtigen-nageltrends-fuer-maerz-2025-verwandeln-ihre-winterhaende-und-warum-der-velvet-finish-jetzt-alle-ueberrascht\/\" aria-label=\"Mehr Informationen \u00fcber Diese 7 Samtigen Nageltrends f\u00fcr M\u00e4rz 2025 verwandeln Ihre Winterh\u00e4nde (&#8230; und warum der Velvet-Finish jetzt alle \u00fcberrascht)\">Lire plus<\/a><\/p>\n","protected":false},"author":1,"featured_media":12355,"comment_status":"","ping_status":"","sticky":false,"template":"","format":"standard","meta":{"footnotes":""},"categories":[48],"tags":[],"class_list":["post-12356","post","type-post","status-publish","format-standard","has-post-thumbnail","hentry","category-lebensstil"],"acf":[],"_yoast_wpseo_primary_category":null,"_yoast_wpseo_title":null,"_yoast_wpseo_metadesc":null,"_links":{"self":[{"href":"https:\/\/www.journee-mondiale.com\/de\/wp-json\/wp\/v2\/posts\/12356","targetHints":{"allow":["GET"]}}],"collection":[{"href":"https:\/\/www.journee-mondiale.com\/de\/wp-json\/wp\/v2\/posts"}],"about":[{"href":"https:\/\/www.journee-mondiale.com\/de\/wp-json\/wp\/v2\/types\/post"}],"author":[{"embeddable":true,"href":"https:\/\/www.journee-mondiale.com\/de\/wp-json\/wp\/v2\/users\/1"}],"replies":[{"embeddable":true,"href":"https:\/\/www.journee-mondiale.com\/de\/wp-json\/wp\/v2\/comments?post=12356"}],"version-history":[{"count":0,"href":"https:\/\/www.journee-mondiale.com\/de\/wp-json\/wp\/v2\/posts\/12356\/revisions"}],"wp:featuredmedia":[{"embeddable":true,"href":"https:\/\/www.journee-mondiale.com\/de\/wp-json\/wp\/v2\/media\/12355"}],"wp:attachment":[{"href":"https:\/\/www.journee-mondiale.com\/de\/wp-json\/wp\/v2\/media?parent=12356"}],"wp:term":[{"taxonomy":"category","embeddable":true,"href":"https:\/\/www.journee-mondiale.com\/de\/wp-json\/wp\/v2\/categories?post=12356"},{"taxonomy":"post_tag","embeddable":true,"href":"https:\/\/www.journee-mondiale.com\/de\/wp-json\/wp\/v2\/tags?post=12356"}],"curies":[{"name":"wp","href":"https:\/\/api.w.org\/{rel}","templated":true}]}}