{"id":12354,"date":"2025-03-09T09:12:19","date_gmt":"2025-03-09T08:12:19","guid":{"rendered":"https:\/\/www.journee-mondiale.com\/de\/ich-trage-den-lob-seit-6-wochen-die-unerwartete-veraenderung-meiner-haare-hat-mich-ueberrascht\/"},"modified":"2025-03-09T09:12:19","modified_gmt":"2025-03-09T08:12:19","slug":"ich-trage-den-lob-seit-6-wochen-die-unerwartete-veraenderung-meiner-haare-hat-mich-ueberrascht","status":"publish","type":"post","link":"https:\/\/www.journee-mondiale.com\/de\/ich-trage-den-lob-seit-6-wochen-die-unerwartete-veraenderung-meiner-haare-hat-mich-ueberrascht\/","title":{"rendered":"Ich trage den Lob seit 6 Wochen (die unerwartete Ver\u00e4nderung meiner Haare hat mich \u00fcberrascht&#8230;)"},"content":{"rendered":"<p>Der <strong>Long Bob (Lob)<\/strong> erlebt auch im Fr\u00fchling 2025 ein beeindruckendes Revival. Dieser zeitlose Haarschnitt hat sich l\u00e4ngst von einem vor\u00fcbergehenden Trend zu einem modernen Klassiker entwickelt, der Frauen jeden Alters begeistert. Was macht den Lob so unwiderstehlich, und wie kannst du ihn an deine individuelle Gesichtsform und Haartextur anpassen? Entdecke mit mir die Geheimnisse dieses vielseitigen Frisurentrends!<\/p>\n<h2>Warum der Lob 2025 beliebter ist denn je<\/h2>\n<p>&#8222;Der Long Bob ist die perfekte Balance zwischen Praktikabilit\u00e4t und Stil&#8220;, erkl\u00e4rt <strong>Thomas Schmidt<\/strong>, Meisterfriseur im Berliner Salon &#8222;Haarkunst&#8220;. &#8222;F\u00fcr 2025 sehen wir eine R\u00fcckkehr zu tragbaren, aber dennoch ausdrucksstarken Schnitten, und der Lob steht dabei an vorderster Front.&#8220; Die L\u00e4nge, die typischerweise zwischen Kinn und Schl\u00fcsselbein f\u00e4llt, bietet genau die richtige Mischung aus Pflegeleichtigkeit und Styling-M\u00f6glichkeiten, die moderne Frauen sch\u00e4tzen. Entdecke weitere <a href=\"https:\/\/www.journee-mondiale.com\/de\/category\/lebensstil\/\" target=\"_blank\">Lebensstil-Trends<\/a>, die deinen Look perfekt erg\u00e4nzen.<\/p>\n<h2>Die perfekte L\u00e4nge f\u00fcr jede Gesichtsform finden<\/h2>\n<p>Der Lob ist wie ein modisches Cham\u00e4leon \u2013 er l\u00e4sst sich an jede Gesichtsform anpassen. Bei <strong>ovalen Gesichtern<\/strong> wirkt fast jede Lob-Variante harmonisch. F\u00fcr runde Gesichter empfiehlt sich ein l\u00e4ngerer, asymmetrischer Schnitt, der das Gesicht optisch streckt. Bei eckigen Gesichtsformen sorgen weiche Wellen f\u00fcr eine sanftere Kontur, w\u00e4hrend herzf\u00f6rmige Gesichter von einem Lob mit seitlichem Pony profitieren, der die Proportionen ausgleicht.<\/p>\n<h2>Styling-Ideen f\u00fcr unterschiedliche Haartexturen<\/h2>\n<ul>\n<li>F\u00fcr <strong>feines Haar<\/strong>: Stufenschnitt mit leichtem Undercut f\u00fcr mehr Volumen<\/li>\n<li>F\u00fcr <strong>lockiges Haar<\/strong>: L\u00e4ngerer Lob mit definierten Locken f\u00fcr Bewegung<\/li>\n<li>F\u00fcr <strong>dickes Haar<\/strong>: Ausged\u00fcnnte Spitzen f\u00fcr leichtere Handhabung<\/li>\n<\/ul>\n<h2>Der franz\u00f6sische Twist: French Bob trifft Lob<\/h2>\n<p>&#8222;Der <strong>French Bob<\/strong> mit seiner k\u00fcrzeren L\u00e4nge und den charakteristischen Ponyfransen verschmilzt 2025 mit dem klassischen Lob zu einer besonders eleganten Variante&#8220;, verr\u00e4t <strong>Marie Dubois<\/strong>, internationale Haar-Stylistin. Diese Fusion ist wie ein guter Wein \u2013 sie verbindet das Beste aus zwei Welten und schafft etwas Neues, Aufregendes. Dieser Trend ist Teil der neuesten <a href=\"https:\/\/www.journee-mondiale.com\/de\/\" target=\"_blank\">Welttage Trends<\/a>, die den Frisurenmarkt 2025 dominieren.<\/p>\n<h2>Der Italian Bob \u2013 mediterraner Flair f\u00fcr den Lob<\/h2>\n<p>Aus Italien kommt eine weitere spannende Interpretation: der <strong>Italian Bob<\/strong> mit seinen charakteristischen runden, volumin\u00f6sen Enden. &#8222;Dieser Stil verleiht dem Lob eine verspielte, aber gleichzeitig elegante Note&#8220;, erkl\u00e4rt Schmidt. Die italienische Variante erinnert an die dynamischen Wellen des Mittelmeers \u2013 flie\u00dfend, lebendig und voller Charakter. Entdecke mehr \u00fcber <a href=\"https:\/\/www.journee-mondiale.com\/de\/category\/reisen\/\" target=\"_blank\">internationale Haartrends<\/a>, die diese Saison inspirieren.<\/p>\n<h2>Farbakzente f\u00fcr deinen Lob<\/h2>\n<ul>\n<li><strong>Sanftes Balayage<\/strong>: Nat\u00fcrlich wirkende Farbverl\u00e4ufe f\u00fcr Dimension<\/li>\n<li><strong>Money Piece<\/strong>: Helle Str\u00e4hnen um das Gesicht f\u00fcr einen frischen Look<\/li>\n<li><strong>Pastellt\u00f6ne<\/strong>: Subtile Farbtupfer f\u00fcr experimentierfreudige Typen<\/li>\n<\/ul>\n<h2>Pflegetipps f\u00fcr den perfekten Lob<\/h2>\n<p>Ein traumhafter Lob braucht die richtige Pflege. Investiere in <strong>feuchtigkeitsspendende Produkte<\/strong>, um dein Haar gesund zu halten. Regelm\u00e4\u00dfige Spitzenkorrekturen alle 6-8 Wochen sorgen daf\u00fcr, dass dein Schnitt seine Form beh\u00e4lt. Bevor du deinen n\u00e4chsten Salonbesuch planst, informiere dich \u00fcber wichtige <a href=\"https:\/\/www.journee-mondiale.com\/de\/juridisk-informationen\/\" target=\"_blank\">Friseur-Beratung<\/a>, um das beste Ergebnis zu erzielen.<\/p>\n<h2>Wie wird sich der Lob weiterentwickeln?<\/h2>\n<p>Der Long Bob ist nicht nur eine Momentaufnahme in der Frisurengeschichte \u2013 er ist eine kontinuierliche <a href=\"https:\/\/www.journee-mondiale.com\/de\/geschichte-der-welttage\/\" target=\"_blank\">Trend-Entwicklung<\/a>, die sich st\u00e4ndig neu erfindet. Was heute als Lob gilt, kann morgen bereits neue Facetten zeigen. Doch eines bleibt sicher: Die Kombination aus Tragbarkeit und Stil macht diesen Haarschnitt zu einem zeitlosen Begleiter, der uns noch lange erhalten bleiben wird. Die Frage ist nicht, ob der Lob bleibt \u2013 sondern wie er sich weiter transformiert, um unsere individuellen Bed\u00fcrfnisse zu erf\u00fcllen.<\/p>\n","protected":false},"excerpt":{"rendered":"<p>Der Long Bob (Lob) erlebt auch im Fr\u00fchling 2025 ein beeindruckendes Revival. Dieser zeitlose Haarschnitt hat sich l\u00e4ngst von einem vor\u00fcbergehenden Trend zu einem modernen Klassiker entwickelt, der Frauen jeden Alters begeistert. Was macht den Lob so unwiderstehlich, und wie kannst du ihn an deine individuelle Gesichtsform und Haartextur anpassen? Entdecke mit mir die Geheimnisse &#8230; <a title=\"Ich trage den Lob seit 6 Wochen (die unerwartete Ver\u00e4nderung meiner Haare hat mich \u00fcberrascht&#8230;)\" class=\"read-more\" href=\"https:\/\/www.journee-mondiale.com\/de\/ich-trage-den-lob-seit-6-wochen-die-unerwartete-veraenderung-meiner-haare-hat-mich-ueberrascht\/\" aria-label=\"Mehr Informationen \u00fcber Ich trage den Lob seit 6 Wochen (die unerwartete Ver\u00e4nderung meiner Haare hat mich \u00fcberrascht&#8230;)\">Lire plus<\/a><\/p>\n","protected":false},"author":1,"featured_media":12353,"comment_status":"","ping_status":"","sticky":false,"template":"","format":"standard","meta":{"footnotes":""},"categories":[48],"tags":[],"class_list":["post-12354","post","type-post","status-publish","format-standard","has-post-thumbnail","hentry","category-lebensstil"],"acf":[],"_yoast_wpseo_primary_category":null,"_yoast_wpseo_title":null,"_yoast_wpseo_metadesc":null,"_links":{"self":[{"href":"https:\/\/www.journee-mondiale.com\/de\/wp-json\/wp\/v2\/posts\/12354","targetHints":{"allow":["GET"]}}],"collection":[{"href":"https:\/\/www.journee-mondiale.com\/de\/wp-json\/wp\/v2\/posts"}],"about":[{"href":"https:\/\/www.journee-mondiale.com\/de\/wp-json\/wp\/v2\/types\/post"}],"author":[{"embeddable":true,"href":"https:\/\/www.journee-mondiale.com\/de\/wp-json\/wp\/v2\/users\/1"}],"replies":[{"embeddable":true,"href":"https:\/\/www.journee-mondiale.com\/de\/wp-json\/wp\/v2\/comments?post=12354"}],"version-history":[{"count":0,"href":"https:\/\/www.journee-mondiale.com\/de\/wp-json\/wp\/v2\/posts\/12354\/revisions"}],"wp:featuredmedia":[{"embeddable":true,"href":"https:\/\/www.journee-mondiale.com\/de\/wp-json\/wp\/v2\/media\/12353"}],"wp:attachment":[{"href":"https:\/\/www.journee-mondiale.com\/de\/wp-json\/wp\/v2\/media?parent=12354"}],"wp:term":[{"taxonomy":"category","embeddable":true,"href":"https:\/\/www.journee-mondiale.com\/de\/wp-json\/wp\/v2\/categories?post=12354"},{"taxonomy":"post_tag","embeddable":true,"href":"https:\/\/www.journee-mondiale.com\/de\/wp-json\/wp\/v2\/tags?post=12354"}],"curies":[{"name":"wp","href":"https:\/\/api.w.org\/{rel}","templated":true}]}}