{"id":12334,"date":"2025-03-08T16:33:38","date_gmt":"2025-03-08T15:33:38","guid":{"rendered":"https:\/\/www.journee-mondiale.com\/de\/diese-3-schnitte-baendigen-dickes-haar-im-fruehling-2025-ich-konnte-meine-maehne-endlich-stylen\/"},"modified":"2025-03-08T16:33:38","modified_gmt":"2025-03-08T15:33:38","slug":"diese-3-schnitte-baendigen-dickes-haar-im-fruehling-2025-ich-konnte-meine-maehne-endlich-stylen","status":"publish","type":"post","link":"https:\/\/www.journee-mondiale.com\/de\/diese-3-schnitte-baendigen-dickes-haar-im-fruehling-2025-ich-konnte-meine-maehne-endlich-stylen\/","title":{"rendered":"Diese 3 Schnitte b\u00e4ndigen dickes Haar im Fr\u00fchling 2025 (ich konnte meine M\u00e4hne endlich stylen&#8230;)"},"content":{"rendered":"<p>Die Suche nach der perfekten Frisur f\u00fcr dickes Haar kann manchmal einer Expedition in unbekanntes Terrain gleichen. Besonders im Fr\u00fchling 2025, wenn wir unsere Winterm\u00fctzen endlich ablegen, stellt sich die Frage: Wie b\u00e4ndigen wir \u00fcppiges Haar, ohne seinen nat\u00fcrlichen Charme zu verlieren? Entdecken wir gemeinsam, wie du das volle Potenzial deiner dichten M\u00e4hne entfalten kannst.<\/p>\n<h2>Warum dickes Haar besondere Aufmerksamkeit verdient<\/h2>\n<p><strong>Dickes Haar<\/strong> ist von Natur aus mit Volumen gesegnet, bringt jedoch seine eigenen Herausforderungen mit sich. &#8222;Die gr\u00f6\u00dfte Schwierigkeit bei dickem Haar ist nicht etwa der Mangel an Volumen, sondern die Balance zwischen F\u00fclle und Kontrollierbarkeit,&#8220; erkl\u00e4rt Sandra Winterfeld, Kreativdirektorin bei &#8218;Schnitt &#038; Stil&#8216; in M\u00fcnchen. Ein gezielter Schnitt kann den entscheidenden Unterschied machen.<\/p>\n<h2>Fr\u00fchlings-Favorit: Der strukturierte Bob mit Layers<\/h2>\n<p>Der <strong>strukturierte Bob<\/strong> erlebt im Fr\u00fchling 2025 ein bemerkenswertes Comeback. Mit strategisch platzierten Schichten nimmt dieser Schnitt \u00fcberfl\u00fcssiges Volumen heraus, w\u00e4hrend er Bewegung und Dimension verleiht. &#8222;Ein Bob mit Layers ist wie ein ma\u00dfgeschneidertes Kleidungsst\u00fcck f\u00fcr dickes Haar \u2013 er betont die nat\u00fcrliche F\u00fclle, ohne schwer zu wirken,&#8220; schw\u00e4rmt Hairstylist Daniel Krause aus Berlin.<\/p>\n<p>Was diesen Look besonders macht: Er l\u00e4sst sich m\u00fchelos stylen und passt perfekt zum aktiven Fr\u00fchlingsalltag. Durch die <a href=\"https:\/\/www.journee-mondiale.com\/de\/category\/lebensstil\/\" target=\"_blank\">Lebensstil-Tipps f\u00fcr Haarpflege<\/a> kannst du deinen Bob auch an w\u00e4rmeren Tagen frisch halten.<\/p>\n<h2>Long Layers: Die zeitlose L\u00f6sung f\u00fcr volumin\u00f6ses Haar<\/h2>\n<p>Nicht bereit, sich von deiner L\u00e4nge zu trennen? <strong>Lange Stufen<\/strong> bieten die perfekte L\u00f6sung f\u00fcr alle, die ihre Haarpracht behalten m\u00f6chten. Die Magie dieses Schnitts liegt in seiner F\u00e4higkeit, Gewicht zu entfernen, ohne die Gesamtl\u00e4nge zu kompromittieren. Ich erinnere mich an eine Kundin mit unb\u00e4ndigen dicken Haaren, die nach dem ersten Schnitt mit langen Stufen verbl\u00fcfft fragte: &#8222;Sind meine Haare tats\u00e4chlich leichter geworden?&#8220;<\/p>\n<h2>Der Bixie-Cut: Mutige Volumenkontrolle f\u00fcr 2025<\/h2>\n<p>Der <strong>Bixie-Cut<\/strong>, eine geniale Mischung aus Bob und Pixie, geh\u00f6rt zu den angesagtesten <a href=\"https:\/\/www.journee-mondiale.com\/de\/\" target=\"_blank\">Aktuelle Haartrends<\/a> f\u00fcr dickes Haar. Dieser Schnitt nimmt dem Haar einen Gro\u00dfteil seiner Schwere, beh\u00e4lt aber genug L\u00e4nge, um Styling-Optionen zu bieten. Besonders praktisch: Die k\u00fcrzere L\u00e4nge reduziert die Trocknungszeit erheblich \u2013 ein wahrer Segen f\u00fcr dickes Haar!<\/p>\n<h3>Pflegetipps f\u00fcr dickes Haar im Fr\u00fchling<\/h3>\n<ul>\n<li>Verwende <strong>feuchtigkeitsspendende Shampoos<\/strong> ohne Sulfate<\/li>\n<li>Investiere in ein <strong>Mikrobaserhandtuch<\/strong> f\u00fcr frizzfreies Trocknen<\/li>\n<li>Trage einmal w\u00f6chentlich eine tiefenwirksame Haarmaske auf<\/li>\n<\/ul>\n<h2>Anti-Frizz Styling: Wie Profis dickes Haar b\u00e4ndigen<\/h2>\n<p>Der Kampf gegen <strong>Frizz<\/strong> gleicht manchmal einem Schachspiel \u2013 strategisches Vorgehen ist alles. &#8222;Die Vorbereitung beginnt bereits beim Waschen,&#8220; betont Stylistin Claudia Berger. &#8222;Ein hochwertiges <strong>Gl\u00e4ttungsserum<\/strong> auf handtuchtrockenes Haar aufgetragen, schafft die Basis f\u00fcr jedes erfolgreiche Styling.&#8220; F\u00fcr zus\u00e4tzliche Kontrolle findest du wertvolle <a href=\"https:\/\/www.journee-mondiale.com\/de\/juridisk-informationen\/\" target=\"_blank\">Produktempfehlungen und Hinweise<\/a> f\u00fcr deinen Haartyp.<\/p>\n<h2>Stilvolle Accessoires: Verb\u00fcndete f\u00fcr volumin\u00f6ses Haar<\/h2>\n<p>Dickes Haar ist wie eine Leinwand f\u00fcr <strong>Haaraccessoires<\/strong>. Von eleganten Seidenschals bis zu minimalistischen Haarspangen \u2013 die richtigen Accessoires k\u00f6nnen deine Frisur komplett verwandeln. Lass dich von <a href=\"https:\/\/www.journee-mondiale.com\/de\/category\/reisen\/\" target=\"_blank\">Internationale Haarstyle-Inspirationen<\/a> inspirieren und entdecke, wie andere Kulturen \u00fcppiges Haar in Szene setzen.<\/p>\n<ul>\n<li>Satinschals als elegante Styling-Alternative<\/li>\n<li>Breite Haarreifen f\u00fcr definierte Gesichtskonturen<\/li>\n<li>Filigrane Haarklammern f\u00fcr subtile Akzente<\/li>\n<\/ul>\n<h2>Dein individueller Pfad zur perfekten Frisur<\/h2>\n<p>Jedes dicke Haar erz\u00e4hlt seine eigene Geschichte. Deshalb ist professionelle Beratung Gold wert. Ein Friseur mit Expertise f\u00fcr volumin\u00f6ses Haar kann dir helfen, den perfekten Schnitt zu finden, der zu deinem Lebensstil und deiner Gesichtsform passt. Bleibe stets informiert \u00fcber neue Techniken und Produkte durch <a href=\"https:\/\/www.journee-mondiale.com\/de\/feed\/\" target=\"_blank\">Haarstyle-Updates abonnieren<\/a> und entdecke, wie dein dickes Haar von einer Herausforderung zu deinem gr\u00f6\u00dften Vorteil werden kann.<\/p>\n","protected":false},"excerpt":{"rendered":"<p>Die Suche nach der perfekten Frisur f\u00fcr dickes Haar kann manchmal einer Expedition in unbekanntes Terrain gleichen. Besonders im Fr\u00fchling 2025, wenn wir unsere Winterm\u00fctzen endlich ablegen, stellt sich die Frage: Wie b\u00e4ndigen wir \u00fcppiges Haar, ohne seinen nat\u00fcrlichen Charme zu verlieren? Entdecken wir gemeinsam, wie du das volle Potenzial deiner dichten M\u00e4hne entfalten kannst. &#8230; <a title=\"Diese 3 Schnitte b\u00e4ndigen dickes Haar im Fr\u00fchling 2025 (ich konnte meine M\u00e4hne endlich stylen&#8230;)\" class=\"read-more\" href=\"https:\/\/www.journee-mondiale.com\/de\/diese-3-schnitte-baendigen-dickes-haar-im-fruehling-2025-ich-konnte-meine-maehne-endlich-stylen\/\" aria-label=\"Mehr Informationen \u00fcber Diese 3 Schnitte b\u00e4ndigen dickes Haar im Fr\u00fchling 2025 (ich konnte meine M\u00e4hne endlich stylen&#8230;)\">Lire plus<\/a><\/p>\n","protected":false},"author":1,"featured_media":12333,"comment_status":"","ping_status":"","sticky":false,"template":"","format":"standard","meta":{"footnotes":""},"categories":[48],"tags":[],"class_list":["post-12334","post","type-post","status-publish","format-standard","has-post-thumbnail","hentry","category-lebensstil"],"acf":[],"_yoast_wpseo_primary_category":null,"_yoast_wpseo_title":null,"_yoast_wpseo_metadesc":null,"_links":{"self":[{"href":"https:\/\/www.journee-mondiale.com\/de\/wp-json\/wp\/v2\/posts\/12334","targetHints":{"allow":["GET"]}}],"collection":[{"href":"https:\/\/www.journee-mondiale.com\/de\/wp-json\/wp\/v2\/posts"}],"about":[{"href":"https:\/\/www.journee-mondiale.com\/de\/wp-json\/wp\/v2\/types\/post"}],"author":[{"embeddable":true,"href":"https:\/\/www.journee-mondiale.com\/de\/wp-json\/wp\/v2\/users\/1"}],"replies":[{"embeddable":true,"href":"https:\/\/www.journee-mondiale.com\/de\/wp-json\/wp\/v2\/comments?post=12334"}],"version-history":[{"count":0,"href":"https:\/\/www.journee-mondiale.com\/de\/wp-json\/wp\/v2\/posts\/12334\/revisions"}],"wp:featuredmedia":[{"embeddable":true,"href":"https:\/\/www.journee-mondiale.com\/de\/wp-json\/wp\/v2\/media\/12333"}],"wp:attachment":[{"href":"https:\/\/www.journee-mondiale.com\/de\/wp-json\/wp\/v2\/media?parent=12334"}],"wp:term":[{"taxonomy":"category","embeddable":true,"href":"https:\/\/www.journee-mondiale.com\/de\/wp-json\/wp\/v2\/categories?post=12334"},{"taxonomy":"post_tag","embeddable":true,"href":"https:\/\/www.journee-mondiale.com\/de\/wp-json\/wp\/v2\/tags?post=12334"}],"curies":[{"name":"wp","href":"https:\/\/api.w.org\/{rel}","templated":true}]}}