{"id":12316,"date":"2025-03-07T23:52:25","date_gmt":"2025-03-07T22:52:25","guid":{"rendered":"https:\/\/www.journee-mondiale.com\/de\/darum-schneide-ich-meine-haare-jedes-fruehjahr-kurz-und-dieser-ueberraschende-effekt-haelt-6-wochen-an\/"},"modified":"2025-03-07T23:52:25","modified_gmt":"2025-03-07T22:52:25","slug":"darum-schneide-ich-meine-haare-jedes-fruehjahr-kurz-und-dieser-ueberraschende-effekt-haelt-6-wochen-an","status":"publish","type":"post","link":"https:\/\/www.journee-mondiale.com\/de\/darum-schneide-ich-meine-haare-jedes-fruehjahr-kurz-und-dieser-ueberraschende-effekt-haelt-6-wochen-an\/","title":{"rendered":"Darum schneide ich meine Haare jedes Fr\u00fchjahr kurz (und dieser \u00fcberraschende Effekt h\u00e4lt 6 Wochen an&#8230;)"},"content":{"rendered":"<p>Kurze Haare, gro\u00dfer Effekt: Vor- und Nachteile des Kurzhaartrends im Fr\u00fchling 2025<\/p>\n<h2>Der Fr\u00fchlingsbote: Warum kurze Haare gerade jetzt perfekt sind<\/h2>\n<p>Wenn die ersten Krokusse den Fr\u00fchling ank\u00fcndigen, sehnen sich viele nach Ver\u00e4nderung. <strong>Kurzhaarfrisuren<\/strong> erleben im Fr\u00fchling 2025 eine wahre Renaissance \u2013 nicht nur als modisches Statement, sondern als Lebensgef\u00fchl. &#8222;Kurze Haare sind wie ein frischer Wind durch die Gedanken&#8220;, erkl\u00e4rt <strong>Thomas Schmidt<\/strong>, Meisterfriseur im Berliner Salon &#8222;Haarkunst&#8220;. &#8222;Sie symbolisieren Neuanfang und Leichtigkeit \u2013 genau das, was wir nach dem Winter brauchen.&#8220; Ein Blick in den Spiegel zeigt: Mit den richtigen Schnitt wird jeder Morgen zum pers\u00f6nlichen Fr\u00fchlingsbeginn. Du willst mehr \u00fcber aktuelle Trends erfahren? Entdecke weitere <a href=\"https:\/\/www.journee-mondiale.com\/de\/category\/lebensstil\/\" target=\"_blank\">Lebensstil-Themen<\/a> f\u00fcr die neue Saison.<\/p>\n<h2>Die heimlichen Gewinner des Fr\u00fchjahrs: Befreiende Vorteile<\/h2>\n<p>Der wohl gr\u00f6\u00dfte Pluspunkt kurzer Haare offenbart sich an hektischen Morgen. Die <strong>Zeitersparnis<\/strong> beim Styling ist bemerkenswert \u2013 was fr\u00fcher 30 Minuten dauerte, erledigen ge\u00fcbte Kurzhaartr\u00e4gerinnen in f\u00fcnf. Wie eine Kundin letzte Woche berichtete: &#8222;Mein Pixie-Cut hat mir buchst\u00e4blich das Fr\u00fchst\u00fcck zur\u00fcckgegeben!&#8220; Kurze Haare sind wie ein effizientes Schweizer Taschenmesser \u2013 vielseitig und immer einsatzbereit.<\/p>\n<p>Besonders praktisch sind Kurzhaarfrisuren auch f\u00fcr Reiselustige. Leichtes Gep\u00e4ck und schnelles Styling machen sie zum perfekten Begleiter. Entdecke passende <a href=\"https:\/\/www.journee-mondiale.com\/de\/category\/reisen\/\" target=\"_blank\">Reise-Styling-Tipps<\/a> f\u00fcr deinen n\u00e4chsten Urlaub.<\/p>\n<h2>Frische Looks f\u00fcr den Fr\u00fchling<\/h2>\n<blockquote><p>&#8222;Pixie-Cuts mit l\u00e4ngerer Partie im Oberkopfbereich sind dieses Fr\u00fchjahr besonders angesagt. Sie bieten maximale Flexibilit\u00e4t bei minimalem Aufwand&#8220;, verr\u00e4t <strong>Lisa M\u00fcller<\/strong>, Trendexpertin des Verbands deutscher Friseure.<\/p><\/blockquote>\n<p>Aktuell besonders beliebt:<\/p>\n<ul>\n<li><strong>Micro Bob<\/strong> mit franz\u00f6sisch inspiriertem Pony<\/li>\n<li>Strukturierte Pixie-Cuts mit weichen Konturen<\/li>\n<li>Der &#8222;Bixie&#8220; \u2013 die perfekte Mischung aus Bob und Pixie<\/li>\n<\/ul>\n<h2>Die Schattenseiten: Herausforderungen der kurzen Pracht<\/h2>\n<p>Kurze Haare sind wie ein guter Espresso \u2013 intensiv, charakterstark, aber nicht f\u00fcr jeden geeignet. Die regelm\u00e4\u00dfigen <strong>Friseurbesuche<\/strong> alle 4-6 Wochen k\u00f6nnen sowohl Zeit- als auch Kostenfaktor sein. &#8222;Viele untersch\u00e4tzen, dass kurze Haare paradoxerweise mehr Pflege ben\u00f6tigen, um ihre Form zu behalten&#8220;, erkl\u00e4rt Schmidt. Ein weiteres Fr\u00fchlingsph\u00e4nomen: Bei k\u00fchlerem Wetter fehlt die w\u00e4rmende Haarpracht im Nacken.<\/p>\n<h2>Die Typfrage: Passt kurz zu mir?<\/h2>\n<p>Nicht jede <strong>Gesichtsform<\/strong> harmoniert automatisch mit jeder Kurzhaarfrisur. Die gute Nachricht: Es gibt garantiert einen passenden Schnitt f\u00fcr dich! Ein Pixie mit l\u00e4ngerer Partie schmeichelt runden Gesichtern, w\u00e4hrend kantige Gesichtsz\u00fcge durch weiche Konturen gemildert werden k\u00f6nnen. Die Wahl der richtigen Kurzhaarfrisur gleicht einem ma\u00dfgeschneiderten Anzug \u2013 sie muss perfekt sitzen.<\/p>\n<h2>Praktische Pflege f\u00fcr Fr\u00fchlingsfrische<\/h2>\n<p>F\u00fcr optimale Ergebnisse im Fr\u00fchjahr 2025:<\/p>\n<ul>\n<li>Verwende <strong>texturgebende Produkte<\/strong> statt schwerer Wachse<\/li>\n<li>Investiere in ein hochwertiges Trockenshampoo f\u00fcr Frische zwischendurch<\/li>\n<li>Sch\u00fctze deine Kopfhaut vor der Fr\u00fchlingssonne mit leichtem UV-Schutz<\/li>\n<\/ul>\n<h2>Der Weg zur pers\u00f6nlichen Fr\u00fchlingsver\u00e4nderung<\/h2>\n<p>Der Wechsel zu kurzen Haaren ist wie ein Sprung ins erfrischende Fr\u00fchlingswasser \u2013 aufregend und belebend. Sammle zun\u00e4chst Inspirationen und <strong>Referenzbilder<\/strong>. F\u00fchre dann ein ausf\u00fchrliches Beratungsgespr\u00e4ch mit deinem Friseur. &#8222;Eine gute Vorbereitung ist die halbe Miete&#8220;, betont Schmidt. &#8222;Ich empfehle immer, schrittweise k\u00fcrzer zu werden, um sich langsam an den neuen Look zu gew\u00f6hnen.&#8220;<\/p>\n<h2>Ein neuer Look, ein neues Ich?<\/h2>\n<p>Wie steht es mit der <a href=\"https:\/\/www.journee-mondiale.com\/de\/geschichte-der-welttage\/\" target=\"_blank\">Entwicklung von Beauty-Trends<\/a> und ihrer Wirkung auf unser Selbstbild? Kurze Haare k\u00f6nnen tats\u00e4chlich unser Selbstbewusstsein st\u00e4rken. Sie lenken den Fokus auf unser Gesicht und unsere Pers\u00f6nlichkeit. Die Fr\u00fchlingssonne k\u00f6nnen wir so nicht nur au\u00dfen, sondern auch innen sp\u00fcren \u2013 mit einem frischen Look, der uns zum Strahlen bringt. Weitere <a href=\"https:\/\/www.journee-mondiale.com\/de\/\" target=\"_blank\">Trends und Beauty-Themen<\/a> findest du in unseren aktuellen Beitr\u00e4gen.<\/p>\n<p>Ob du nun zum radikalen Schnitt bereit bist oder noch z\u00f6gerst \u2013 kurze Haare sind mehr als nur eine Frisur. Sie sind ein Statement, eine Lebenseinstellung und vielleicht genau der Fr\u00fchlingsbote, auf den du gewartet hast. F\u00fcr ausf\u00fchrliche Hintergrundinformationen zu diesem Thema, besuche unsere Seite zu <a href=\"https:\/\/www.journee-mondiale.com\/de\/juridisk-informationen\/\" target=\"_blank\">Quellen und Informationen<\/a>.<\/p>\n","protected":false},"excerpt":{"rendered":"<p>Kurze Haare, gro\u00dfer Effekt: Vor- und Nachteile des Kurzhaartrends im Fr\u00fchling 2025 Der Fr\u00fchlingsbote: Warum kurze Haare gerade jetzt perfekt sind Wenn die ersten Krokusse den Fr\u00fchling ank\u00fcndigen, sehnen sich viele nach Ver\u00e4nderung. Kurzhaarfrisuren erleben im Fr\u00fchling 2025 eine wahre Renaissance \u2013 nicht nur als modisches Statement, sondern als Lebensgef\u00fchl. &#8222;Kurze Haare sind wie ein &#8230; <a title=\"Darum schneide ich meine Haare jedes Fr\u00fchjahr kurz (und dieser \u00fcberraschende Effekt h\u00e4lt 6 Wochen an&#8230;)\" class=\"read-more\" href=\"https:\/\/www.journee-mondiale.com\/de\/darum-schneide-ich-meine-haare-jedes-fruehjahr-kurz-und-dieser-ueberraschende-effekt-haelt-6-wochen-an\/\" aria-label=\"Mehr Informationen \u00fcber Darum schneide ich meine Haare jedes Fr\u00fchjahr kurz (und dieser \u00fcberraschende Effekt h\u00e4lt 6 Wochen an&#8230;)\">Lire plus<\/a><\/p>\n","protected":false},"author":1,"featured_media":12315,"comment_status":"","ping_status":"","sticky":false,"template":"","format":"standard","meta":{"footnotes":""},"categories":[48],"tags":[],"class_list":["post-12316","post","type-post","status-publish","format-standard","has-post-thumbnail","hentry","category-lebensstil"],"acf":[],"_yoast_wpseo_primary_category":null,"_yoast_wpseo_title":null,"_yoast_wpseo_metadesc":null,"_links":{"self":[{"href":"https:\/\/www.journee-mondiale.com\/de\/wp-json\/wp\/v2\/posts\/12316","targetHints":{"allow":["GET"]}}],"collection":[{"href":"https:\/\/www.journee-mondiale.com\/de\/wp-json\/wp\/v2\/posts"}],"about":[{"href":"https:\/\/www.journee-mondiale.com\/de\/wp-json\/wp\/v2\/types\/post"}],"author":[{"embeddable":true,"href":"https:\/\/www.journee-mondiale.com\/de\/wp-json\/wp\/v2\/users\/1"}],"replies":[{"embeddable":true,"href":"https:\/\/www.journee-mondiale.com\/de\/wp-json\/wp\/v2\/comments?post=12316"}],"version-history":[{"count":0,"href":"https:\/\/www.journee-mondiale.com\/de\/wp-json\/wp\/v2\/posts\/12316\/revisions"}],"wp:featuredmedia":[{"embeddable":true,"href":"https:\/\/www.journee-mondiale.com\/de\/wp-json\/wp\/v2\/media\/12315"}],"wp:attachment":[{"href":"https:\/\/www.journee-mondiale.com\/de\/wp-json\/wp\/v2\/media?parent=12316"}],"wp:term":[{"taxonomy":"category","embeddable":true,"href":"https:\/\/www.journee-mondiale.com\/de\/wp-json\/wp\/v2\/categories?post=12316"},{"taxonomy":"post_tag","embeddable":true,"href":"https:\/\/www.journee-mondiale.com\/de\/wp-json\/wp\/v2\/tags?post=12316"}],"curies":[{"name":"wp","href":"https:\/\/api.w.org\/{rel}","templated":true}]}}