{"id":12310,"date":"2025-03-07T19:42:24","date_gmt":"2025-03-07T18:42:24","guid":{"rendered":"https:\/\/www.journee-mondiale.com\/de\/glenn-closes-silberner-fruehlingslook-warum-ich-ihre-natuerliche-haarphilosophie-fuer-mehr-innere-balance-liebe\/"},"modified":"2025-03-07T19:42:24","modified_gmt":"2025-03-07T18:42:24","slug":"glenn-closes-silberner-fruehlingslook-warum-ich-ihre-natuerliche-haarphilosophie-fuer-mehr-innere-balance-liebe","status":"publish","type":"post","link":"https:\/\/www.journee-mondiale.com\/de\/glenn-closes-silberner-fruehlingslook-warum-ich-ihre-natuerliche-haarphilosophie-fuer-mehr-innere-balance-liebe\/","title":{"rendered":"Glenn Closes silberner Fr\u00fchlingslook: Warum ich ihre nat\u00fcrliche Haarphilosophie f\u00fcr mehr innere Balance liebe"},"content":{"rendered":"<p>Glenn Closes stilvolle Balance: Von der Leinwand zur Lebenskunst \u2013 ein Haar-Vorbild f\u00fcr den Fr\u00fchling<\/p>\n<h2>Eine Filmlegende, die Nat\u00fcrlichkeit zelebriert<\/h2>\n<p>W\u00e4hrend drau\u00dfen die ersten Fr\u00fchlingsbl\u00fcten sprie\u00dfen, strahlt eine besondere Hollywood-Ikone mit <strong>zeitloser Eleganz<\/strong>. Glenn Close hat nicht nur mit ihrer beeindruckenden Schauspielkarriere Filmgeschichte geschrieben, sondern verk\u00f6rpert auch eine inspirierende Balance zwischen beruflichem Erfolg und pers\u00f6nlichem Wohlbefinden \u2013 die sich besonders in ihrem charakteristischen Haarstyling widerspiegelt. &#8222;Ihr ikonischer Look vereint Nat\u00fcrlichkeit mit raffinierter Eleganz \u2013 genau das, wonach moderne Frauen suchen,&#8220; erkl\u00e4rt <strong>Thomas Schmidt<\/strong>, Meisterfriseur im Berliner Salon &#8222;Haarkunst&#8220;.<\/p>\n<h2>Der silberne Signature-Look: Ein Statement f\u00fcr Selbstakzeptanz<\/h2>\n<p>Glenn Closes <strong>silberne Kurzhaarfrisur<\/strong> ist mehr als ein Hairstyle \u2013 sie ist eine Lebensphilosophie. &#8222;Ich habe gelernt, dass meine nat\u00fcrliche Haarfarbe ein Teil meiner Identit\u00e4t ist, den ich zelebriere statt verstecke,&#8220; wird Close zitiert. Diese Haltung macht sie besonders f\u00fcr die Fr\u00fchjahrssaison 2025 zum perfekten Vorbild. Ihre Frisur verk\u00f6rpert den Trend zur <strong>Authentizit\u00e4t<\/strong>, der gerade im deutschsprachigen Raum immer mehr Anklang findet.<\/p>\n<blockquote><p>Haare sind wie ein Seismograph unseres Lebensgef\u00fchls. Glenn Close zeigt, dass ein entspannter Umgang mit dem eigenen Haar die innere Balance nach au\u00dfen tr\u00e4gt.<\/p><\/blockquote>\n<h2>F\u00fcnf Styling-Elemente ihres Looks f\u00fcr den Alltag<\/h2>\n<p>Was macht Closes Frisur so besonders? Sie kombiniert <strong>Pflegeleichtigkeit<\/strong> mit Eleganz \u2013 eine Verbindung, die besonders im hektischen Alltag Gold wert ist. Wie schaffen wir diesen Look zu Hause? Hier die wichtigsten Elemente:<\/p>\n<ul>\n<li>Texturierte Schnittf\u00fchrung f\u00fcr nat\u00fcrliches Volumen<\/li>\n<li>Leichte Styling-Produkte, die das Haar nicht beschweren<\/li>\n<li>Betonung der nat\u00fcrlichen <strong>Haarstruktur<\/strong> statt perfekter Gl\u00e4ttung<\/li>\n<li>Dezente Highlightakzente f\u00fcr Dimension<\/li>\n<\/ul>\n<h2>Der Glenn-Close-Effekt: Warum ihr Look besonders deutsche Frauen inspiriert<\/h2>\n<p>In der deutschen Beautykultur, wo <strong>Nat\u00fcrlichkeit<\/strong> traditionell gesch\u00e4tzt wird, trifft Closes Haarstyling einen besonderen Nerv. &#8222;Frauen suchen verst\u00e4rkt nach Vorbildern, die Authentizit\u00e4t mit Stil verbinden,&#8220; best\u00e4tigt die M\u00fcnchner Haar-Expertin <strong>Claudia Berger<\/strong>. Dieses Fr\u00fchjahr <a href=\"https:\/\/www.journee-mondiale.com\/de\/331\/tag-des-wohlbefindens\/\" target=\"_blank\">Tag des Wohlbefindens<\/a> bietet die ideale Gelegenheit, \u00fcber die tiefere Bedeutung unserer Haarpflegeroutinen nachzudenken.<\/p>\n<h2>Vom Filmset zur Alltagstauglichkeit: Praktische Styling-Tipps<\/h2>\n<p>Ich erinnere mich an ein Gespr\u00e4ch mit einer Kundin, die nach jahrelangem F\u00e4rben den Mut fand, ihre <strong>nat\u00fcrliche Haarfarbe<\/strong> zu akzeptieren \u2013 inspiriert von Glenn Close. Der Weg zu dieser Akzeptanz gleicht einer emotionalen Reise, bei der jeder Haarschnitt ein Schritt zur Selbstliebe sein kann. Close zeigt, dass wahre <a href=\"https:\/\/www.journee-mondiale.com\/de\/265\/tag-der-kunst\/\" target=\"_blank\">Tag der Kunst<\/a> nicht nur auf Leinw\u00e4nden, sondern auch in unserem t\u00e4glichen Styling zum Ausdruck kommen kann.<\/p>\n<h2>Zwischen Filmrollen und Lebenskunst: Closes Entspannungsroutine<\/h2>\n<p>Wie schafft Close diese Balance zwischen intensiven Rollen und innerer Ruhe? Ihre Haarroutine spiegelt ihre <strong>Lebensphilosophie<\/strong> wider:<\/p>\n<ul>\n<li>Regelm\u00e4\u00dfige Pflegerituale als Form der Selbstf\u00fcrsorge<\/li>\n<li>Bewusste Einfachheit statt komplizierter Styling-Prozeduren<\/li>\n<li>Fokus auf Haargesundheit statt kurzlebigen Trends<\/li>\n<\/ul>\n<h2>Der silberne Fr\u00fchling: Wie Close den Umgang mit dem Alter revolutioniert<\/h2>\n<p>In einer Gesellschaft, die oft <a href=\"https:\/\/www.journee-mondiale.com\/de\/293\/internationaler-tag-der-alteren-menschen\/\" target=\"_blank\">Internationaler Tag der \u00e4lteren Menschen<\/a> feiert, aber gleichzeitig Jugendlichkeit glorifiziert, ist Closes Haarphilosophie revolution\u00e4r. Ihr Silberhaar gleicht einem flie\u00dfenden Fluss, der sowohl St\u00e4rke als auch Sanftheit verk\u00f6rpert \u2013 eine perfekte <strong>Metapher<\/strong> f\u00fcr ihre Karriere, die Intensit\u00e4t mit Gelassenheit verbindet.<\/p>\n<h2>Entspannung als Sch\u00f6nheitsgeheimnis<\/h2>\n<p>Close betont immer wieder, wie wichtig <a href=\"https:\/\/www.journee-mondiale.com\/de\/173\/tag-des-schlafes\/\" target=\"_blank\">Tag des Schlafes<\/a> f\u00fcr Haargesundheit und Ausstrahlung sei. Ihr Engagement f\u00fcr <a href=\"https:\/\/www.journee-mondiale.com\/de\/390\/tag-gegen-depression\/\" target=\"_blank\">Tag gegen Depression<\/a> unterstreicht ihre \u00dcberzeugung, dass inneres Gleichgewicht sich im \u00e4u\u00dferen Erscheinungsbild widerspiegelt. Diese <strong>ganzheitliche Perspektive<\/strong> macht ihren Hairstyle zu mehr als einer modischen Entscheidung \u2013 er wird zum Statement eines bewussten Lebensstils.<\/p>\n<h2>Was k\u00f6nnen wir von Glenn Close f\u00fcr unseren eigenen Hairstyle lernen?<\/h2>\n<p>Vielleicht liegt das Geheimnis in der Erkenntnis, dass wahre Sch\u00f6nheit nicht in der perfekten Frisur liegt, sondern in der Authentizit\u00e4t, mit der wir sie tragen. Glenn Close erinnert uns daran, dass unsere Haare nicht nur unser Erscheinungsbild pr\u00e4gen, sondern auch unser Lebensgef\u00fchl ausdr\u00fccken k\u00f6nnen \u2013 eine zeitlose Weisheit, die gerade in diesem Fr\u00fchling besonders wertvoll erscheint.<\/p>\n","protected":false},"excerpt":{"rendered":"<p>Glenn Closes stilvolle Balance: Von der Leinwand zur Lebenskunst \u2013 ein Haar-Vorbild f\u00fcr den Fr\u00fchling Eine Filmlegende, die Nat\u00fcrlichkeit zelebriert W\u00e4hrend drau\u00dfen die ersten Fr\u00fchlingsbl\u00fcten sprie\u00dfen, strahlt eine besondere Hollywood-Ikone mit zeitloser Eleganz. Glenn Close hat nicht nur mit ihrer beeindruckenden Schauspielkarriere Filmgeschichte geschrieben, sondern verk\u00f6rpert auch eine inspirierende Balance zwischen beruflichem Erfolg und pers\u00f6nlichem &#8230; <a title=\"Glenn Closes silberner Fr\u00fchlingslook: Warum ich ihre nat\u00fcrliche Haarphilosophie f\u00fcr mehr innere Balance liebe\" class=\"read-more\" href=\"https:\/\/www.journee-mondiale.com\/de\/glenn-closes-silberner-fruehlingslook-warum-ich-ihre-natuerliche-haarphilosophie-fuer-mehr-innere-balance-liebe\/\" aria-label=\"Mehr Informationen \u00fcber Glenn Closes silberner Fr\u00fchlingslook: Warum ich ihre nat\u00fcrliche Haarphilosophie f\u00fcr mehr innere Balance liebe\">Lire plus<\/a><\/p>\n","protected":false},"author":1,"featured_media":12309,"comment_status":"","ping_status":"","sticky":false,"template":"","format":"standard","meta":{"footnotes":""},"categories":[48],"tags":[],"class_list":["post-12310","post","type-post","status-publish","format-standard","has-post-thumbnail","hentry","category-lebensstil"],"acf":[],"_yoast_wpseo_primary_category":null,"_yoast_wpseo_title":null,"_yoast_wpseo_metadesc":null,"_links":{"self":[{"href":"https:\/\/www.journee-mondiale.com\/de\/wp-json\/wp\/v2\/posts\/12310","targetHints":{"allow":["GET"]}}],"collection":[{"href":"https:\/\/www.journee-mondiale.com\/de\/wp-json\/wp\/v2\/posts"}],"about":[{"href":"https:\/\/www.journee-mondiale.com\/de\/wp-json\/wp\/v2\/types\/post"}],"author":[{"embeddable":true,"href":"https:\/\/www.journee-mondiale.com\/de\/wp-json\/wp\/v2\/users\/1"}],"replies":[{"embeddable":true,"href":"https:\/\/www.journee-mondiale.com\/de\/wp-json\/wp\/v2\/comments?post=12310"}],"version-history":[{"count":0,"href":"https:\/\/www.journee-mondiale.com\/de\/wp-json\/wp\/v2\/posts\/12310\/revisions"}],"wp:featuredmedia":[{"embeddable":true,"href":"https:\/\/www.journee-mondiale.com\/de\/wp-json\/wp\/v2\/media\/12309"}],"wp:attachment":[{"href":"https:\/\/www.journee-mondiale.com\/de\/wp-json\/wp\/v2\/media?parent=12310"}],"wp:term":[{"taxonomy":"category","embeddable":true,"href":"https:\/\/www.journee-mondiale.com\/de\/wp-json\/wp\/v2\/categories?post=12310"},{"taxonomy":"post_tag","embeddable":true,"href":"https:\/\/www.journee-mondiale.com\/de\/wp-json\/wp\/v2\/tags?post=12310"}],"curies":[{"name":"wp","href":"https:\/\/api.w.org\/{rel}","templated":true}]}}