{"id":12308,"date":"2025-03-07T17:15:08","date_gmt":"2025-03-07T16:15:08","guid":{"rendered":"https:\/\/www.journee-mondiale.com\/de\/so-gewoehne-ich-meine-fuesse-nach-dem-winter-wieder-an-5-cm-absaetze-ohne-schmerzen\/"},"modified":"2025-03-07T17:15:08","modified_gmt":"2025-03-07T16:15:08","slug":"so-gewoehne-ich-meine-fuesse-nach-dem-winter-wieder-an-5-cm-absaetze-ohne-schmerzen","status":"publish","type":"post","link":"https:\/\/www.journee-mondiale.com\/de\/so-gewoehne-ich-meine-fuesse-nach-dem-winter-wieder-an-5-cm-absaetze-ohne-schmerzen\/","title":{"rendered":"So gew\u00f6hne ich meine F\u00fc\u00dfe nach dem Winter wieder an 5 cm Abs\u00e4tze (ohne Schmerzen!)"},"content":{"rendered":"<p>Nach Monaten in flachen Schuhen wieder zu Abs\u00e4tzen zu wechseln &#8211; eine Herausforderung, die viele im Fr\u00fchling 2025 annehmen. Der erste Fr\u00fchlingsmonat M\u00e4rz l\u00e4utet die Saison ein, in der wir unsere winterm\u00fcden F\u00fc\u00dfe aus bequemen Boots befreien und uns auf schickere Alternativen freuen. Doch wie k\u00f6nnen wir unsere F\u00fc\u00dfe sanft an hohe Schuhe gew\u00f6hnen, ohne Schmerzen zu riskieren?<\/p>\n<h2>Der langsame Wiedereinstieg in die Welt der Abs\u00e4tze<\/h2>\n<p>Nach einer l\u00e4ngeren Pause sollten wir unseren F\u00fc\u00dfen Zeit zur Anpassung geben. <strong>Fu\u00dforthop\u00e4din Dr. Maria Weber<\/strong> vom Berliner Gesundheitsinstitut r\u00e4t: &#8222;Beginnen Sie mit kurzen Tragezeiten von maximal zwei Stunden und steigern Sie diese allm\u00e4hlich. Ihre F\u00fc\u00dfe brauchen Zeit, um die Muskulatur wieder aufzubauen, die f\u00fcr stabiles Laufen auf Abs\u00e4tzen n\u00f6tig ist.&#8220;<\/p>\n<h2>Die perfekte H\u00f6he f\u00fcr den Neuanfang<\/h2>\n<p>Wie bei einem Marathontraining sollte man auch hier nicht gleich mit H\u00f6chstleistungen starten. <strong>Kitten Heels<\/strong> mit 3-5 cm Absatzh\u00f6he sind ideale Begleiter f\u00fcr die ersten Wochen des Fr\u00fchlings. Sie bieten einen eleganten Look, ohne die F\u00fc\u00dfe zu \u00fcberfordern &#8211; wie ein sanfter Fr\u00fchlingswind, der langsam die Winterk\u00e4lte vertreibt.<\/p>\n<h2>Die richtigen \u00dcbungen f\u00fcr starke F\u00fc\u00dfe<\/h2>\n<p><strong>Physiotherapeutin Claudia Becker<\/strong> empfiehlt: &#8222;F\u00fchren Sie t\u00e4glich gezielte \u00dcbungen durch, um Ihre Fu\u00dfmuskulatur zu st\u00e4rken. Dies ist vergleichbar mit dem Fr\u00fchjahrsputz f\u00fcr Ihren K\u00f6rper &#8211; Sie bereiten ihn auf neue Anforderungen vor.&#8220; Besonders effektiv sind:<\/p>\n<ul>\n<li>Zehenkrallen \u2013 Versuchen Sie, ein Handtuch mit den Zehen zu greifen<\/li>\n<li>Fu\u00dfkreisen \u2013 F\u00fcr beweglichere Fu\u00dfgelenke<\/li>\n<li>Wadendehnung \u2013 Beugen Sie sich gegen eine Wand<\/li>\n<\/ul>\n<h2>Die perfekte Schuhwahl f\u00fcr den Fr\u00fchling 2025<\/h2>\n<p>Im Fr\u00fchjahr 2025 dominieren Blockabs\u00e4tze und Plateauschuhe die <a href=\"https:\/\/www.journee-mondiale.com\/de\/category\/lebensstil\/\" target=\"_blank\">Mode und Lifestyle-Tipps<\/a>. Diese bieten mehr Stabilit\u00e4t als d\u00fcnne Stilettos und verteilen das Gewicht gleichm\u00e4\u00dfiger. &#8222;Die neuen Fr\u00fchlingskollektionen setzen auf Komfort ohne Stileinbu\u00dfen,&#8220; erkl\u00e4rt Modeexpertin Julia Schneider aus M\u00fcnchen, die selbst nach einer Pause wieder hohe Schuhe tr\u00e4gt.<\/p>\n<h2>Die vergessene Rolle der Einlegesohlen<\/h2>\n<p>Ein oft \u00fcbersehener Helfer auf dem Weg zur\u00fcck zu <strong>hohen Abs\u00e4tzen<\/strong> sind spezielle Einlegesohlen. Diese k\u00f6nnen Druckpunkte entlasten und den Fu\u00df richtig positionieren. Besonders f\u00fcr die wechselhaften Fr\u00fchlingstage, wenn man l\u00e4ngere Strecken zur\u00fccklegt, sind sie unverzichtbar &#8211; wie ein unsichtbares Sicherheitsnetz f\u00fcr Ihre F\u00fc\u00dfe.<\/p>\n<h2>Fu\u00dfpflege als Teil des Wiedereinstiegs<\/h2>\n<p>Nach der langen Winterzeit ben\u00f6tigen unsere F\u00fc\u00dfe besondere Aufmerksamkeit. Vor den ersten Fr\u00fchlingsschritten auf h\u00f6heren Abs\u00e4tzen sollten wir ihnen eine intensive Pflege g\u00f6nnen. Dazu geh\u00f6ren:<\/p>\n<ul>\n<li>Regelm\u00e4\u00dfige Fu\u00dfb\u00e4der mit \u00e4therischen \u00d6len<\/li>\n<li>Sanftes Peeling zur Entfernung trockener Haut<\/li>\n<li>T\u00e4gliche Massage mit reichhaltiger Creme<\/li>\n<\/ul>\n<h2>Internationale Marken f\u00fcr den deutschen Markt<\/h2>\n<p>Deutsche Schuhliebhaberinnen sch\u00e4tzen Qualit\u00e4t und Komfort. Marken wie Birkenstock haben inzwischen elegante Absatzmodelle im Angebot, die den \u00dcbergang erleichtern. Auch internationale Labels wie Clarks und Ecco bieten Modelle, die f\u00fcr <a href=\"https:\/\/www.journee-mondiale.com\/de\/category\/reisen\/\" target=\"_blank\">Modische Reisetrends<\/a> perfekt sind und gleichzeitig den Fu\u00df unterst\u00fctzen.<\/p>\n<h2>Die kulturelle Bedeutung hoher Schuhe in Deutschland<\/h2>\n<p>In Deutschland haben <strong>hochhackige Schuhe<\/strong> einen besonderen Stellenwert in der <a href=\"https:\/\/www.journee-mondiale.com\/de\/geschichte-der-welttage\/\" target=\"_blank\">Historische Modeentwicklung<\/a>. Sie symbolisieren Eleganz und Professionalit\u00e4t, besonders im Berufsleben. &#8222;Nach zwei Jahren Home-Office-Kultur beobachten wir eine Renaissance eleganter Business-Schuhe,&#8220; erkl\u00e4rt Trendforscherin Sabine M\u00fcller aus Frankfurt.<\/p>\n<h2>Wie geht&#8217;s weiter mit deinen F\u00fc\u00dfen?<\/h2>\n<p>Deine Reise zur\u00fcck zu hohen Schuhen gleicht dem Fr\u00fchlingserwachen \u2013 langsam, aber stetig entfaltet sich neue Sch\u00f6nheit. Mit Geduld, den richtigen \u00dcbungen und qualitativ hochwertigen Schuhen wird der \u00dcbergang schmerzfrei gelingen. Deine F\u00fc\u00dfe werden es dir danken, wenn du ihnen Zeit gibst, sich wie die ersten Fr\u00fchlingsblumen behutsam an die neue Situation zu gew\u00f6hnen.<\/p>\n","protected":false},"excerpt":{"rendered":"<p>Nach Monaten in flachen Schuhen wieder zu Abs\u00e4tzen zu wechseln &#8211; eine Herausforderung, die viele im Fr\u00fchling 2025 annehmen. Der erste Fr\u00fchlingsmonat M\u00e4rz l\u00e4utet die Saison ein, in der wir unsere winterm\u00fcden F\u00fc\u00dfe aus bequemen Boots befreien und uns auf schickere Alternativen freuen. Doch wie k\u00f6nnen wir unsere F\u00fc\u00dfe sanft an hohe Schuhe gew\u00f6hnen, ohne &#8230; <a title=\"So gew\u00f6hne ich meine F\u00fc\u00dfe nach dem Winter wieder an 5 cm Abs\u00e4tze (ohne Schmerzen!)\" class=\"read-more\" href=\"https:\/\/www.journee-mondiale.com\/de\/so-gewoehne-ich-meine-fuesse-nach-dem-winter-wieder-an-5-cm-absaetze-ohne-schmerzen\/\" aria-label=\"Mehr Informationen \u00fcber So gew\u00f6hne ich meine F\u00fc\u00dfe nach dem Winter wieder an 5 cm Abs\u00e4tze (ohne Schmerzen!)\">Lire plus<\/a><\/p>\n","protected":false},"author":1,"featured_media":12307,"comment_status":"","ping_status":"","sticky":false,"template":"","format":"standard","meta":{"footnotes":""},"categories":[48],"tags":[],"class_list":["post-12308","post","type-post","status-publish","format-standard","has-post-thumbnail","hentry","category-lebensstil"],"acf":[],"_yoast_wpseo_primary_category":null,"_yoast_wpseo_title":null,"_yoast_wpseo_metadesc":null,"_links":{"self":[{"href":"https:\/\/www.journee-mondiale.com\/de\/wp-json\/wp\/v2\/posts\/12308","targetHints":{"allow":["GET"]}}],"collection":[{"href":"https:\/\/www.journee-mondiale.com\/de\/wp-json\/wp\/v2\/posts"}],"about":[{"href":"https:\/\/www.journee-mondiale.com\/de\/wp-json\/wp\/v2\/types\/post"}],"author":[{"embeddable":true,"href":"https:\/\/www.journee-mondiale.com\/de\/wp-json\/wp\/v2\/users\/1"}],"replies":[{"embeddable":true,"href":"https:\/\/www.journee-mondiale.com\/de\/wp-json\/wp\/v2\/comments?post=12308"}],"version-history":[{"count":0,"href":"https:\/\/www.journee-mondiale.com\/de\/wp-json\/wp\/v2\/posts\/12308\/revisions"}],"wp:featuredmedia":[{"embeddable":true,"href":"https:\/\/www.journee-mondiale.com\/de\/wp-json\/wp\/v2\/media\/12307"}],"wp:attachment":[{"href":"https:\/\/www.journee-mondiale.com\/de\/wp-json\/wp\/v2\/media?parent=12308"}],"wp:term":[{"taxonomy":"category","embeddable":true,"href":"https:\/\/www.journee-mondiale.com\/de\/wp-json\/wp\/v2\/categories?post=12308"},{"taxonomy":"post_tag","embeddable":true,"href":"https:\/\/www.journee-mondiale.com\/de\/wp-json\/wp\/v2\/tags?post=12308"}],"curies":[{"name":"wp","href":"https:\/\/api.w.org\/{rel}","templated":true}]}}