{"id":12306,"date":"2025-03-07T16:28:06","date_gmt":"2025-03-07T15:28:06","guid":{"rendered":"https:\/\/www.journee-mondiale.com\/de\/diese-stadt-bewahrt-die-geburtsstaette-des-beruehmtesten-freiheitsdenkers-deutschlands-250-historische-fachwerkhaeuser-aus-dem-18-jahrhundert\/"},"modified":"2025-03-07T16:28:06","modified_gmt":"2025-03-07T15:28:06","slug":"diese-stadt-bewahrt-die-geburtsstaette-des-beruehmtesten-freiheitsdenkers-deutschlands-250-historische-fachwerkhaeuser-aus-dem-18-jahrhundert","status":"publish","type":"post","link":"https:\/\/www.journee-mondiale.com\/de\/diese-stadt-bewahrt-die-geburtsstaette-des-beruehmtesten-freiheitsdenkers-deutschlands-250-historische-fachwerkhaeuser-aus-dem-18-jahrhundert\/","title":{"rendered":"Diese Stadt bewahrt die Geburtsst\u00e4tte des ber\u00fchmtesten Freiheitsdenkers Deutschlands (250 historische Fachwerkh\u00e4user aus dem 18. Jahrhundert)"},"content":{"rendered":"<h2>Marbach am Neckar: Eine literarische Zeitreise im St\u00e4dtchen Schillers<\/h2>\n<p>Im Herzen Baden-W\u00fcrttembergs thront ein Juwel deutscher Kulturgeschichte \u00fcber dem glitzernden Neckar. Marbach, die Geburtsstadt Friedrich Schillers, ist weit mehr als nur ein Pilgerort f\u00fcr Literaturfreunde. Zwischen Fachwerkh\u00e4usern und Weinbergen entfaltet sich ein lebendiges Kapitel deutscher Geschichte, das 2025 mit dem legend\u00e4ren 18.-Jahrhundert-Fest seine H\u00f6hepunkt erreicht.<\/p>\n<h2>Zwischen Dichtung und Wahrheit: Schillers Erbe<\/h2>\n<p>Die Altstadt von Marbach \u2013 seit 1983 unter Denkmalschutz \u2013 verzaubert mit einem nahezu geschlossenen Ensemble von Bauten aus dem 18. Jahrhundert. &#8222;Hier sp\u00fcrt man den Geist der Aufkl\u00e4rung an jeder Ecke,&#8220; schw\u00e4rmt Kulturhistorikerin Marie Weber. Schillers Geburtshaus bildet das Herzst\u00fcck dieses historischen Kleinods und lockt j\u00e4hrlich tausende Besucher an, die auf den Spuren des Freiheitsdenkers wandeln.<\/p>\n<h2>Das 18.-Jahrhundert-Fest: Marbach im Zeitraffertempo<\/h2>\n<p>Am 3. und 4. Mai 2025 verwandelt sich das beschauliche St\u00e4dtchen in eine lebendige Zeitkapsel. &#8222;Das 18.-Jahrhundert-Fest ist keine gew\u00f6hnliche Veranstaltung \u2013 es ist eine komplette Immersion in die Welt Schillers,&#8220; erkl\u00e4rt Festorganisator Thomas M\u00fcller. H\u00e4ndler in historischen Gew\u00e4ndern, Schausteller und Musiker lassen die Epoche auferstehen, w\u00e4hrend Besucher zwischen <a href=\"https:\/\/www.journee-mondiale.com\/de\/diese-stadt-im-teutoburger-wald-bewahrt-250-renaissance-schaetze-auf-wenigen-quadratkilometern-das-klein-heidelberg-des-nordens-verzaubert-kenner\/\" target=\"_blank\">historische deutsche St\u00e4dte<\/a> wandeln k\u00f6nnen, ohne die Gegenwart zu verlassen.<\/p>\n<h2>Die Pferde-Passion: Vielseitigkeit auf Weltklasse-Niveau<\/h2>\n<p>Pferdeliebhaber sollten ihren Besuch f\u00fcr die Internationale Marbacher Vielseitigkeit im Mai 2025 planen. &#8222;Das Event vereint Tradition und sportliche Exzellenz in einer Weise, die nur hier m\u00f6glich ist,&#8220; verr\u00e4t Reitsportexpertin Claudia Bergmann. Gegen die malerische Kulisse des Neckartals messen sich internationale Reiter in einer der anspruchsvollsten Disziplinen des Pferdesports.<\/p>\n<h2>Literarische Sch\u00e4tze jenseits von Schiller<\/h2>\n<p>Das Deutsche Literaturarchiv auf der Schillerh\u00f6he beherbergt unsch\u00e4tzbare Manuskripte und Dokumente deutscher Literaturgeschichte. &#8222;Was hier zwischen diesen Mauern schlummert, ist das kollektive Ged\u00e4chtnis unserer Sprache,&#8220; philosophiert Archivarin Johanna Weber. Die Sammlung reicht weit \u00fcber Schiller hinaus und umfasst Werke von Goethe bis Grass.<\/p>\n<h2>Naturjuwelen im Neckartal<\/h2>\n<p>Die Hessigheimer Felseng\u00e4rten, nur einen Katzensprung entfernt, offenbaren eine \u00fcberraschende Seite der Region. Diese versteckte Perle mit ihren Kalksteinfelsen und seltenen Pflanzenarten geh\u00f6rt zu den beeindruckendsten <a href=\"https:\/\/www.journee-mondiale.com\/de\/dieses-gebirgsparadies-in-frankreich-wird-zum-schoensten-sternenhimmel-europas-verstecktes-unesco-juwel-nur-einheimischen-bekannt\/\" target=\"_blank\">Naturschutzgebiete in Europa<\/a> und bietet Wanderern atemberaubende Ausblicke \u00fcber das Neckartal.<\/p>\n<h2>Entlang historischer Mauern<\/h2>\n<p>Der Spaziergang entlang der historischen Stadtmauer geh\u00f6rt zu den intimsten Erlebnissen in Marbach. Die gut erhaltenen <a href=\"https:\/\/www.journee-mondiale.com\/de\/dieses-mittelalterliche-dorf-mit-vollstaendig-erhaltener-stadtmauer-aus-dem-14-jahrhundert-wurde-zum-schoensten-ort-frankreichs-2022-gewaehlt-verstecktes-juwel-im-elsass\/\" target=\"_blank\">mittelalterliche Stadtmauern<\/a> und der imposante Obere Torturm erz\u00e4hlen von Jahrhunderten wechselvoller Geschichte. &#8222;Wer an diesen Mauern entlangstreift, h\u00f6rt die Geschichten vergangener Generationen,&#8220; bemerkt Stadtf\u00fchrerin Elisabeth Krause.<\/p>\n<h2>Schw\u00e4bische Gaumenfreuden<\/h2>\n<p>Die lokale K\u00fcche folgt dem schw\u00e4bischen Prinzip &#8222;Schaffa, schaffa, H\u00e4usle baua&#8220; \u2013 herzhaft und s\u00e4ttigend. In den gem\u00fctlichen Gasth\u00e4usern der Altstadt werden traditionelle Gerichte wie handgeschabte Sp\u00e4tzle und Maultaschen serviert, oft begleitet von Weinen aus den umliegenden Weinbergen. Der perfekte Abschluss eines kulturintensiven Tages!<\/p>\n<h2>Unterkunft mit Charme<\/h2>\n<p>Von rustikalen Pensionen bis zu komfortablen Hotels \u2013 Marbach bietet authentische Unterk\u00fcnfte f\u00fcr jeden Geschmack. Besonders charmant sind die G\u00e4steh\u00e4user in renovierten Fachwerkh\u00e4usern, die moderne Bequemlichkeit mit historischem Flair verbinden. Fr\u00fchbucher haben bei Gro\u00dfereignissen wie dem 18.-Jahrhundert-Fest <a href=\"https:\/\/www.journee-mondiale.com\/de\/diese-stadt-im-dreilaendereck-bewahrt-zwei-mittelalterliche-textilschaetze-die-weltweit-einzigartig-sind-verstecktes-juwel-auf-nur-76-km%c2%b2\/\" target=\"_blank\">deutsche Kultursch\u00e4tze<\/a> definitiv die Nase vorn.<\/p>\n<h2>Verborgene Kunst im Stadtherzen<\/h2>\n<p>Das Fritz Genkinger Kunsthaus pr\u00e4sentiert zeitgen\u00f6ssische Werke inmitten historischer Gem\u00e4uer \u2013 ein spannender Kontrast zu den <a href=\"https:\/\/www.journee-mondiale.com\/de\/diese-stadt-bewahrt-ein-revolutionaeres-architekturwunder-aus-1924-das-flexible-waende-zum-verschwinden-bringt-unesco-juwel-im-nachbarland\/\" target=\"_blank\">Architektursch\u00e4tze im Nachbarland<\/a>. Die wechselnden Ausstellungen machen jeden Besuch zu einem neuen Erlebnis und zeigen, dass Marbach nicht nur in der Vergangenheit schwelgt, sondern Tradition und Moderne gekonnt verbindet.<\/p>\n<p>Wenn die Abendsonne die Fachwerkfassaden in goldenes Licht taucht und der Neckar unter den Br\u00fccken dahinpl\u00e4tschert, verstehen Besucher, warum dieses St\u00e4dtchen einen Dichter wie Schiller hervorbringen konnte. Marbach ist mehr als ein Ort \u2013 es ist ein Gef\u00fchl, ein literarischer Herzschlag im Rhythmus der Jahrhunderte, der jeden Besucher in seinen Bann zieht.<\/p>\n","protected":false},"excerpt":{"rendered":"<p>Marbach am Neckar: Eine literarische Zeitreise im St\u00e4dtchen Schillers Im Herzen Baden-W\u00fcrttembergs thront ein Juwel deutscher Kulturgeschichte \u00fcber dem glitzernden Neckar. Marbach, die Geburtsstadt Friedrich Schillers, ist weit mehr als nur ein Pilgerort f\u00fcr Literaturfreunde. Zwischen Fachwerkh\u00e4usern und Weinbergen entfaltet sich ein lebendiges Kapitel deutscher Geschichte, das 2025 mit dem legend\u00e4ren 18.-Jahrhundert-Fest seine H\u00f6hepunkt erreicht. &#8230; <a title=\"Diese Stadt bewahrt die Geburtsst\u00e4tte des ber\u00fchmtesten Freiheitsdenkers Deutschlands (250 historische Fachwerkh\u00e4user aus dem 18. Jahrhundert)\" class=\"read-more\" href=\"https:\/\/www.journee-mondiale.com\/de\/diese-stadt-bewahrt-die-geburtsstaette-des-beruehmtesten-freiheitsdenkers-deutschlands-250-historische-fachwerkhaeuser-aus-dem-18-jahrhundert\/\" aria-label=\"Mehr Informationen \u00fcber Diese Stadt bewahrt die Geburtsst\u00e4tte des ber\u00fchmtesten Freiheitsdenkers Deutschlands (250 historische Fachwerkh\u00e4user aus dem 18. Jahrhundert)\">Lire plus<\/a><\/p>\n","protected":false},"author":1,"featured_media":12305,"comment_status":"","ping_status":"","sticky":false,"template":"","format":"standard","meta":{"footnotes":""},"categories":[49],"tags":[],"class_list":["post-12306","post","type-post","status-publish","format-standard","has-post-thumbnail","hentry","category-reisen"],"acf":[],"_yoast_wpseo_primary_category":null,"_yoast_wpseo_title":null,"_yoast_wpseo_metadesc":null,"_links":{"self":[{"href":"https:\/\/www.journee-mondiale.com\/de\/wp-json\/wp\/v2\/posts\/12306","targetHints":{"allow":["GET"]}}],"collection":[{"href":"https:\/\/www.journee-mondiale.com\/de\/wp-json\/wp\/v2\/posts"}],"about":[{"href":"https:\/\/www.journee-mondiale.com\/de\/wp-json\/wp\/v2\/types\/post"}],"author":[{"embeddable":true,"href":"https:\/\/www.journee-mondiale.com\/de\/wp-json\/wp\/v2\/users\/1"}],"replies":[{"embeddable":true,"href":"https:\/\/www.journee-mondiale.com\/de\/wp-json\/wp\/v2\/comments?post=12306"}],"version-history":[{"count":0,"href":"https:\/\/www.journee-mondiale.com\/de\/wp-json\/wp\/v2\/posts\/12306\/revisions"}],"wp:featuredmedia":[{"embeddable":true,"href":"https:\/\/www.journee-mondiale.com\/de\/wp-json\/wp\/v2\/media\/12305"}],"wp:attachment":[{"href":"https:\/\/www.journee-mondiale.com\/de\/wp-json\/wp\/v2\/media?parent=12306"}],"wp:term":[{"taxonomy":"category","embeddable":true,"href":"https:\/\/www.journee-mondiale.com\/de\/wp-json\/wp\/v2\/categories?post=12306"},{"taxonomy":"post_tag","embeddable":true,"href":"https:\/\/www.journee-mondiale.com\/de\/wp-json\/wp\/v2\/tags?post=12306"}],"curies":[{"name":"wp","href":"https:\/\/api.w.org\/{rel}","templated":true}]}}