{"id":12300,"date":"2025-03-07T11:23:42","date_gmt":"2025-03-07T10:23:42","guid":{"rendered":"https:\/\/www.journee-mondiale.com\/de\/wie-ich-den-windswept-french-bob-fuer-meine-verwandlung-nutzte-und-warum-er-2025-alle-begeistert\/"},"modified":"2025-03-07T11:23:42","modified_gmt":"2025-03-07T10:23:42","slug":"wie-ich-den-windswept-french-bob-fuer-meine-verwandlung-nutzte-und-warum-er-2025-alle-begeistert","status":"publish","type":"post","link":"https:\/\/www.journee-mondiale.com\/de\/wie-ich-den-windswept-french-bob-fuer-meine-verwandlung-nutzte-und-warum-er-2025-alle-begeistert\/","title":{"rendered":"Wie ich den Windswept French Bob f\u00fcr meine Verwandlung nutzte (und warum er 2025 alle begeistert)"},"content":{"rendered":"<p>Der <strong>Windswept French Bob<\/strong> erobert im Fr\u00fchling 2025 die Modewelt mit seinem unbeschwerten Charme. Diese Interpretation des klassischen French Bobs verleiht deinem Look eine luftig-leichte \u00c4sthetik \u2013 perfekt f\u00fcr die ersten warmen Fr\u00fchlingstage. Mit seinem charakteristischen Volumen am Oberkopf und den elegant zur\u00fcckgesteckten Seiten verbindet dieser Stil franz\u00f6sische Eleganz mit einer Prise Unbek\u00fcmmertheit. Entdecken wir gemeinsam, warum dieser Look gerade jetzt so begehrt ist und wie du ihn selbst umsetzen kannst.<\/p>\n<h2>Die Renaissance des French Bob mit modernem Twist<\/h2>\n<p>Der French Bob hat seine Wurzeln in den 1920er Jahren und erlebt nun eine beeindruckende Wiederbelebung. <strong>Marie Hoffmann<\/strong>, Chefredakteurin des deutschen Frisuren-Magazins &#8222;Hairstyle Today&#8220;, erkl\u00e4rt: &#8222;Der Windswept French Bob ist die perfekte Antwort auf unser Bed\u00fcrfnis nach Eleganz und Leichtigkeit zugleich. Im Fr\u00fchjahr 2025 sehen wir ihn \u00fcberall \u2013 von Redaktionssitzungen bis zu Stra\u00dfencaf\u00e9s in Berlin und M\u00fcnchen.&#8220; Der klassische Bob bekommt durch das bewusst geschaffene Volumen am Scheitel und die zur\u00fcckgesteckten Seiten eine moderne, selbstbewusste Note. Eine Verbindung zu <a href=\"https:\/\/www.journee-mondiale.com\/de\/category\/lebensstil\/\" target=\"_blank\">Lebensstil-Trends<\/a> ist unverkennbar \u2013 der Look verk\u00f6rpert den Zeitgeist von Selbstbestimmung und Nat\u00fcrlichkeit.<\/p>\n<h2>F\u00fcr wen eignet sich der luftige Look?<\/h2>\n<p>Das Sch\u00f6ne am Windswept French Bob: Er schmeichelt verschiedensten Gesichtsformen. <strong>Ovale und herzf\u00f6rmige Gesichter<\/strong> profitieren besonders vom Volumen am Scheitel, w\u00e4hrend die zur\u00fcckgesteckten Seiten kantigere Kieferknochen elegant betonen. &#8222;Wie eine ma\u00dfgeschneiderte Jacke umschmeichelt dieser Schnitt die individuellen Gesichtsz\u00fcge&#8220;, schw\u00e4rmt <strong>Thomas Klein<\/strong>, Meisterfriseur im Hamburger Salon &#8222;Scherenk\u00fcnstler&#8220;.<\/p>\n<h2>Die perfekte Haarl\u00e4nge und -struktur<\/h2>\n<p>Der ideale Windswept French Bob endet typischerweise zwischen Kinn und Schl\u00fcsselbein. Bei der Haarstruktur gilt: <strong>Leichte Wellen oder feines, glattes Haar<\/strong> eignen sich hervorragend f\u00fcr diesen Stil. Wer von Natur aus lockiges Haar hat, kann mit einem guten Schnitt und den richtigen Produkten ebenfalls diesen Look kreieren. Der Windswept-Effekt funktioniert wie ein nat\u00fcrlicher Weichzeichner f\u00fcr dein Gesicht \u2013 er verleiht Kontur, ohne streng zu wirken.<\/p>\n<h2>So kreierst du den Windswept-Effekt<\/h2>\n<p>Um den charakteristischen Look zu erzielen, ben\u00f6tigst du nur wenige Hilfsmittel und einen guten Schnitt als Basis. Folge diesen Schritten f\u00fcr den perfekten <strong>Windswept-Effekt<\/strong>:<\/p>\n<ul>\n<li>F\u00f6hne dein Haar kopf\u00fcber f\u00fcr nat\u00fcrliches Volumen am Ansatz<\/li>\n<li>Verwende eine Rundb\u00fcrste f\u00fcr sanfte Bewegung in den L\u00e4ngen<\/li>\n<li>Arbeite ein leichtes Texturspray in die mittleren L\u00e4ngen und Spitzen ein<\/li>\n<\/ul>\n<p>Nach diesen grundlegenden <a href=\"https:\/\/www.journee-mondiale.com\/de\/tag\/styling\/\" target=\"_blank\">Styling-Techniken<\/a> kommt der entscheidende Schritt: das sanfte Zur\u00fcckstecken der Seiten mit dezenten Haarnadeln f\u00fcr den &#8222;swept back&#8220;-Look.<\/p>\n<h2>Die richtige Pflege f\u00fcr deinen Bob<\/h2>\n<p>Wie ein zartes Fr\u00fchlingsblatt braucht auch dein Windswept Bob die richtige Pflege. <strong>Leichte Pflegeprodukte<\/strong> sind der Schl\u00fcssel, um Schwere zu vermeiden und die Beweglichkeit zu erhalten. Ein volumengebendes Shampoo bildet die Grundlage, gefolgt von einer leichten Leave-in-Pflege. F\u00fcr weitere <a href=\"https:\/\/www.journee-mondiale.com\/de\/tag\/haarpflege\/\" target=\"_blank\">Haarpflege-Tipps<\/a> speziell f\u00fcr kurze Frisuren kannst du dich von Experten beraten lassen.<\/p>\n<h2>Von den Laufstegen in den Alltag<\/h2>\n<p>Was zun\u00e4chst auf internationalen Modenschauen zu sehen war, hat nun den Weg in deutsche Friseursalons gefunden. &#8222;Wie ein sanfter Fr\u00fchlingswind weht dieser Trend durch unsere Salons&#8220;, berichtet <strong>Sophie Wagner<\/strong>, Trendscouting-Expertin aus Frankfurt. &#8222;Frauen sch\u00e4tzen die Vielseitigkeit \u2013 morgens schnell gestylt f\u00fcr das B\u00fcro, abends mit etwas mehr Volumen f\u00fcr einen eleganten Auftritt.&#8220;<\/p>\n<h2>Historisches Erbe trifft Moderne<\/h2>\n<p>Der French Bob hat eine beeindruckende Geschichte. In den 1920er Jahren symbolisierte er die Emanzipation der Frau \u2013 heute steht er f\u00fcr selbstbewusste Eleganz mit l\u00e4ssigem Twist. Die zur\u00fcckgesteckten Seiten des Windswept-Looks erinnern an die <a href=\"https:\/\/www.journee-mondiale.com\/de\/tag\/frisuren\/\" target=\"_blank\">klassischen Frisuren<\/a> der 1950er Jahre, doch das nat\u00fcrliche Styling macht ihn absolut zeitgem\u00e4\u00df.<\/p>\n<h2>Passende Accessoires f\u00fcr den Fr\u00fchling 2025<\/h2>\n<p>Wie ein Rahmen ein Kunstwerk betont, so k\u00f6nnen die richtigen Accessoires deinen Windswept Bob in Szene setzen:<\/p>\n<ul>\n<li>Filigrane Ohrringe, die unter den zur\u00fcckgesteckten Seiten hervorblitzen<\/li>\n<li>Dezente Haarnadeln mit kleinen Perlen oder geometrischen Elementen<\/li>\n<li>Leichte Stirnb\u00e4nder f\u00fcr Tage, an denen du den Look variieren m\u00f6chtest<\/li>\n<\/ul>\n<p>Eine neue Frisur kann wahre Wunder f\u00fcr dein <a href=\"https:\/\/www.journee-mondiale.com\/de\/tag\/selbstbewusstsein\/\" target=\"_blank\">Selbstbewusstsein st\u00e4rken<\/a>. Wie eine Studentin aus M\u00fcnchen berichtet: &#8222;Seit meinem Windswept Bob f\u00fchle ich mich wie verwandelt \u2013 leichter, freier und irgendwie franz\u00f6sisch-elegant!&#8220;<\/p>\n<h2>Wirst du dich trauen?<\/h2>\n<p>Der Windswept French Bob ist wie ein Hauch Pariser Eleganz mit einer Prise Fr\u00fchlingsfrische \u2013 unbeschwert, stilvoll und dennoch m\u00fchelos zu stylen. Vielleicht ist jetzt, mit dem Einzug des Fr\u00fchlings, der perfekte Zeitpunkt, um deinem Look eine neue Leichtigkeit zu verleihen. Manchmal sind es die kleinen Ver\u00e4nderungen, die den gr\u00f6\u00dften Unterschied machen.<\/p>\n","protected":false},"excerpt":{"rendered":"<p>Der Windswept French Bob erobert im Fr\u00fchling 2025 die Modewelt mit seinem unbeschwerten Charme. Diese Interpretation des klassischen French Bobs verleiht deinem Look eine luftig-leichte \u00c4sthetik \u2013 perfekt f\u00fcr die ersten warmen Fr\u00fchlingstage. Mit seinem charakteristischen Volumen am Oberkopf und den elegant zur\u00fcckgesteckten Seiten verbindet dieser Stil franz\u00f6sische Eleganz mit einer Prise Unbek\u00fcmmertheit. Entdecken wir &#8230; <a title=\"Wie ich den Windswept French Bob f\u00fcr meine Verwandlung nutzte (und warum er 2025 alle begeistert)\" class=\"read-more\" href=\"https:\/\/www.journee-mondiale.com\/de\/wie-ich-den-windswept-french-bob-fuer-meine-verwandlung-nutzte-und-warum-er-2025-alle-begeistert\/\" aria-label=\"Mehr Informationen \u00fcber Wie ich den Windswept French Bob f\u00fcr meine Verwandlung nutzte (und warum er 2025 alle begeistert)\">Lire plus<\/a><\/p>\n","protected":false},"author":1,"featured_media":12299,"comment_status":"","ping_status":"","sticky":false,"template":"","format":"standard","meta":{"footnotes":""},"categories":[48],"tags":[],"class_list":["post-12300","post","type-post","status-publish","format-standard","has-post-thumbnail","hentry","category-lebensstil"],"acf":[],"_yoast_wpseo_primary_category":null,"_yoast_wpseo_title":null,"_yoast_wpseo_metadesc":null,"_links":{"self":[{"href":"https:\/\/www.journee-mondiale.com\/de\/wp-json\/wp\/v2\/posts\/12300","targetHints":{"allow":["GET"]}}],"collection":[{"href":"https:\/\/www.journee-mondiale.com\/de\/wp-json\/wp\/v2\/posts"}],"about":[{"href":"https:\/\/www.journee-mondiale.com\/de\/wp-json\/wp\/v2\/types\/post"}],"author":[{"embeddable":true,"href":"https:\/\/www.journee-mondiale.com\/de\/wp-json\/wp\/v2\/users\/1"}],"replies":[{"embeddable":true,"href":"https:\/\/www.journee-mondiale.com\/de\/wp-json\/wp\/v2\/comments?post=12300"}],"version-history":[{"count":0,"href":"https:\/\/www.journee-mondiale.com\/de\/wp-json\/wp\/v2\/posts\/12300\/revisions"}],"wp:featuredmedia":[{"embeddable":true,"href":"https:\/\/www.journee-mondiale.com\/de\/wp-json\/wp\/v2\/media\/12299"}],"wp:attachment":[{"href":"https:\/\/www.journee-mondiale.com\/de\/wp-json\/wp\/v2\/media?parent=12300"}],"wp:term":[{"taxonomy":"category","embeddable":true,"href":"https:\/\/www.journee-mondiale.com\/de\/wp-json\/wp\/v2\/categories?post=12300"},{"taxonomy":"post_tag","embeddable":true,"href":"https:\/\/www.journee-mondiale.com\/de\/wp-json\/wp\/v2\/tags?post=12300"}],"curies":[{"name":"wp","href":"https:\/\/api.w.org\/{rel}","templated":true}]}}