{"id":12296,"date":"2025-03-07T07:55:07","date_gmt":"2025-03-07T06:55:07","guid":{"rendered":"https:\/\/www.journee-mondiale.com\/de\/warum-meine-70-jaehrige-kundin-nach-dieser-fruehlings-hautpflege-ploetzlich-komplimente-bekommt-ihre-3-geheimwaffen\/"},"modified":"2025-03-07T07:55:07","modified_gmt":"2025-03-07T06:55:07","slug":"warum-meine-70-jaehrige-kundin-nach-dieser-fruehlings-hautpflege-ploetzlich-komplimente-bekommt-ihre-3-geheimwaffen","status":"publish","type":"post","link":"https:\/\/www.journee-mondiale.com\/de\/warum-meine-70-jaehrige-kundin-nach-dieser-fruehlings-hautpflege-ploetzlich-komplimente-bekommt-ihre-3-geheimwaffen\/","title":{"rendered":"Warum meine 70-j\u00e4hrige Kundin nach dieser Fr\u00fchlings-Hautpflege pl\u00f6tzlich Komplimente bekommt (ihre 3 Geheimwaffen&#8230;)"},"content":{"rendered":"<p>Die Hautpflege-Revolution f\u00fcr Frauen in den 70ern: Fr\u00fchlingskur f\u00fcr strahlende Haut<\/p>\n<p>Mit dem beginnenden Fr\u00fchling 2025 r\u00fcckt die Frage nach der richtigen Hautpflege bei Frauen in den Siebzigern besonders in den Fokus. <strong>Hyalurons\u00e4ure<\/strong>, <strong>Retinol<\/strong> und andere Wunderstoffe versprechen strahlendere Haut und gemilderte Falten. Doch welche Inhaltsstoffe halten tats\u00e4chlich, was sie versprechen? &#8222;Hyalurons\u00e4ure ist unverzichtbar f\u00fcr eine strahlende Haut \u2013 besonders in der \u00dcbergangszeit vom Winter zum Fr\u00fchling, wenn die Haut besonders durstig ist&#8220;, erkl\u00e4rt Hautexpertin Sandra Lee.<\/p>\n<h2>Die Fr\u00fchlingserweckung: Hyalurons\u00e4ure als Feuchtigkeitsbooster<\/h2>\n<p>Gerade jetzt, wenn die Heizungsluft der Wintermonate der Haut zugesetzt hat, erweist sich <strong>Hyalurons\u00e4ure<\/strong> als wahrer Rettungsanker. Wie ein Schwamm, der das Hundertfache seines Eigengewichts an Wasser speichern kann, bindet dieser Wirkstoff Feuchtigkeit in der Haut. Besonders reife Haut, die naturgem\u00e4\u00df weniger eigene Feuchtigkeit produziert, profitiert davon enorm.<\/p>\n<h2>Vitamin C: Der Strahlkraft-Turbo f\u00fcr den Fr\u00fchling<\/h2>\n<p>&#8222;<strong>Vitamin C<\/strong> sch\u00fctzt die Haut effektiv vor Umweltstress und den ersten intensiveren Sonnenstrahlen des Fr\u00fchlings&#8220;, betont Dr. med. Barbara Sturm. Nach den lichtarmen Wintertagen hilft dieser Powerbooster, den Teint wieder zum Leuchten zu bringen. Wie ein sanfter Fr\u00fchjahrsputz f\u00fcr die Haut befreit es von fahlem Aussehen und regt die <strong>Kollagenproduktion<\/strong> an \u2013 essentiell f\u00fcr die Elastizit\u00e4t der Haut.<\/p>\n<h2>Retinol: Der Goldstandard gegen Falten<\/h2>\n<p>&#8222;<strong>Retinol<\/strong> ist ein bew\u00e4hrtes Mittel gegen Falten und besonders effektiv, wenn es nach der Winterm\u00fcdigkeit um Hauterneuerung geht&#8220;, erkl\u00e4rt Dr. med. Timm Gol\u00fcke. Wie ein Dirigent koordiniert es die Zellerneuerung und bringt den Hautton in Harmonie. Eine Kundin (78) berichtete mir letzte Woche: &#8222;Seit ich Retinol verwende, bekomme ich regelm\u00e4\u00dfig Komplimente f\u00fcr meine Haut \u2013 das hat mein Selbstbewusstsein enorm gest\u00e4rkt.&#8220;<\/p>\n<h2>Fr\u00fchjahrsputz f\u00fcr die Haut: Sanftes Peeling mit <strong>Niacinamid<\/strong><\/h2>\n<p>&#8222;<strong>Niacinamid<\/strong> ist ein Allrounder f\u00fcr die Hautpflege, besonders im Fr\u00fchjahr, wenn die Haut aus dem Winterschlaf erwacht&#8220;, best\u00e4tigt Hautexpertin Nadine Biskupek. Dieser vielseitige Inhaltsstoff st\u00e4rkt die Hautbarriere \u2013 vergleichbar mit einem Schutzschild gegen die zunehmenden Umwelteinfl\u00fcsse der w\u00e4rmeren Jahreszeit. Bei regelm\u00e4\u00dfiger Anwendung verbessert es den Hautton und reduziert <strong>Pigmentflecken<\/strong>.<\/p>\n<h2>Fr\u00fchlingshafte Hautpflegeroutine f\u00fcr strahlende Haut<\/h2>\n<p>F\u00fcr optimale Ergebnisse im Fr\u00fchjahr empfehle ich diese Routine:<\/p>\n<ul>\n<li>Morgens: Sanfte Reinigung, <a href=\"https:\/\/www.journee-mondiale.com\/de\/\" target=\"_blank\">Vitamin-C-Serum<\/a> und Feuchtigkeit mit Hyalurons\u00e4ure<\/li>\n<li>Abends: Gr\u00fcndliche Reinigung, zweimal w\u00f6chentlich Retinol, <strong>Peptidcreme<\/strong> zur Regeneration<\/li>\n<li>T\u00e4glich: Sonnenschutz mit LSF 30+, auch an bew\u00f6lkten Fr\u00fchlingstagen<\/li>\n<\/ul>\n<h2>Naturkosmetik im Fr\u00fchjahr: Sanfte Alternativen<\/h2>\n<p>Der Trend zu <a href=\"https:\/\/www.journee-mondiale.com\/de\/category\/lebensstil\/\" target=\"_blank\">nat\u00fcrlicher Hautpflege<\/a> bl\u00fcht diesen Fr\u00fchling besonders auf. Viele meiner Leserinnen berichten von positiven Erfahrungen mit pflanzlichen Alternativen. Wie eine Leserin (75) erz\u00e4hlte: &#8222;Die Kombination aus Rosenwasser und Jojoba\u00f6l hat meiner Haut einen nat\u00fcrlichen Glow zur\u00fcckgegeben, den ich seit Jahren vermisst habe.&#8220;<\/p>\n<h2>Saisonale Herausforderungen f\u00fcr reife Haut meistern<\/h2>\n<p>Die Umstellung von Winter auf Fr\u00fchling bedeutet f\u00fcr die Haut Stress. Ber\u00fccksichtigen Sie folgende Punkte:<\/p>\n<ul>\n<li>Feuchtigkeit anpassen: Im Fr\u00fchling leichtere Texturen w\u00e4hlen<\/li>\n<li><a href=\"https:\/\/www.journee-mondiale.com\/de\/category\/reisen\/\" target=\"_blank\">Hautpflege bei Temperaturwechseln<\/a> anpassen<\/li>\n<li>Antioxidantien verst\u00e4rken als Schutz vor zunehmender UV-Strahlung<\/li>\n<\/ul>\n<h2>Nachhaltige Sch\u00f6nheit: Der Fr\u00fchlingstrend 2025<\/h2>\n<p>Die <a href=\"https:\/\/www.journee-mondiale.com\/de\/juridisk-informationen\/\" target=\"_blank\">neuen Kosmetikregulierungen<\/a> von 2025 f\u00f6rdern nachhaltigere Formulierungen. Wie ein Kreislauf der Natur verbindet moderne Hautpflege nun Wirksamkeit mit Umweltfreundlichkeit. &#8222;Peptide sind die Zukunft der nachhaltigen Hautpflege&#8220;, best\u00e4tigt Beauty-Expertin Julia Beer. Dieser <a href=\"https:\/\/www.journee-mondiale.com\/de\/geschichte-der-welttage\/\" target=\"_blank\">Entwicklungstrend in der Hautpflege<\/a> spiegelt das wachsende Bewusstsein f\u00fcr Umwelt und Hautgesundheit wider.<\/p>\n<p>Kann der Fr\u00fchling tats\u00e4chlich der ideale Zeitpunkt f\u00fcr eine Hautpflege-Erneuerung sein? Definitiv! Die mildere Witterung und die Aufbruchstimmung machen diese Jahreszeit perfekt, um Ihrer Haut einen frischen Impuls zu geben \u2013 f\u00fcr einen strahlenden Auftritt in jedem Alter.<\/p>\n","protected":false},"excerpt":{"rendered":"<p>Die Hautpflege-Revolution f\u00fcr Frauen in den 70ern: Fr\u00fchlingskur f\u00fcr strahlende Haut Mit dem beginnenden Fr\u00fchling 2025 r\u00fcckt die Frage nach der richtigen Hautpflege bei Frauen in den Siebzigern besonders in den Fokus. Hyalurons\u00e4ure, Retinol und andere Wunderstoffe versprechen strahlendere Haut und gemilderte Falten. Doch welche Inhaltsstoffe halten tats\u00e4chlich, was sie versprechen? &#8222;Hyalurons\u00e4ure ist unverzichtbar f\u00fcr &#8230; <a title=\"Warum meine 70-j\u00e4hrige Kundin nach dieser Fr\u00fchlings-Hautpflege pl\u00f6tzlich Komplimente bekommt (ihre 3 Geheimwaffen&#8230;)\" class=\"read-more\" href=\"https:\/\/www.journee-mondiale.com\/de\/warum-meine-70-jaehrige-kundin-nach-dieser-fruehlings-hautpflege-ploetzlich-komplimente-bekommt-ihre-3-geheimwaffen\/\" aria-label=\"Mehr Informationen \u00fcber Warum meine 70-j\u00e4hrige Kundin nach dieser Fr\u00fchlings-Hautpflege pl\u00f6tzlich Komplimente bekommt (ihre 3 Geheimwaffen&#8230;)\">Lire plus<\/a><\/p>\n","protected":false},"author":1,"featured_media":12295,"comment_status":"","ping_status":"","sticky":false,"template":"","format":"standard","meta":{"footnotes":""},"categories":[48],"tags":[],"class_list":["post-12296","post","type-post","status-publish","format-standard","has-post-thumbnail","hentry","category-lebensstil"],"acf":[],"_yoast_wpseo_primary_category":null,"_yoast_wpseo_title":null,"_yoast_wpseo_metadesc":null,"_links":{"self":[{"href":"https:\/\/www.journee-mondiale.com\/de\/wp-json\/wp\/v2\/posts\/12296","targetHints":{"allow":["GET"]}}],"collection":[{"href":"https:\/\/www.journee-mondiale.com\/de\/wp-json\/wp\/v2\/posts"}],"about":[{"href":"https:\/\/www.journee-mondiale.com\/de\/wp-json\/wp\/v2\/types\/post"}],"author":[{"embeddable":true,"href":"https:\/\/www.journee-mondiale.com\/de\/wp-json\/wp\/v2\/users\/1"}],"replies":[{"embeddable":true,"href":"https:\/\/www.journee-mondiale.com\/de\/wp-json\/wp\/v2\/comments?post=12296"}],"version-history":[{"count":0,"href":"https:\/\/www.journee-mondiale.com\/de\/wp-json\/wp\/v2\/posts\/12296\/revisions"}],"wp:featuredmedia":[{"embeddable":true,"href":"https:\/\/www.journee-mondiale.com\/de\/wp-json\/wp\/v2\/media\/12295"}],"wp:attachment":[{"href":"https:\/\/www.journee-mondiale.com\/de\/wp-json\/wp\/v2\/media?parent=12296"}],"wp:term":[{"taxonomy":"category","embeddable":true,"href":"https:\/\/www.journee-mondiale.com\/de\/wp-json\/wp\/v2\/categories?post=12296"},{"taxonomy":"post_tag","embeddable":true,"href":"https:\/\/www.journee-mondiale.com\/de\/wp-json\/wp\/v2\/tags?post=12296"}],"curies":[{"name":"wp","href":"https:\/\/api.w.org\/{rel}","templated":true}]}}