{"id":12288,"date":"2025-03-07T03:03:54","date_gmt":"2025-03-07T02:03:54","guid":{"rendered":"https:\/\/www.journee-mondiale.com\/de\/die-elegante-frisur-die-60-frauen-im-fruehling-2025-schlanker-wirken-laesst-meine-stylistin-verraet-warum\/"},"modified":"2025-03-07T03:03:54","modified_gmt":"2025-03-07T02:03:54","slug":"die-elegante-frisur-die-60-frauen-im-fruehling-2025-schlanker-wirken-laesst-meine-stylistin-verraet-warum","status":"publish","type":"post","link":"https:\/\/www.journee-mondiale.com\/de\/die-elegante-frisur-die-60-frauen-im-fruehling-2025-schlanker-wirken-laesst-meine-stylistin-verraet-warum\/","title":{"rendered":"Die elegante Frisur, die 60+ Frauen im Fr\u00fchling 2025 schlanker wirken l\u00e4sst (meine Stylistin verr\u00e4t warum&#8230;)"},"content":{"rendered":"<p>Der <strong>elegante Low Bun<\/strong> ist eine zeitlose Frisur, die besonders f\u00fcr Frauen \u00fcber 60 einen Hauch von Raffinesse und Stil verleiht. Im Fr\u00fchling 2025, wo sanfte Brisen die ersten Bl\u00fcten zum Tanzen bringen, sehnen wir uns nach Frisuren, die sowohl praktisch als auch anmutig sind. &#8222;Der Low Bun ist die perfekte L\u00f6sung f\u00fcr reifes Haar, das oft an Dichte und Elastizit\u00e4t verliert&#8220;, erkl\u00e4rt <strong>Claudia Weber<\/strong>, renommierte Stylistin aus dem Berliner Salon &#8222;Haarkunst&#8220;. Lassen Sie uns gemeinsam entdecken, wie diese elegante Frisur zu Ihrem Fr\u00fchlingsbegleiter werden kann.<\/p>\n<h2>Die Magie des eleganten Low Buns im reiferen Alter<\/h2>\n<p>Wie ein guter Wein gewinnt auch der <strong>Low Bun<\/strong> mit dem Alter an Charakter. Er schmeichelt den Gesichtsz\u00fcgen und lenkt den Blick auf Ihre nat\u00fcrliche Sch\u00f6nheit. &#8222;Bei Frauen \u00fcber 60 verleiht diese Frisur dem Gesicht einen nat\u00fcrlichen Lifting-Effekt, ohne dass daf\u00fcr ein operativer Eingriff n\u00f6tig w\u00e4re&#8220;, verr\u00e4t <strong>Thomas Schmidt<\/strong>, Meisterfriseur aus M\u00fcnchen. Besuchen Sie doch zum Ausprobieren dieser Technik den <a href=\"https:\/\/www.journee-mondiale.com\/de\/379\/tag-des-friseur\/\" target=\"_blank\">Tag des Friseurs<\/a>, wo Profis Ihnen pers\u00f6nliche Tipps geben k\u00f6nnen.<\/p>\n<h2>Fr\u00fchlingsfrische Vorbereitung f\u00fcr perfekten Halt<\/h2>\n<p>Der Fr\u00fchling bringt oft wechselhaftes Wetter mit sich \u2013 umso wichtiger ist die richtige Vorbereitung. F\u00fcr einen <strong>makellosen Low Bun<\/strong> sollten Sie folgende Schritte befolgen:<\/p>\n<ul>\n<li>Verwenden Sie ein <strong>volumenverst\u00e4rkendes Shampoo<\/strong> f\u00fcr mehr F\u00fclle und Griffigkeit<\/li>\n<li>Tragen Sie einen <strong>Hitzeschutz<\/strong> vor dem F\u00f6hnen auf, um Ihr reifes Haar zu sch\u00fctzen<\/li>\n<li>Benutzen Sie ein <strong>leichtes Texturspray<\/strong> f\u00fcr besseren Halt ohne Schwere<\/li>\n<\/ul>\n<p>Die <a href=\"https:\/\/www.journee-mondiale.com\/de\/581\/tag-der-haare\/\" target=\"_blank\">Tag der Haare<\/a> Experten best\u00e4tigen: Gerade im Fr\u00fchling braucht reifes Haar besondere Pflege, um seine nat\u00fcrliche Sch\u00f6nheit zu entfalten und einen eleganten Dutt zu erm\u00f6glichen.<\/p>\n<h2>Schritt-f\u00fcr-Schritt zur perfekten Fr\u00fchlingsfrisur<\/h2>\n<p>Vor Jahren half ich einer 67-j\u00e4hrigen Freundin bei ihrer ersten Gala nach der Pensionierung \u2013 ihr Low Bun brachte ihr so viele Komplimente ein, dass sie ihn zu ihrem Markenzeichen machte. Der <strong>Styling-Prozess<\/strong> ist \u00fcberraschend einfach:<\/p>\n<ul>\n<li>B\u00fcrsten Sie Ihr Haar sanft und sammeln Sie es tief im Nacken<\/li>\n<li>Drehen Sie den Pferdeschwanz und wickeln Sie ihn zu einem <strong>Dutt<\/strong><\/li>\n<li>Fixieren Sie mit Haarnadeln und einem leichten Spr\u00fchnebel Haarspray<\/li>\n<\/ul>\n<h2>Fr\u00fchlingshafte Eleganz durch raffinierte Akzente<\/h2>\n<p>Wie ein schlichtes Fr\u00fchlingskleid durch die richtigen Accessoires zum Hingucker wird, so verwandeln passende Details Ihren <strong>Low Bun<\/strong> in ein Statement. &#8222;Meine Kundinnen \u00fcber 60 lieben es, ihren Dutt mit elegant geschwungenen Seitenpartien zu kombinieren&#8220;, schw\u00e4rmt Frisurenexpertin <strong>Marie Hoffmann<\/strong>. Der <a href=\"https:\/\/www.journee-mondiale.com\/de\/437\/tag-der-schonheit\/\" target=\"_blank\">Tag der Sch\u00f6nheit<\/a> erinnert uns: Sch\u00f6nheit kennt kein Alter \u2013 besonders wenn sie so zeitlos elegant daherkommt.<\/p>\n<h2>Der Triumph \u00fcber feines Haar in der Fr\u00fchlingssaison<\/h2>\n<p>Viele Frauen sehen ihr d\u00fcnner werdendes Haar als Challenge \u2013 doch der <strong>Low Bun<\/strong> verwandelt diese vermeintliche Schw\u00e4che in eine St\u00e4rke. Wie ein geschickter Bildhauer formt er aus wenig Material ein beeindruckendes Kunstwerk. Mit leichtem <strong>Toupieren<\/strong> am Oberkopf schaffen Sie Volumen und eine k\u00f6nigliche Silhouette, w\u00e4hrend der Dutt selbst voller erscheint, als er tats\u00e4chlich ist.<\/p>\n<h2>Selbstbewusst durch den Fr\u00fchling mit zeitloser Eleganz<\/h2>\n<p>Der elegante Low Bun ist mehr als eine Frisur \u2013 er ist eine Haltung. Er strahlt jene <strong>Selbstsicherheit<\/strong> aus, die mit der Lebenserfahrung w\u00e4chst. Besonders zum <a href=\"https:\/\/www.journee-mondiale.com\/de\/400\/tag-der-frau\/\" target=\"_blank\">Tag der Frau<\/a> d\u00fcrfen wir feiern, wie Sch\u00f6nheit in jedem Alter auf unterschiedliche Weise strahlt. Der Low Bun ist dabei wie ein treuer Freund, der Ihre besten Seiten betont.<\/p>\n<h2>Eine Frisur, die mit Ihnen durch die Jahreszeiten geht<\/h2>\n<p>Wie ein gut geschnittener Mantel, den man jahrelang tr\u00e4gt, passt sich der <strong>Low Bun<\/strong> allen Lebenssituationen an. Vom Treffen mit den Enkelkindern bis zum <a href=\"https:\/\/www.journee-mondiale.com\/de\/372\/tag-des-alter\/\" target=\"_blank\">Tag des Alters<\/a> \u2013 diese Frisur verleiht Ihnen W\u00fcrde und Stil. Der Fr\u00fchling 2025 lehrt uns: Wahre Eleganz liegt in der Einfachheit und in dem Selbstbewusstsein, das nur die Lebenserfahrung mit sich bringt. Warum nicht heute damit beginnen, diese zeitlose Frisur zu Ihrem pers\u00f6nlichen Statement zu machen?<\/p>\n","protected":false},"excerpt":{"rendered":"<p>Der elegante Low Bun ist eine zeitlose Frisur, die besonders f\u00fcr Frauen \u00fcber 60 einen Hauch von Raffinesse und Stil verleiht. Im Fr\u00fchling 2025, wo sanfte Brisen die ersten Bl\u00fcten zum Tanzen bringen, sehnen wir uns nach Frisuren, die sowohl praktisch als auch anmutig sind. &#8222;Der Low Bun ist die perfekte L\u00f6sung f\u00fcr reifes Haar, &#8230; <a title=\"Die elegante Frisur, die 60+ Frauen im Fr\u00fchling 2025 schlanker wirken l\u00e4sst (meine Stylistin verr\u00e4t warum&#8230;)\" class=\"read-more\" href=\"https:\/\/www.journee-mondiale.com\/de\/die-elegante-frisur-die-60-frauen-im-fruehling-2025-schlanker-wirken-laesst-meine-stylistin-verraet-warum\/\" aria-label=\"Mehr Informationen \u00fcber Die elegante Frisur, die 60+ Frauen im Fr\u00fchling 2025 schlanker wirken l\u00e4sst (meine Stylistin verr\u00e4t warum&#8230;)\">Lire plus<\/a><\/p>\n","protected":false},"author":1,"featured_media":12287,"comment_status":"","ping_status":"","sticky":false,"template":"","format":"standard","meta":{"footnotes":""},"categories":[48],"tags":[],"class_list":["post-12288","post","type-post","status-publish","format-standard","has-post-thumbnail","hentry","category-lebensstil"],"acf":[],"_yoast_wpseo_primary_category":null,"_yoast_wpseo_title":null,"_yoast_wpseo_metadesc":null,"_links":{"self":[{"href":"https:\/\/www.journee-mondiale.com\/de\/wp-json\/wp\/v2\/posts\/12288","targetHints":{"allow":["GET"]}}],"collection":[{"href":"https:\/\/www.journee-mondiale.com\/de\/wp-json\/wp\/v2\/posts"}],"about":[{"href":"https:\/\/www.journee-mondiale.com\/de\/wp-json\/wp\/v2\/types\/post"}],"author":[{"embeddable":true,"href":"https:\/\/www.journee-mondiale.com\/de\/wp-json\/wp\/v2\/users\/1"}],"replies":[{"embeddable":true,"href":"https:\/\/www.journee-mondiale.com\/de\/wp-json\/wp\/v2\/comments?post=12288"}],"version-history":[{"count":0,"href":"https:\/\/www.journee-mondiale.com\/de\/wp-json\/wp\/v2\/posts\/12288\/revisions"}],"wp:featuredmedia":[{"embeddable":true,"href":"https:\/\/www.journee-mondiale.com\/de\/wp-json\/wp\/v2\/media\/12287"}],"wp:attachment":[{"href":"https:\/\/www.journee-mondiale.com\/de\/wp-json\/wp\/v2\/media?parent=12288"}],"wp:term":[{"taxonomy":"category","embeddable":true,"href":"https:\/\/www.journee-mondiale.com\/de\/wp-json\/wp\/v2\/categories?post=12288"},{"taxonomy":"post_tag","embeddable":true,"href":"https:\/\/www.journee-mondiale.com\/de\/wp-json\/wp\/v2\/tags?post=12288"}],"curies":[{"name":"wp","href":"https:\/\/api.w.org\/{rel}","templated":true}]}}