{"id":12280,"date":"2025-03-06T18:42:29","date_gmt":"2025-03-06T17:42:29","guid":{"rendered":"https:\/\/www.journee-mondiale.com\/de\/der-messy-updo-der-meine-67-jaehrige-nachbarin-10-jahre-juenger-wirken-liess-ohne-faerben\/"},"modified":"2025-03-06T18:42:29","modified_gmt":"2025-03-06T17:42:29","slug":"der-messy-updo-der-meine-67-jaehrige-nachbarin-10-jahre-juenger-wirken-liess-ohne-faerben","status":"publish","type":"post","link":"https:\/\/www.journee-mondiale.com\/de\/der-messy-updo-der-meine-67-jaehrige-nachbarin-10-jahre-juenger-wirken-liess-ohne-faerben\/","title":{"rendered":"Der Messy Updo, der meine 67-j\u00e4hrige Nachbarin 10 Jahre j\u00fcnger wirken lie\u00df (ohne F\u00e4rben)"},"content":{"rendered":"<p>Der perfekte <strong>Messy Updo<\/strong> f\u00fcr Frauen \u00fcber 60 ist viel mehr als nur eine Frisur \u2013 er ist eine Stilaussage, die Eleganz mit L\u00e4ssigkeit vereint. Gerade im Fr\u00fchling 2025, wenn die Natur zu neuem Leben erwacht, ist dieser Look die ideale Wahl f\u00fcr alle, die ihren pers\u00f6nlichen Stil mit Leichtigkeit zum Ausdruck bringen m\u00f6chten. &#8222;Ein stilvoll unordentlicher Hochsteckfrisur vermittelt eine zeitlose Botschaft der Selbstsicherheit&#8220;, erkl\u00e4rt <strong>Claudia Weber<\/strong>, Chefin des renommierten Berliner Salons &#8222;Haark\u00fcnstler&#8220;. Lassen Sie uns gemeinsam entdecken, wie dieser vielseitige Stil Ihre nat\u00fcrliche Sch\u00f6nheit in diesem Fr\u00fchling betonen kann. <a href=\"https:\/\/www.journee-mondiale.com\/de\/category\/lebensstil\/\" target=\"_blank\">Lebensstil-Tipps erkunden<\/a><\/p>\n<h2>Die Magie des kontrollierten Chaos<\/h2>\n<p>Was den <strong>Messy Updo<\/strong> so besonders macht, ist seine Philosophie der &#8222;perfekten Unvollkommenheit&#8220;. Wie ein sorgsam kuratierter Garten, in dem einzelne Pflanzen bewusst wild wachsen d\u00fcrfen, lebt diese Frisur von gezielten Unregelm\u00e4\u00dfigkeiten. &#8222;Die Kunst liegt darin, dass es m\u00fchelos aussieht, auch wenn wir tats\u00e4chlich mit Absicht gestalten&#8220;, verr\u00e4t Meisterfriseurin <strong>Sabine Hoffmann<\/strong>. Das Ergebnis ist eine Frisur, die alterslos wirkt und zugleich h\u00f6chst modern ist \u2013 perfekt f\u00fcr die Fr\u00fchlingstage mit ihrer Mischung aus Regenschauern und Sonnenstrahlen. <a href=\"https:\/\/www.journee-mondiale.com\/de\/\" target=\"_blank\">Aktuelle Beauty-Trends<\/a><\/p>\n<h2>Warum gerade Messy Updos f\u00fcr Frauen \u00fcber 60?<\/h2>\n<p>Mit zunehmendem Alter ver\u00e4ndert sich unsere <strong>Haarstruktur<\/strong>. Was viele als Herausforderung betrachten, wird beim Messy Updo zum Vorteil. Die leicht wellige Textur, die viele Frauen \u00fcber 60 nat\u00fcrlich entwickeln, verleiht diesem Stil zus\u00e4tzliche Dimension und Tiefe. Ich erinnere mich an meine Tante Helga, die mit 65 ihren ersten Messy Updo trug und pl\u00f6tzlich zehn Jahre j\u00fcnger wirkte \u2013 nicht weil die Frisur ihr Alter verbarg, sondern weil sie ihre nat\u00fcrliche Sch\u00f6nheit betonte.<\/p>\n<h2>Die Versatilit\u00e4t \u2013 vom Alltag bis zur Festlichkeit<\/h2>\n<p>Ein <strong>Messy Updo<\/strong> ist ein wahres Cham\u00e4leon unter den Frisuren. F\u00fcr den Einkaufsbummel locker und leger gestylt, f\u00fcr die Theatervorstellung mit elegantem Haarreif verfeinert \u2013 diese Frisur passt sich jedem Anlass an. Wie meine Leserin Gertrude mir k\u00fcrzlich schrieb: &#8222;Mit 67 trage ich meinen Messy Updo zum Kaffeetrinken genauso wie zur Hochzeit meiner Enkelin \u2013 nur die Accessoires wechseln!&#8220;<\/p>\n<h2>Einfache Styling-Schritte f\u00fcr zuhause<\/h2>\n<p>Der perfekte <strong>Messy Updo<\/strong> gelingt mit dieser einfachen Methode:<\/p>\n<ul>\n<li>Tragen Sie <strong>Trockenshampoo<\/strong> auf, um Griff und Volumen zu schaffen<\/li>\n<li>Sammeln Sie das Haar locker am Hinterkopf und befestigen Sie es mit Haarnadeln<\/li>\n<li>Ziehen Sie einige Str\u00e4hnen sanft heraus, um einen weichen Rahmen ums Gesicht zu schaffen<\/li>\n<\/ul>\n<h2>Die besten Accessoires f\u00fcr Ihren Fr\u00fchlingsupdo<\/h2>\n<p>Wie Schmuckst\u00fccke f\u00fcr Ihre Krone funktionieren <strong>Haaraccessoires<\/strong> beim Messy Updo. In diesem Fr\u00fchling sind besonders gefragt:<\/p>\n<ul>\n<li>Seident\u00fccher in Pastellt\u00f6nen f\u00fcr einen eleganten Touch<\/li>\n<li>Verzierte Haarklammern f\u00fcr zus\u00e4tzlichen Glanz<\/li>\n<li>Nat\u00fcrliche Materialien wie Holz oder Horn f\u00fcr einen erdverbundenen Look<\/li>\n<\/ul>\n<p>Diese Accessoires sind nicht nur funktional, sondern erz\u00e4hlen auch eine Geschichte \u00fcber Ihren pers\u00f6nlichen Stil. <a href=\"https:\/\/www.journee-mondiale.com\/de\/juridisk-informationen\/\" target=\"_blank\">Beauty-Tipps und Ratgeber<\/a><\/p>\n<h2>Praktische Vorteile im Fr\u00fchlingsalltag<\/h2>\n<p>Die <strong>Praktikabilit\u00e4t<\/strong> eines Messy Updos zeigt sich besonders im wechselhaften Fr\u00fchlingswetter. Wie ein guter Regenschirm sch\u00fctzt er vor \u00dcberraschungen: Wind kann ihm nichts anhaben, und selbst ein pl\u00f6tzlicher Regenguss verwandelt ihn h\u00f6chstens in eine noch interessantere Version seiner selbst. F\u00fcr Reisende ist er zudem ein treuer Begleiter, der selbst nach einem langen Flug noch pr\u00e4sentabel aussieht. <a href=\"https:\/\/www.journee-mondiale.com\/de\/category\/reisen\/\" target=\"_blank\">Reisefrisuren f\u00fcr unterwegs<\/a><\/p>\n<h2>Der zeitlose Charme einer bewussten Entscheidung<\/h2>\n<p>Der <strong>Messy Updo<\/strong> ist mehr als eine Frisur \u2013 er ist eine Lebensphilosophie. &#8222;Frauen \u00fcber 60 haben gelernt, dass Perfektion \u00fcbersch\u00e4tzt wird. Die bewusste Entscheidung f\u00fcr kontrolliertes Chaos im Haar spiegelt eine gewonnene Weisheit wider&#8220;, erkl\u00e4rt Stilberaterin <strong>Marion Kr\u00fcger<\/strong>. Diese Haltung macht den Messy Updo zu einer zeitlosen Option, die Generationen verbindet und zugleich individuellen Ausdruck erm\u00f6glicht. <a href=\"https:\/\/www.journee-mondiale.com\/de\/geschichte-der-welttage\/\" target=\"_blank\">Die Evolution der Frisurentrends<\/a><\/p>\n<h2>Sind Sie bereit f\u00fcr Ihren eigenen Messy Updo?<\/h2>\n<p>Der Fr\u00fchling 2025 l\u00e4dt Sie ein, das Spiel zwischen Kontrolle und Loslassen zu wagen. Der <strong>Messy Updo<\/strong> ist dabei Ihr perfekter Verb\u00fcndeter \u2013 eine Frisur, die mit dem Wind tanzt, statt gegen ihn anzuk\u00e4mpfen. Wie eine gute Freundin begleitet er Sie durch den Tag, passt sich Ihren Bed\u00fcrfnissen an und erinnert Sie daran, dass wahre Sch\u00f6nheit in der Authentizit\u00e4t liegt. Warum nicht heute den ersten Schritt wagen zu einer Frisur, die Ihre Lebenserfahrung feiert, statt sie zu verbergen?<\/p>\n","protected":false},"excerpt":{"rendered":"<p>Der perfekte Messy Updo f\u00fcr Frauen \u00fcber 60 ist viel mehr als nur eine Frisur \u2013 er ist eine Stilaussage, die Eleganz mit L\u00e4ssigkeit vereint. Gerade im Fr\u00fchling 2025, wenn die Natur zu neuem Leben erwacht, ist dieser Look die ideale Wahl f\u00fcr alle, die ihren pers\u00f6nlichen Stil mit Leichtigkeit zum Ausdruck bringen m\u00f6chten. &#8222;Ein &#8230; <a title=\"Der Messy Updo, der meine 67-j\u00e4hrige Nachbarin 10 Jahre j\u00fcnger wirken lie\u00df (ohne F\u00e4rben)\" class=\"read-more\" href=\"https:\/\/www.journee-mondiale.com\/de\/der-messy-updo-der-meine-67-jaehrige-nachbarin-10-jahre-juenger-wirken-liess-ohne-faerben\/\" aria-label=\"Mehr Informationen \u00fcber Der Messy Updo, der meine 67-j\u00e4hrige Nachbarin 10 Jahre j\u00fcnger wirken lie\u00df (ohne F\u00e4rben)\">Lire plus<\/a><\/p>\n","protected":false},"author":1,"featured_media":12279,"comment_status":"","ping_status":"","sticky":false,"template":"","format":"standard","meta":{"footnotes":""},"categories":[48],"tags":[],"class_list":["post-12280","post","type-post","status-publish","format-standard","has-post-thumbnail","hentry","category-lebensstil"],"acf":[],"_yoast_wpseo_primary_category":null,"_yoast_wpseo_title":null,"_yoast_wpseo_metadesc":null,"_links":{"self":[{"href":"https:\/\/www.journee-mondiale.com\/de\/wp-json\/wp\/v2\/posts\/12280","targetHints":{"allow":["GET"]}}],"collection":[{"href":"https:\/\/www.journee-mondiale.com\/de\/wp-json\/wp\/v2\/posts"}],"about":[{"href":"https:\/\/www.journee-mondiale.com\/de\/wp-json\/wp\/v2\/types\/post"}],"author":[{"embeddable":true,"href":"https:\/\/www.journee-mondiale.com\/de\/wp-json\/wp\/v2\/users\/1"}],"replies":[{"embeddable":true,"href":"https:\/\/www.journee-mondiale.com\/de\/wp-json\/wp\/v2\/comments?post=12280"}],"version-history":[{"count":0,"href":"https:\/\/www.journee-mondiale.com\/de\/wp-json\/wp\/v2\/posts\/12280\/revisions"}],"wp:featuredmedia":[{"embeddable":true,"href":"https:\/\/www.journee-mondiale.com\/de\/wp-json\/wp\/v2\/media\/12279"}],"wp:attachment":[{"href":"https:\/\/www.journee-mondiale.com\/de\/wp-json\/wp\/v2\/media?parent=12280"}],"wp:term":[{"taxonomy":"category","embeddable":true,"href":"https:\/\/www.journee-mondiale.com\/de\/wp-json\/wp\/v2\/categories?post=12280"},{"taxonomy":"post_tag","embeddable":true,"href":"https:\/\/www.journee-mondiale.com\/de\/wp-json\/wp\/v2\/tags?post=12280"}],"curies":[{"name":"wp","href":"https:\/\/api.w.org\/{rel}","templated":true}]}}