{"id":12278,"date":"2025-03-06T17:55:39","date_gmt":"2025-03-06T16:55:39","guid":{"rendered":"https:\/\/www.journee-mondiale.com\/de\/das-comeback-von-rose-gold-naegeln-warum-dieser-metallic-ton-im-fruehling-2025-unsere-haende-verzaubert\/"},"modified":"2025-03-06T17:55:39","modified_gmt":"2025-03-06T16:55:39","slug":"das-comeback-von-rose-gold-naegeln-warum-dieser-metallic-ton-im-fruehling-2025-unsere-haende-verzaubert","status":"publish","type":"post","link":"https:\/\/www.journee-mondiale.com\/de\/das-comeback-von-rose-gold-naegeln-warum-dieser-metallic-ton-im-fruehling-2025-unsere-haende-verzaubert\/","title":{"rendered":"Das Comeback von Rose Gold N\u00e4geln: Warum dieser Metallic-Ton im Fr\u00fchling 2025 unsere H\u00e4nde verzaubert"},"content":{"rendered":"<p>Der Fr\u00fchling 2025 bringt einen faszinierenden Trend zur\u00fcck auf unsere Fingerspitzen: <strong>Rose Gold<\/strong> feiert sein stilvolles Comeback in der Nagelwelt! Diese elegante Verschmelzung sanfter Pinkt\u00f6ne mit goldenen Nuancen passt perfekt in die erwachende Fr\u00fchlingssaison und verleiht unseren H\u00e4nden einen Hauch von Luxus und Raffinesse.<\/p>\n<h2>Warum Rose Gold gerade jetzt wieder im Trend liegt<\/h2>\n<p>Metallic-T\u00f6ne erleben in diesem Fr\u00fchjahr eine Renaissance, wobei Rose Gold die Herzen der deutschen Styleliebhaber im Sturm erobert. &#8222;Rose Gold verk\u00f6rpert perfekt den Zeitgeist&#8220;, erkl\u00e4rt <strong>Marlene Weber<\/strong>, f\u00fchrende Nageldesignerin aus M\u00fcnchen. &#8222;Es verbindet Eleganz mit W\u00e4rme und eignet sich wunderbar f\u00fcr den \u00dcbergang von Winter zu Fr\u00fchling.&#8220;<\/p>\n<h2>Die perfekte Erg\u00e4nzung zu Fr\u00fchlings-Outfits<\/h2>\n<p>Wie ein zartes Fr\u00fchlingsbl\u00fctenblatt, das im goldenen Sonnenlicht schimmert, verleiht Rose Gold jedem Look eine besondere Note. Dieser Metallic-Ton harmoniert hervorragend mit den <a href=\"https:\/\/www.journee-mondiale.com\/de\/category\/lebensstil\/\" target=\"_blank\">Lifestyle-Trends<\/a> der Saison und passt zu neutralen Farben genauso gut wie zu kr\u00e4ftigen Fr\u00fchlingst\u00f6nen.<\/p>\n<h2>So kreierst du den perfekten Rose Gold Look<\/h2>\n<p>F\u00fcr einen <strong>maximalen Glanzeffekt<\/strong> empfehlen Experten diese Schritte:<\/p>\n<ul>\n<li>Eine Base-Coat f\u00fcr l\u00e4ngere Haltbarkeit auftragen<\/li>\n<li>Zwei d\u00fcnne Schichten Rose Gold Nagellack auftragen<\/li>\n<li>Mit einem hochgl\u00e4nzenden Top-Coat versiegeln<\/li>\n<\/ul>\n<h2>Welche Marken bieten die sch\u00f6nsten Rose Gold T\u00f6ne?<\/h2>\n<p>Deutsche Beauty-Fans greifen besonders gerne zu diesen <strong>hochwertigen Produkten<\/strong>:<\/p>\n<ul>\n<li>Essie&#8217;s &#8222;Penny Talk&#8220; \u2013 ein Klassiker mit intensivem Glanz<\/li>\n<li>Kryolan&#8217;s &#8222;Pink Champagne&#8220; \u2013 f\u00fcr einen luxuri\u00f6sen Touch<\/li>\n<li>Sally Hansen&#8217;s &#8222;Rose Rush&#8220; \u2013 besonders langanhaltend<\/li>\n<\/ul>\n<h2>Kombinationen, die begeistern<\/h2>\n<p>Rose Gold entfaltet sein volles Potenzial in der Kombination mit anderen Designs. &#8222;Ich liebe es, Rose Gold als <strong>Akzentfarbe<\/strong> zu verwenden&#8220;, schw\u00e4rmt Nagelexpertin <strong>Christina Holz<\/strong> aus Berlin. &#8222;Ein dezenter French Tip in Rose Gold auf neutralen N\u00e4geln sieht unglaublich edel aus und ist gleichzeitig b\u00fcrotauglich.&#8220;<\/p>\n<h2>Die Verbindung zu anderen Beauty-Trends<\/h2>\n<p>Wie ein goldener Faden zieht sich Rose Gold durch verschiedene <a href=\"https:\/\/www.journee-mondiale.com\/de\/\" target=\"_blank\">Aktuelle Sch\u00f6nheitsneuheiten<\/a>. Von Lidschatten bis hin zu Haarfarben \u2013 dieser Ton verbindet verschiedene Beauty-Bereiche miteinander und schafft einen harmonischen Gesamtlook, der sowohl f\u00fcr Alltag als auch besondere Anl\u00e4sse geeignet ist.<\/p>\n<h2>F\u00fcr wen eignet sich der Trend besonders?<\/h2>\n<p>Rose Gold schmeichelt nahezu jedem Hautton wie ein sanfter Sonnenstrahl, der die Haut zum Leuchten bringt. Besonders <strong>vorteilhaft<\/strong> wirkt er bei mittleren bis olivfarbenen Hautt\u00f6nen, verleiht aber auch blassen und dunklen Hauttypen einen warmen, edlen Schimmer.<\/p>\n<h2>Die Geschichte hinter dem Trend<\/h2>\n<p>Was heute topaktuell erscheint, hat tats\u00e4chlich historische Wurzeln. Rose Gold erlebte bereits in den 1920er Jahren eine Bl\u00fctezeit in der Schmuckindustrie, bevor es in den 2010er Jahren in die <a href=\"https:\/\/www.journee-mondiale.com\/de\/geschichte-der-welttage\/\" target=\"_blank\">Entwicklung von Beauty-Trends<\/a> Einzug hielt. Jetzt kehrt dieser zeitlose Klassiker mit neuen Technologien und Formulierungen zur\u00fcck.<\/p>\n<h2>Was macht diesen Trend so besonders nachhaltig?<\/h2>\n<p>Anders als kurzlebige Modeerscheinungen \u00fcberdauert Rose Gold die Saisons durch seine <strong>Vielseitigkeit<\/strong>. Eine Kundin erz\u00e4hlte mir k\u00fcrzlich: &#8222;Mein Rose Gold Nagellack ist mein treuer Begleiter bei wichtigen Meetings genauso wie bei romantischen Dates \u2013 er passt einfach immer und macht jede Gelegenheit etwas besonderer.&#8220;<\/p>\n<h3>Wird Rose Gold auch deinen Fr\u00fchling versch\u00f6nern?<\/h3>\n<p>Mit seiner perfekten Balance zwischen feminin und edel, zwischen auff\u00e4llig und dezent, bietet Rose Gold eine wunderbare M\u00f6glichkeit, dem Fr\u00fchlingsoutfit einen Hauch von Luxus zu verleihen. Trau dich, diesen zeitlosen <a href=\"https:\/\/www.journee-mondiale.com\/de\/category\/reisen\/\" target=\"_blank\">Beauty-Inspirationen weltweit<\/a> zu folgen \u2013 deine Fingerspitzen werden es dir mit einem wundersch\u00f6nen Strahlen danken!<\/p>\n","protected":false},"excerpt":{"rendered":"<p>Der Fr\u00fchling 2025 bringt einen faszinierenden Trend zur\u00fcck auf unsere Fingerspitzen: Rose Gold feiert sein stilvolles Comeback in der Nagelwelt! Diese elegante Verschmelzung sanfter Pinkt\u00f6ne mit goldenen Nuancen passt perfekt in die erwachende Fr\u00fchlingssaison und verleiht unseren H\u00e4nden einen Hauch von Luxus und Raffinesse. Warum Rose Gold gerade jetzt wieder im Trend liegt Metallic-T\u00f6ne erleben &#8230; <a title=\"Das Comeback von Rose Gold N\u00e4geln: Warum dieser Metallic-Ton im Fr\u00fchling 2025 unsere H\u00e4nde verzaubert\" class=\"read-more\" href=\"https:\/\/www.journee-mondiale.com\/de\/das-comeback-von-rose-gold-naegeln-warum-dieser-metallic-ton-im-fruehling-2025-unsere-haende-verzaubert\/\" aria-label=\"Mehr Informationen \u00fcber Das Comeback von Rose Gold N\u00e4geln: Warum dieser Metallic-Ton im Fr\u00fchling 2025 unsere H\u00e4nde verzaubert\">Lire plus<\/a><\/p>\n","protected":false},"author":1,"featured_media":12277,"comment_status":"","ping_status":"","sticky":false,"template":"","format":"standard","meta":{"footnotes":""},"categories":[48],"tags":[],"class_list":["post-12278","post","type-post","status-publish","format-standard","has-post-thumbnail","hentry","category-lebensstil"],"acf":[],"_yoast_wpseo_primary_category":null,"_yoast_wpseo_title":null,"_yoast_wpseo_metadesc":null,"_links":{"self":[{"href":"https:\/\/www.journee-mondiale.com\/de\/wp-json\/wp\/v2\/posts\/12278","targetHints":{"allow":["GET"]}}],"collection":[{"href":"https:\/\/www.journee-mondiale.com\/de\/wp-json\/wp\/v2\/posts"}],"about":[{"href":"https:\/\/www.journee-mondiale.com\/de\/wp-json\/wp\/v2\/types\/post"}],"author":[{"embeddable":true,"href":"https:\/\/www.journee-mondiale.com\/de\/wp-json\/wp\/v2\/users\/1"}],"replies":[{"embeddable":true,"href":"https:\/\/www.journee-mondiale.com\/de\/wp-json\/wp\/v2\/comments?post=12278"}],"version-history":[{"count":0,"href":"https:\/\/www.journee-mondiale.com\/de\/wp-json\/wp\/v2\/posts\/12278\/revisions"}],"wp:featuredmedia":[{"embeddable":true,"href":"https:\/\/www.journee-mondiale.com\/de\/wp-json\/wp\/v2\/media\/12277"}],"wp:attachment":[{"href":"https:\/\/www.journee-mondiale.com\/de\/wp-json\/wp\/v2\/media?parent=12278"}],"wp:term":[{"taxonomy":"category","embeddable":true,"href":"https:\/\/www.journee-mondiale.com\/de\/wp-json\/wp\/v2\/categories?post=12278"},{"taxonomy":"post_tag","embeddable":true,"href":"https:\/\/www.journee-mondiale.com\/de\/wp-json\/wp\/v2\/tags?post=12278"}],"curies":[{"name":"wp","href":"https:\/\/api.w.org\/{rel}","templated":true}]}}