{"id":12276,"date":"2025-03-06T14:33:36","date_gmt":"2025-03-06T13:33:36","guid":{"rendered":"https:\/\/www.journee-mondiale.com\/de\/graue-revolution-wie-ich-meinen-silbernen-look-mit-strategischen-highlights-in-nur-3-wochen-komplett-verwandelt-habe\/"},"modified":"2025-03-06T14:33:36","modified_gmt":"2025-03-06T13:33:36","slug":"graue-revolution-wie-ich-meinen-silbernen-look-mit-strategischen-highlights-in-nur-3-wochen-komplett-verwandelt-habe","status":"publish","type":"post","link":"https:\/\/www.journee-mondiale.com\/de\/graue-revolution-wie-ich-meinen-silbernen-look-mit-strategischen-highlights-in-nur-3-wochen-komplett-verwandelt-habe\/","title":{"rendered":"Graue Revolution: Wie ich meinen silbernen Look mit strategischen Highlights (in nur 3 Wochen) komplett verwandelt habe"},"content":{"rendered":"<p>Graue Haare sind l\u00e4ngst kein Makel mehr, sondern ein Statement. Gerade im Fr\u00fchling 2025 erleben wir eine Renaissance der silbernen M\u00e4hne mit einem modernen Twist. &#8222;Die Zeit, in der Frauen \u00fcber 60 ihre grauen Haare versteckt haben, ist definitiv vorbei&#8220;, erkl\u00e4rt <strong>Thomas M\u00fcller<\/strong>, Creative Director des Berliner Salons &#8222;Silberschnitt&#8220;. Stattdessen setzen immer mehr reife Frauen auf gezielte Highlights, um ihren nat\u00fcrlichen Grauton zum Strahlen zu bringen. Entdecken wir gemeinsam, wie Highlights einen zeitgem\u00e4\u00dfen Grau-Look zaubern k\u00f6nnen!<\/p>\n<h2>Die Renaissance des Grauhaar-Trends<\/h2>\n<p>Wie ein guter Wein werden auch graue Haare mit den Jahren besser. <strong>Balayage<\/strong> und strategisch platzierte Highlights verleihen dem silbernen Haar eine lebendige Tiefe und Dimension. &#8222;Graues Haar ist wie eine Leinwand, die durch Highlights zum Leben erweckt wird&#8220;, schw\u00e4rmt Coloristin <strong>Maria Weber<\/strong> vom M\u00fcnchner Salon &#8222;Haarmonien&#8220;. Was fr\u00fcher als Altersmerkmal galt, ist heute ein bewusst gew\u00e4hlter Look, der Erfahrung und Selbstbewusstsein ausstrahlt.<\/p>\n<h2>Warum Highlights der Schl\u00fcssel zum modernen Grau-Look sind<\/h2>\n<p>Erinnern Sie sich an das erste graue Haar, das Sie entdeckt haben? Die <strong>Panik<\/strong> ist mittlerweile unbegr\u00fcndet! Mit gezielten Highlights lassen sich stattdessen wundervolle Effekte erzielen. Sie mildern den \u00dcbergang vom gef\u00e4rbten zum nat\u00fcrlichen Grau und verleihen dem Haar Lebendigkeit. Besonders im Fr\u00fchling 2025 sehen wir den Trend zu <a href=\"https:\/\/www.journee-mondiale.com\/de\/category\/lebensstil\/\" target=\"_blank\">Lebensstil-Tipps<\/a>, die das nat\u00fcrliche Grau zelebrieren statt es zu verstecken.<\/p>\n<h2>Die perfekten Highlight-Techniken f\u00fcr reifes Haar<\/h2>\n<p>Nicht alle Highlights sind gleich geschaffen. F\u00fcr Frauen \u00fcber 60 eignen sich besonders diese Methoden:<\/p>\n<ul>\n<li><strong>Babylights<\/strong>: Hauchd\u00fcnne Str\u00e4hnen, die nat\u00fcrliches Sonnenlicht imitieren<\/li>\n<li><strong>Balayage<\/strong>: Frei aufgetragene Highlights f\u00fcr einen nahtlosen \u00dcbergang<\/li>\n<li><strong>Shadow Roots<\/strong>: Dunkler Ansatz f\u00fcr weiches Herauswachsen und weniger Friseurbesuche<\/li>\n<\/ul>\n<p>&#8222;Ich empfehle meinen Kundinnen \u00fcber 60 stets die <strong>Babylights-Technik<\/strong>&#8222;, verr\u00e4t Colorist <strong>Stefan Walter<\/strong>. &#8222;Sie wirkt so nat\u00fcrlich, als h\u00e4tte die Sonne selbst das Haar gek\u00fcsst.&#8220; Diese Techniken sind wie Schmuck f\u00fcrs Haar \u2013 sie akzentuieren die Sch\u00f6nheit des Vorhandenen, statt es zu \u00fcberdecken. Entdecken Sie weitere <a href=\"https:\/\/www.journee-mondiale.com\/de\/category\/lebensstil\/beauty\/\" target=\"_blank\">Beauty-Trends<\/a> f\u00fcr die moderne Frau.<\/p>\n<h2>Die richtigen Farbnuancen w\u00e4hlen<\/h2>\n<p>Bei der Farbwahl ist weniger oft mehr. F\u00fcr einen harmonischen Look sollten die Highlights nur 2-3 T\u00f6ne heller sein als die Grundfarbe. Bew\u00e4hrt haben sich diese Farbt\u00f6ne:<\/p>\n<ul>\n<li>Silberblond f\u00fcr einen k\u00fchl-eleganten Look<\/li>\n<li>Warme Honignuancen f\u00fcr einen weicheren \u00dcbergang<\/li>\n<li>Platinakzente f\u00fcr besonders strahlende Effekte<\/li>\n<\/ul>\n<p>Meine Kundin Gisela (67) war \u00fcberrascht, wie sehr einige <strong>Silberblond-Str\u00e4hnen<\/strong> ihr Gesicht erhellt haben. Wie Mondlicht, das durch Wolken bricht, bringen die richtigen Highlights das nat\u00fcrliche Grau zum Strahlen. Entdecken Sie passende <a href=\"https:\/\/www.journee-mondiale.com\/de\/haarschnitte-fuer-frauen-ueber-60\/\" target=\"_blank\">Haarschnitte f\u00fcr Frauen \u00fcber 60<\/a>, die Ihren neuen Look vervollst\u00e4ndigen.<\/p>\n<h2>Pflegetipps f\u00fcr strahlende Highlights<\/h2>\n<p>Graues Haar mit Highlights ben\u00f6tigt besondere <strong>Pflege<\/strong>, besonders im Fr\u00fchjahr, wenn UV-Strahlung zunimmt. Verwenden Sie silberverst\u00e4rkende Shampoos, um Gelbstich zu vermeiden, und n\u00e4hren Sie Ihr Haar regelm\u00e4\u00dfig mit feuchtigkeitsspendenden Masken. Hochwertige Pflegeprodukte sind wie ein Schutzschild f\u00fcr Ihre kostbare Haarfarbe. Weitere wichtige <a href=\"https:\/\/www.journee-mondiale.com\/de\/haarpflege-tipps\/\" target=\"_blank\">Haarpflege-Tipps<\/a> helfen Ihnen, den Glanz zu bewahren.<\/p>\n<h2>Der richtige Schnitt als Highlight-Verst\u00e4rker<\/h2>\n<p>Ein pr\u00e4ziser Schnitt bringt Ihre Highlights erst richtig zur Geltung. Stufenschnitte lassen das Licht in verschiedenen Winkeln reflektieren und betonen die <strong>Dimension<\/strong> Ihrer Highlights. Kurze bis mittellange Frisuren wie der klassische Bob oder ein moderner Pixie-Cut sind besonders vorteilhaft, da sie Bewegung ins Haar bringen und die verschiedenen Farbnuancen tanzen lassen.<\/p>\n<h2>Selbstbewusstsein als wichtigster Style-Faktor<\/h2>\n<p>Die sch\u00f6nsten Highlights k\u00f6nnen ihre Wirkung nur entfalten, wenn Sie sie mit <strong>Stolz<\/strong> tragen. &#8222;Sch\u00f6nheit beginnt in dem Moment, in dem du beschlie\u00dft, du selbst zu sein&#8220;, betont Stilberaterin Inge Berger. Graues Haar mit strategischen Highlights ist wie ein ma\u00dfgeschneidertes Designerst\u00fcck \u2013 einzigartig und wertvoll. Entdecken Sie <a href=\"https:\/\/www.journee-mondiale.com\/de\/category\/lebensstil\/mode\/\" target=\"_blank\">Moderne Modestile<\/a>, die Ihren individuellen Look unterstreichen.<\/p>\n<h2>Ist die Zeit reif f\u00fcr Ihren modernen Grau-Look?<\/h2>\n<p>Der Fr\u00fchling 2025 ist der perfekte Zeitpunkt, um Ihren nat\u00fcrlichen Grauton mit stilvollen Highlights zu veredeln. Graues Haar ist keine Kapitulation vor dem Alter, sondern ein Ausdruck von Reife und Selbstbewusstsein. Wie ein fein gereifter Wein hat es seinen ganz eigenen Charakter entwickelt. Mit den richtigen Highlights setzen Sie diesen Charakter perfekt in Szene und strahlen von innen heraus. Wagen Sie den Schritt \u2013 Ihr moderner Grau-Look wartet darauf, entdeckt zu werden!<\/p>\n","protected":false},"excerpt":{"rendered":"<p>Graue Haare sind l\u00e4ngst kein Makel mehr, sondern ein Statement. Gerade im Fr\u00fchling 2025 erleben wir eine Renaissance der silbernen M\u00e4hne mit einem modernen Twist. &#8222;Die Zeit, in der Frauen \u00fcber 60 ihre grauen Haare versteckt haben, ist definitiv vorbei&#8220;, erkl\u00e4rt Thomas M\u00fcller, Creative Director des Berliner Salons &#8222;Silberschnitt&#8220;. Stattdessen setzen immer mehr reife Frauen &#8230; <a title=\"Graue Revolution: Wie ich meinen silbernen Look mit strategischen Highlights (in nur 3 Wochen) komplett verwandelt habe\" class=\"read-more\" href=\"https:\/\/www.journee-mondiale.com\/de\/graue-revolution-wie-ich-meinen-silbernen-look-mit-strategischen-highlights-in-nur-3-wochen-komplett-verwandelt-habe\/\" aria-label=\"Mehr Informationen \u00fcber Graue Revolution: Wie ich meinen silbernen Look mit strategischen Highlights (in nur 3 Wochen) komplett verwandelt habe\">Lire plus<\/a><\/p>\n","protected":false},"author":1,"featured_media":12275,"comment_status":"","ping_status":"","sticky":false,"template":"","format":"standard","meta":{"footnotes":""},"categories":[48],"tags":[],"class_list":["post-12276","post","type-post","status-publish","format-standard","has-post-thumbnail","hentry","category-lebensstil"],"acf":[],"_yoast_wpseo_primary_category":null,"_yoast_wpseo_title":null,"_yoast_wpseo_metadesc":null,"_links":{"self":[{"href":"https:\/\/www.journee-mondiale.com\/de\/wp-json\/wp\/v2\/posts\/12276","targetHints":{"allow":["GET"]}}],"collection":[{"href":"https:\/\/www.journee-mondiale.com\/de\/wp-json\/wp\/v2\/posts"}],"about":[{"href":"https:\/\/www.journee-mondiale.com\/de\/wp-json\/wp\/v2\/types\/post"}],"author":[{"embeddable":true,"href":"https:\/\/www.journee-mondiale.com\/de\/wp-json\/wp\/v2\/users\/1"}],"replies":[{"embeddable":true,"href":"https:\/\/www.journee-mondiale.com\/de\/wp-json\/wp\/v2\/comments?post=12276"}],"version-history":[{"count":0,"href":"https:\/\/www.journee-mondiale.com\/de\/wp-json\/wp\/v2\/posts\/12276\/revisions"}],"wp:featuredmedia":[{"embeddable":true,"href":"https:\/\/www.journee-mondiale.com\/de\/wp-json\/wp\/v2\/media\/12275"}],"wp:attachment":[{"href":"https:\/\/www.journee-mondiale.com\/de\/wp-json\/wp\/v2\/media?parent=12276"}],"wp:term":[{"taxonomy":"category","embeddable":true,"href":"https:\/\/www.journee-mondiale.com\/de\/wp-json\/wp\/v2\/categories?post=12276"},{"taxonomy":"post_tag","embeddable":true,"href":"https:\/\/www.journee-mondiale.com\/de\/wp-json\/wp\/v2\/tags?post=12276"}],"curies":[{"name":"wp","href":"https:\/\/api.w.org\/{rel}","templated":true}]}}