{"id":12272,"date":"2025-03-06T13:15:34","date_gmt":"2025-03-06T12:15:34","guid":{"rendered":"https:\/\/www.journee-mondiale.com\/de\/diese-5-pastelltoene-bringen-meinen-schmuck-perfekt-zur-geltung-nageltrends-fruehjahr-2025\/"},"modified":"2025-03-06T13:15:34","modified_gmt":"2025-03-06T12:15:34","slug":"diese-5-pastelltoene-bringen-meinen-schmuck-perfekt-zur-geltung-nageltrends-fruehjahr-2025","status":"publish","type":"post","link":"https:\/\/www.journee-mondiale.com\/de\/diese-5-pastelltoene-bringen-meinen-schmuck-perfekt-zur-geltung-nageltrends-fruehjahr-2025\/","title":{"rendered":"# Diese 5 Pastellt\u00f6ne bringen meinen Schmuck perfekt zur Geltung (Nageltrends Fr\u00fchjahr 2025)"},"content":{"rendered":"<p>Die Fr\u00fchlingssonne bringt nicht nur die ersten Bl\u00fcten hervor, sondern auch neue Modetrends &#8211; besonders bei Nagellackfarben, die mit unserem Schmuck harmonieren. &#8222;Nagelfarben sollten nicht isoliert, sondern als Teil des Gesamtlooks betrachtet werden&#8220;, erkl\u00e4rt <strong>Mode-Stylistin Anna Schilling<\/strong>. Im Fr\u00fchjahr 2025 gilt: Kleine Details wie eine perfekt abgestimmte Manik\u00fcre k\u00f6nnen einen gro\u00dfen Unterschied machen.<\/p>\n<h2>Die Nagel-Schmuck-Harmonie im Fr\u00fchling 2025<\/h2>\n<p>Mit dem Ende des Winters verschwinden die dunklen Lacke in den Schubladen. Die <strong>Trendpalette<\/strong> dieses Fr\u00fchjahrs umfasst sanfte Pastellt\u00f6ne und leuchtende Akzente, die frisches Leben in unsere Outfits bringen. &#8222;Die richtige Nagelfarbe kann den Schmuck optisch aufwerten und den pers\u00f6nlichen Stil unterstreichen&#8220;, best\u00e4tigt Dermatologin Dr. Martina W\u00f6rle.<\/p>\n<h2>Metallic-T\u00f6ne: Das perfekte Match f\u00fcr Statement-Schmuck<\/h2>\n<p>Der Trend zu <strong>auff\u00e4lligen Schmuckst\u00fccken<\/strong> h\u00e4lt im Fr\u00fchjahr 2025 weiter an. Chunky Ringe und volumin\u00f6se Ketten dominieren die Modeszene. F\u00fcr diesen Schmuck empfehlen sich subtile Metallic-Nagellacke, die das Licht reflektieren und mit dem Schmuck kommunizieren, ohne zu konkurrieren. Neueste <a href=\"https:\/\/www.journee-mondiale.com\/de\/category\/lebensstil\/\" target=\"_blank\">Lifestyle-Trends<\/a> zeigen: Weniger ist manchmal mehr.<\/p>\n<h2>Pastellfarben: Die Fr\u00fchlingsboten<\/h2>\n<p>Wie Bl\u00fcten, die nach dem Winter sprie\u00dfen, erobern <strong>sanfte Pastellt\u00f6ne<\/strong> unsere Nagelstudios. Diese zarten Farben harmonieren besonders gut mit filigranem Silber- und Ros\u00e9goldschmuck. Bei meinem letzten Besuch im Berliner Nagelstudio wurde mir ein zartes Flieder empfohlen \u2013 die perfekte Erg\u00e4nzung zu meinen silbernen Armreifen.<\/p>\n<h2>Modern French mit Twist \u2013 Ideal f\u00fcr Perlenbesatz<\/h2>\n<p>Die <strong>Modern French Nails<\/strong> erhalten 2025 ein Update: Farbige Tips in Kombination mit einer nat\u00fcrlichen Nagelbasis. Diese vielseitige Technik erg\u00e4nzt besonders Schmuckst\u00fccke mit Perlenbesatz. &#8222;Ein gutes Nageldesign kann den gesamten Look ver\u00e4ndern und ist daher ein wichtiger Teil der Gesamtstylingstrategie&#8220;, erkl\u00e4rt Nadine Breaty, Beauty-Expertin aus M\u00fcnchen.<\/p>\n<h2>Harmonie durch bewusste Farbwahl<\/h2>\n<p>F\u00fcr eine gelungene Kombination von N\u00e4geln und Schmuck gibt es einige <strong>Grundprinzipien<\/strong>:<\/p>\n<ul>\n<li>Goldschmuck harmoniert mit warmen Nagelt\u00f6nen (Apricot, Terrakotta)<\/li>\n<li>Silberschmuck wirkt mit k\u00fchlen T\u00f6nen (Lavendel, Babyblau) besonders edel<\/li>\n<li>Bei bunten Edelsteinen einen Ton des Steins dezent aufgreifen<\/li>\n<\/ul>\n<h2>3D-Designs: Nagelkunst trifft Statement-Pieces<\/h2>\n<p>Die <strong>dreidimensionalen Nageldesigns<\/strong> erobern die deutsche Beautyszene. Wie kleine Skulpturen auf den Fingerspitzen sind sie selbst zum Schmuckst\u00fcck geworden. Diese aufwendigen Kreationen wirken wie ein Echo zum klobigen Statement-Schmuck, der 2025 die <a href=\"https:\/\/www.journee-mondiale.com\/de\/\" target=\"_blank\">Aktuelle Modetrends 2025<\/a> dominiert.<\/p>\n<h2>Inspirationen aus verschiedenen Kulturkreisen<\/h2>\n<p>Die <strong>globalen Einfl\u00fcsse<\/strong> auf unsere Nageltrends sind un\u00fcbersehbar. Ob japanisches Minimalistik-Design oder indische Farbenpracht \u2013 die <a href=\"https:\/\/www.journee-mondiale.com\/de\/category\/reisen\/\" target=\"_blank\">Internationale Mode-Inspirationen<\/a> bereichern unsere Nagelkunst und bieten spannende Kombinationsm\u00f6glichkeiten mit verschiedensten Schmuckstilen.<\/p>\n<h2>Beliebte Marken f\u00fcr den perfekten Nagel-Schmuck-Look<\/h2>\n<p>Auf dem deutschen Markt haben sich einige <strong>Qualit\u00e4tsmarken<\/strong> etabliert:<\/p>\n<ul>\n<li>OPI und Essie f\u00fcr langanhaltende, trendige Farben<\/li>\n<li>Crystal Nails f\u00fcr professionelle 3D-Designs<\/li>\n<li>Deborah Lippmann f\u00fcr umweltbewusste Beauty-Fans<\/li>\n<\/ul>\n<h2>Wie findet ihr euren perfekten Match?<\/h2>\n<p>Wie ein Dirigent verschiedene Instrumente zu einer Symphonie vereint, so k\u00f6nnen auch wir Nagellack und Schmuck zu einem harmonischen Ensemble komponieren. Experimentiert mit <a href=\"https:\/\/www.journee-mondiale.com\/de\/wp-content\/themes\/generatepress_child\/style.css\" target=\"_blank\">Farbharmonie im Design<\/a> und findet euren pers\u00f6nlichen Stil. Denn wie Anna Schilling so treffend sagt: &#8222;Die Kombination von Nagellack und Schmuck ist ein wichtiger Teil der pers\u00f6nlichen Stylingstrategie und bietet unendlich viele kreative M\u00f6glichkeiten.&#8220;<\/p>\n","protected":false},"excerpt":{"rendered":"<p>Die Fr\u00fchlingssonne bringt nicht nur die ersten Bl\u00fcten hervor, sondern auch neue Modetrends &#8211; besonders bei Nagellackfarben, die mit unserem Schmuck harmonieren. &#8222;Nagelfarben sollten nicht isoliert, sondern als Teil des Gesamtlooks betrachtet werden&#8220;, erkl\u00e4rt Mode-Stylistin Anna Schilling. Im Fr\u00fchjahr 2025 gilt: Kleine Details wie eine perfekt abgestimmte Manik\u00fcre k\u00f6nnen einen gro\u00dfen Unterschied machen. Die Nagel-Schmuck-Harmonie &#8230; <a title=\"# Diese 5 Pastellt\u00f6ne bringen meinen Schmuck perfekt zur Geltung (Nageltrends Fr\u00fchjahr 2025)\" class=\"read-more\" href=\"https:\/\/www.journee-mondiale.com\/de\/diese-5-pastelltoene-bringen-meinen-schmuck-perfekt-zur-geltung-nageltrends-fruehjahr-2025\/\" aria-label=\"Mehr Informationen \u00fcber # Diese 5 Pastellt\u00f6ne bringen meinen Schmuck perfekt zur Geltung (Nageltrends Fr\u00fchjahr 2025)\">Lire plus<\/a><\/p>\n","protected":false},"author":1,"featured_media":12271,"comment_status":"","ping_status":"","sticky":false,"template":"","format":"standard","meta":{"footnotes":""},"categories":[48],"tags":[],"class_list":["post-12272","post","type-post","status-publish","format-standard","has-post-thumbnail","hentry","category-lebensstil"],"acf":[],"_yoast_wpseo_primary_category":null,"_yoast_wpseo_title":null,"_yoast_wpseo_metadesc":null,"_links":{"self":[{"href":"https:\/\/www.journee-mondiale.com\/de\/wp-json\/wp\/v2\/posts\/12272","targetHints":{"allow":["GET"]}}],"collection":[{"href":"https:\/\/www.journee-mondiale.com\/de\/wp-json\/wp\/v2\/posts"}],"about":[{"href":"https:\/\/www.journee-mondiale.com\/de\/wp-json\/wp\/v2\/types\/post"}],"author":[{"embeddable":true,"href":"https:\/\/www.journee-mondiale.com\/de\/wp-json\/wp\/v2\/users\/1"}],"replies":[{"embeddable":true,"href":"https:\/\/www.journee-mondiale.com\/de\/wp-json\/wp\/v2\/comments?post=12272"}],"version-history":[{"count":0,"href":"https:\/\/www.journee-mondiale.com\/de\/wp-json\/wp\/v2\/posts\/12272\/revisions"}],"wp:featuredmedia":[{"embeddable":true,"href":"https:\/\/www.journee-mondiale.com\/de\/wp-json\/wp\/v2\/media\/12271"}],"wp:attachment":[{"href":"https:\/\/www.journee-mondiale.com\/de\/wp-json\/wp\/v2\/media?parent=12272"}],"wp:term":[{"taxonomy":"category","embeddable":true,"href":"https:\/\/www.journee-mondiale.com\/de\/wp-json\/wp\/v2\/categories?post=12272"},{"taxonomy":"post_tag","embeddable":true,"href":"https:\/\/www.journee-mondiale.com\/de\/wp-json\/wp\/v2\/tags?post=12272"}],"curies":[{"name":"wp","href":"https:\/\/api.w.org\/{rel}","templated":true}]}}