{"id":12242,"date":"2025-03-05T13:33:50","date_gmt":"2025-03-05T12:33:50","guid":{"rendered":"https:\/\/www.journee-mondiale.com\/de\/7-fruehjahrs-frisuren-fuer-aktive-frauen-die-wirklich-halten-was-sie-versprechen\/"},"modified":"2025-03-05T13:33:50","modified_gmt":"2025-03-05T12:33:50","slug":"7-fruehjahrs-frisuren-fuer-aktive-frauen-die-wirklich-halten-was-sie-versprechen","status":"publish","type":"post","link":"https:\/\/www.journee-mondiale.com\/de\/7-fruehjahrs-frisuren-fuer-aktive-frauen-die-wirklich-halten-was-sie-versprechen\/","title":{"rendered":"7 Fr\u00fchjahrs-Frisuren f\u00fcr aktive Frauen (die wirklich halten was sie versprechen)"},"content":{"rendered":"<p>Mit dem Fr\u00fchlingserwachen 2025 stellen sich viele aktive Frauen die Frage: Welche Frisur h\u00e4lt mit meinem energiegeladenen Alltag Schritt? Ob beim Morgenjoggen, w\u00e4hrend des B\u00fcrotages oder beim abendlichen Yogakurs \u2013 die richtige Frisur kann den entscheidenden Unterschied machen. Entdecken wir gemeinsam stylishe und praktische Haarschnitte, die nicht nur gut aussehen, sondern auch mit deinem aktiven Lebensstil harmonieren. <a href=\"https:\/\/www.journee-mondiale.com\/de\/category\/lebensstil\/\" target=\"_blank\">Lebensstil-Tipps<\/a> k\u00f6nnen dabei helfen, das Gesamtpaket zu optimieren.<\/p>\n<h2>Die Renaissance des Pixie-Cuts<\/h2>\n<p>Der <strong>Pixie-Cut<\/strong> erlebt im Fr\u00fchjahr 2025 ein echtes Comeback \u2013 und das aus gutem Grund! &#8222;Ein kurzer, strukturierter Pixie ist wie ein pers\u00f6nlicher Styling-Assistent. Er braucht morgens nur wenige Minuten Aufmerksamkeit und bleibt den ganzen Tag formstabil&#8220;, erkl\u00e4rt Melanie Berger, Creative Director bei &#8222;Haarkunst Berlin&#8220;. Besonders die neue Variante mit l\u00e4ngerer Partie am Oberkopf bietet vielseitige Stylingm\u00f6glichkeiten f\u00fcr jede Situation.<\/p>\n<h2>Der vielseitige Long Bob<\/h2>\n<p>Der <strong>Long Bob<\/strong> \u2013 oder liebevoll &#8222;Lob&#8220; genannt \u2013 ist die perfekte Balance zwischen Praktikabilit\u00e4t und Stil. Mit einer L\u00e4nge bis zu den Schultern l\u00e4sst er sich sowohl offen tragen als auch schnell zu einem niedrigen Dutt oder Pferdeschwanz binden. Thomas Schmidt, Meisterfriseur in M\u00fcnchen, verr\u00e4t: &#8222;Der leicht gestufte Lob ist wie ein Cham\u00e4leon \u2013 er passt sich jeder Situation an, vom Business-Meeting bis zum Spinning-Kurs.&#8220;<\/p>\n<h2>Franz\u00f6sischer Twist f\u00fcrs Home Office<\/h2>\n<p>Der <strong>Franz\u00f6sische Twist<\/strong> ist wie ein kleines Styling-Wunder f\u00fcr Homeoffice-Tage mit spontanen Videocalls. Diese elegante Hochsteckfrisur h\u00e4lt das Haar sicher aus dem Gesicht und verleiht gleichzeitig einen Hauch von Professionalit\u00e4t. Ein schneller Twist, einige strategisch platzierte Haarnadeln, und du bist bereit f\u00fcr den Tag!<\/p>\n<h2>Trendige Zopfvariationen f\u00fcr intensive Workouts<\/h2>\n<p>F\u00fcr intensive Trainingseinheiten sind <strong>Zopfvariationen<\/strong> unschlagbar. Sie halten das Haar sicher und vermeiden st\u00f6rende Str\u00e4hnen im Gesicht. <a href=\"https:\/\/www.journee-mondiale.com\/de\/juridisk-informationen\/\" target=\"_blank\">Haartrends<\/a> zeigen, dass besonders diese Stile 2025 angesagt sind:<\/p>\n<ul>\n<li>Der verkehrte niederl\u00e4ndische Zopf f\u00fcr maximalen Halt<\/li>\n<li>Bubble-Braids f\u00fcr einen spielerischen Touch<\/li>\n<li>Seitlich geflochtene Z\u00f6pfe f\u00fcr l\u00e4ngere Haare<\/li>\n<\/ul>\n<h2>Der Butterfly Cut \u2013 Freiheit und Bewegung<\/h2>\n<p>Der <strong>Butterfly Cut<\/strong> ist die Offenbarung f\u00fcr Frauen, die viel Bewegung in ihrem Leben haben. Diese moderne Interpretation des Stufenschnitts verleiht dem Haar Volumen und Leichtigkeit. Wie Schmetterlingsfl\u00fcgel umschmeichelt er das Gesicht und bewegt sich m\u00fchelos mit jeder Drehung und Wendung deines aktiven Tages mit.<\/p>\n<h2>Praktische Accessoires f\u00fcr jeden Hairstyle<\/h2>\n<p>Selbst die beste Frisur braucht manchmal Unterst\u00fctzung. Diese <strong>Haaraccessoires<\/strong> sollten in keiner Sporttasche fehlen:<\/p>\n<ul>\n<li>Seidenhaargummis, die nicht am Haar ziehen<\/li>\n<li>Breite Stirnb\u00e4nder f\u00fcr schwei\u00dftreibende Aktivit\u00e4ten<\/li>\n<li>Flexible Haarklammern f\u00fcr schnelle L\u00f6sungen<\/li>\n<\/ul>\n<h2>Pflegetipps f\u00fcr aktive Frauen<\/h2>\n<p>Aktive Lebensstile k\u00f6nnen das Haar belasten. <a href=\"https:\/\/www.journee-mondiale.com\/de\/\" target=\"_blank\">Wellness-Ratgeber<\/a> empfehlen daher eine angepasste Pflegeroutine. &#8222;Trockenshampoo ist wie ein treuer Begleiter f\u00fcr aktive Frauen&#8220;, sagt Haarstylistin Jana Weber. &#8222;Es erfrischt das Haar zwischen den W\u00e4schen und gibt neues Volumen nach dem Training.&#8220; Erg\u00e4nze deine Routine mit w\u00f6chentlichen <strong>Tiefenpflegemasken<\/strong>, um Elastizit\u00e4t und Glanz zu erhalten.<\/p>\n<h2>Zeitlose Eleganz f\u00fcr reifere Frauen<\/h2>\n<p>Auch mit \u00fcber 50 muss frau nicht auf Stil oder Aktivit\u00e4t verzichten. <a href=\"https:\/\/www.journee-mondiale.com\/de\/geschichte-der-welttage\/\" target=\"_blank\">Beauty-Geschichte<\/a> zeigt, dass ein schulterlanger, weich gestufter Bob sowohl Eleganz als auch Bewegungsfreiheit bietet. Die leichten Stufen wirken wie nat\u00fcrliche Verj\u00fcngungshelfer und verleihen dem Haar spielerische Dynamik.<\/p>\n<h2>Dein aktives Leben, dein individueller Stil<\/h2>\n<p>Die perfekte Frisur f\u00fcr ein aktives Leben ist so individuell wie du selbst. Sie passt sich deinem Alltag an wie ein ma\u00dfgeschneidertes Sportoutfit und unterst\u00fctzt dich bei allem, was du tust. <a href=\"https:\/\/www.journee-mondiale.com\/de\/category\/reisen\/\" target=\"_blank\">Reise-Frisuren<\/a> k\u00f6nnen weitere Inspiration bieten. Dein Haar sollte nicht nur gut aussehen, sondern sich wie ein verl\u00e4sslicher Partner anf\u00fchlen \u2013 immer bereit f\u00fcr das n\u00e4chste Abenteuer, das das Leben f\u00fcr dich bereith\u00e4lt.<\/p>\n","protected":false},"excerpt":{"rendered":"<p>Mit dem Fr\u00fchlingserwachen 2025 stellen sich viele aktive Frauen die Frage: Welche Frisur h\u00e4lt mit meinem energiegeladenen Alltag Schritt? Ob beim Morgenjoggen, w\u00e4hrend des B\u00fcrotages oder beim abendlichen Yogakurs \u2013 die richtige Frisur kann den entscheidenden Unterschied machen. Entdecken wir gemeinsam stylishe und praktische Haarschnitte, die nicht nur gut aussehen, sondern auch mit deinem aktiven &#8230; <a title=\"7 Fr\u00fchjahrs-Frisuren f\u00fcr aktive Frauen (die wirklich halten was sie versprechen)\" class=\"read-more\" href=\"https:\/\/www.journee-mondiale.com\/de\/7-fruehjahrs-frisuren-fuer-aktive-frauen-die-wirklich-halten-was-sie-versprechen\/\" aria-label=\"Mehr Informationen \u00fcber 7 Fr\u00fchjahrs-Frisuren f\u00fcr aktive Frauen (die wirklich halten was sie versprechen)\">Lire plus<\/a><\/p>\n","protected":false},"author":1,"featured_media":12241,"comment_status":"","ping_status":"","sticky":false,"template":"","format":"standard","meta":{"footnotes":""},"categories":[48],"tags":[],"class_list":["post-12242","post","type-post","status-publish","format-standard","has-post-thumbnail","hentry","category-lebensstil"],"acf":[],"_yoast_wpseo_primary_category":null,"_yoast_wpseo_title":null,"_yoast_wpseo_metadesc":null,"_links":{"self":[{"href":"https:\/\/www.journee-mondiale.com\/de\/wp-json\/wp\/v2\/posts\/12242","targetHints":{"allow":["GET"]}}],"collection":[{"href":"https:\/\/www.journee-mondiale.com\/de\/wp-json\/wp\/v2\/posts"}],"about":[{"href":"https:\/\/www.journee-mondiale.com\/de\/wp-json\/wp\/v2\/types\/post"}],"author":[{"embeddable":true,"href":"https:\/\/www.journee-mondiale.com\/de\/wp-json\/wp\/v2\/users\/1"}],"replies":[{"embeddable":true,"href":"https:\/\/www.journee-mondiale.com\/de\/wp-json\/wp\/v2\/comments?post=12242"}],"version-history":[{"count":0,"href":"https:\/\/www.journee-mondiale.com\/de\/wp-json\/wp\/v2\/posts\/12242\/revisions"}],"wp:featuredmedia":[{"embeddable":true,"href":"https:\/\/www.journee-mondiale.com\/de\/wp-json\/wp\/v2\/media\/12241"}],"wp:attachment":[{"href":"https:\/\/www.journee-mondiale.com\/de\/wp-json\/wp\/v2\/media?parent=12242"}],"wp:term":[{"taxonomy":"category","embeddable":true,"href":"https:\/\/www.journee-mondiale.com\/de\/wp-json\/wp\/v2\/categories?post=12242"},{"taxonomy":"post_tag","embeddable":true,"href":"https:\/\/www.journee-mondiale.com\/de\/wp-json\/wp\/v2\/tags?post=12242"}],"curies":[{"name":"wp","href":"https:\/\/api.w.org\/{rel}","templated":true}]}}