{"id":12233,"date":"2025-03-05T03:37:09","date_gmt":"2025-03-05T08:37:09","guid":{"rendered":"https:\/\/www.journee-mondiale.com\/de\/der-pixie-shag-fruehlingstrend-warum-diese-schulterlange-frisur-bei-4-von-5-frauen-fuer-67-weniger-styling-zeit-sorgt\/"},"modified":"2025-03-05T03:37:09","modified_gmt":"2025-03-05T08:37:09","slug":"der-pixie-shag-fruehlingstrend-warum-diese-schulterlange-frisur-bei-4-von-5-frauen-fuer-67-weniger-styling-zeit-sorgt","status":"publish","type":"post","link":"https:\/\/www.journee-mondiale.com\/de\/der-pixie-shag-fruehlingstrend-warum-diese-schulterlange-frisur-bei-4-von-5-frauen-fuer-67-weniger-styling-zeit-sorgt\/","title":{"rendered":"Der Pixie Shag Fr\u00fchlingstrend: Warum diese schulterlange Frisur bei 4 von 5 Frauen f\u00fcr 67% weniger Styling-Zeit sorgt"},"content":{"rendered":"<p>Mit dem Fr\u00fchlingserwachen steht eine Frisur im Rampenlicht, die zwei ikonische Schnitte zu etwas ganz Neuem verschmelzen l\u00e4sst: der <strong>Pixie Shag<\/strong>. Diese Hybridfrisur verbindet die Eleganz des klassischen Pixie-Cuts mit der l\u00e4ssigen Textur des Shag und schafft einen Look, der selbst im Fr\u00fchling 2025 f\u00fcr Furore sorgt. Entdecken wir gemeinsam, warum dieser strukturierte Schnitt mit seinem pflegeleichten Nacken gerade jetzt zum ultimativen Trend avanciert.<\/p>\n<h2>Die perfekte Fr\u00fchlingsfusion: Was den Pixie Shag auszeichnet<\/h2>\n<p>Der <strong>Pixie Shag<\/strong> besticht durch seine strukturreiche Oberfl\u00e4che, die in einen verj\u00fcngten, pflegeleichten Nacken \u00fcbergeht. &#8222;Diese Frisur ist die Antwort auf den Wunsch nach Einfachheit ohne Einbu\u00dfen bei Stil und Charakter&#8220;, erkl\u00e4rt Thomas Schmidt, Meisterfriseur aus dem Berliner Salon &#8222;Haarkunst&#8220;. &#8222;Gerade zum Fr\u00fchling passt die Kombination perfekt \u2013 leicht und luftig, aber mit genug Struktur, um dem aufkommenden Aprilwetter standzuhalten.&#8220;<\/p>\n<h2>F\u00fcr wen eignet sich der Trend-Schnitt?<\/h2>\n<p>Die Vielseitigkeit des <strong>Pixie Shag<\/strong> macht ihn zum wahren Cham\u00e4leon unter den Frisuren. Besonders schmeichelhaft wirkt er bei unterschiedlichen Gesichtsformen \u2013 \u00e4hnlich wie ein ma\u00dfgeschneidertes Kleidungsst\u00fcck, das genau dort betont, wo es soll. <a href=\"https:\/\/www.journee-mondiale.com\/de\/warum-dieser-frisuren-trick-deine-gesichtsform-perfekt-betont-und-67-jaehrige-helga-damit-10-jahre-juenger-aussieht\/\" target=\"_blank\">Frisuren f\u00fcr verschiedene Gesichtsformen<\/a> spielen eine entscheidende Rolle f\u00fcr die richtige Wirkung.<\/p>\n<h2>Die Magie der Texturen im Fr\u00fchling<\/h2>\n<p>Was den <strong>Pixie Shag<\/strong> von anderen Kurzhaarfrisuren unterscheidet, ist seine au\u00dfergew\u00f6hnliche Textur. Wie die ersten Knospen im Fr\u00fchling entfalten sich die Schichten zu einem verspielten Gesamtbild. Katharina Weber, Trendstylistin aus M\u00fcnchen, verr\u00e4t: &#8222;Wir setzen beim Pixie Shag auf sorgf\u00e4ltig platzierte Schichten, die dem Haar nat\u00fcrliche Bewegung verleihen \u2013 perfekt f\u00fcr die aktive Fr\u00fchlingszeit, wenn niemand stundenlang stylen m\u00f6chte.&#8220;<\/p>\n<h2>Styling leicht gemacht: Deine t\u00e4gliche 5-Minuten-Routine<\/h2>\n<p>Der gr\u00f6\u00dfte Vorteil des <strong>Pixie Shag<\/strong> liegt in seiner Pflegeleichtigkeit. <a href=\"https:\/\/www.journee-mondiale.com\/de\/warum-ich-nach-6-wochen-ohne-haarschnitt-meine-fruehlingsmaehne-ruiniert-habe-und-wie-ein-20-minuten-termin-alles-rettete\/\" target=\"_blank\">Regelm\u00e4\u00dfige Haarpflege-Tipps<\/a> helfen, die Form optimal zu erhalten. F\u00fcr das t\u00e4gliche Styling ben\u00f6tigst du lediglich:<\/p>\n<ul>\n<li>Eine erbsengro\u00dfe Menge <strong>Texturpaste<\/strong> f\u00fcr Definition<\/li>\n<li>Ein leichtes <strong>Salzspray<\/strong> f\u00fcr nat\u00fcrliche Wellen<\/li>\n<li>Gelegentlich etwas <strong>Trockenshampoo<\/strong> f\u00fcr zus\u00e4tzliches Volumen<\/li>\n<\/ul>\n<h2>Vom Pixie Shag zum Styling-Statement<\/h2>\n<p>Der <strong>Pixie Shag<\/strong> ist wie eine Leinwand f\u00fcr deine Pers\u00f6nlichkeit \u2013 er l\u00e4sst sich vielf\u00e4ltig interpretieren. Vom glatten, strengeren Look f\u00fcr Meetings bis hin zur wilden, zerzausten Version f\u00fcr den Abend. <a href=\"https:\/\/www.journee-mondiale.com\/de\/warum-ich-meine-kurzhaarfrisur-mit-diesen-3-accessoires-komplett-verwandelt-habe-die-mini-revolution-fuer-fruehjahr-2025\/\" target=\"_blank\">Styling mit Haaraccessoires<\/a> kann den Look komplett verwandeln und an jedes Fr\u00fchlingsoutfit anpassen.<\/p>\n<h2>Variationen, die Deinen Fr\u00fchlingsstil pr\u00e4gen<\/h2>\n<p>Nicht jeder <strong>Pixie Shag<\/strong> gleicht dem anderen. Von der <strong>Shaggy Bixie<\/strong>-Variante mit etwas mehr L\u00e4nge an den Seiten bis hin zum <a href=\"https:\/\/www.journee-mondiale.com\/de\/ich-habe-diesen-schnitt-probiert-10-tage-spaeter-fragte-mich-jeder-nach-meinem-edgy-blunt-bob-und-warum-er-verjuengt\/\" target=\"_blank\">Edgy Blunt Bob<\/a> als Alternativoption \u2013 die \u00dcberg\u00e4nge sind flie\u00dfend. Entscheidend sind die texturreichen Schichten, die dem Haar Bewegung und Charakter verleihen.<\/p>\n<h2>F\u00fcr jedes Alter ein Jungbrunnen<\/h2>\n<p>Der <strong>Pixie Shag<\/strong> kennt keine Altersgrenzen. <a href=\"https:\/\/www.journee-mondiale.com\/de\/diese-frisur-macht-72-jaehrige-helga-10-jahre-juenger-meine-stylistin-verraet-das-geheimnis-des-french-bob\/\" target=\"_blank\">Verj\u00fcngende Kurzhaarfrisuren<\/a> wie diese k\u00f6nnen wahre Wunder wirken. &#8222;Ich habe beobachtet, wie der Pixie Shag bei meinen Kundinnen zwischen 25 und 75 Jahren einen erstaunlichen Verj\u00fcngungseffekt erzielt&#8220;, berichtet Friseurmeisterin Julia Hoffmann. &#8222;Es ist wie ein Reset-Knopf f\u00fcr das Erscheinungsbild.&#8220;<\/p>\n<h2>Gesunde Haarstruktur durch den richtigen Schnitt<\/h2>\n<p>Die <strong>Schichtung<\/strong> beim Pixie Shag bietet einen weiteren Vorteil: Sie entlastet schweres Haar und gibt feinem Haar Volumen. F\u00fcr die Fr\u00fchjahrssaison 2025 bedeutet das:<\/p>\n<ul>\n<li>Weniger <strong>Spliss<\/strong> durch regelm\u00e4\u00dfiges Nachschneiden<\/li>\n<li>Optimale <strong>Luftzirkulation<\/strong> an der Kopfhaut<\/li>\n<li>Schnellere <strong>Trocknungszeit<\/strong> nach dem Fr\u00fchlingsregen<\/li>\n<\/ul>\n<h2>Dein pers\u00f6nlicher Fr\u00fchlings-Pixie: Wagst du den Schritt?<\/h2>\n<p>Der Pixie Shag ist mehr als nur ein Haarschnitt \u2013 er ist eine Einstellung. Wie ein Schmetterling, der sich aus seinem Kokon befreit, kann dieser transformative Schnitt ein Gef\u00fchl von Freiheit und Neuanfang schenken. Gerade zum Fr\u00fchling 2025 symbolisiert er perfekt den Wunsch nach Ver\u00e4nderung und Leichtigkeit. Warum nicht den Moment nutzen und mit einer Frisur in den Fr\u00fchling starten, die sowohl Tradition als auch Innovation in sich vereint?<\/p>\n","protected":false},"excerpt":{"rendered":"<p>Mit dem Fr\u00fchlingserwachen steht eine Frisur im Rampenlicht, die zwei ikonische Schnitte zu etwas ganz Neuem verschmelzen l\u00e4sst: der Pixie Shag. Diese Hybridfrisur verbindet die Eleganz des klassischen Pixie-Cuts mit der l\u00e4ssigen Textur des Shag und schafft einen Look, der selbst im Fr\u00fchling 2025 f\u00fcr Furore sorgt. Entdecken wir gemeinsam, warum dieser strukturierte Schnitt mit &#8230; <a title=\"Der Pixie Shag Fr\u00fchlingstrend: Warum diese schulterlange Frisur bei 4 von 5 Frauen f\u00fcr 67% weniger Styling-Zeit sorgt\" class=\"read-more\" href=\"https:\/\/www.journee-mondiale.com\/de\/der-pixie-shag-fruehlingstrend-warum-diese-schulterlange-frisur-bei-4-von-5-frauen-fuer-67-weniger-styling-zeit-sorgt\/\" aria-label=\"Mehr Informationen \u00fcber Der Pixie Shag Fr\u00fchlingstrend: Warum diese schulterlange Frisur bei 4 von 5 Frauen f\u00fcr 67% weniger Styling-Zeit sorgt\">Lire plus<\/a><\/p>\n","protected":false},"author":1,"featured_media":12232,"comment_status":"","ping_status":"","sticky":false,"template":"","format":"standard","meta":{"footnotes":""},"categories":[48],"tags":[],"class_list":["post-12233","post","type-post","status-publish","format-standard","has-post-thumbnail","hentry","category-lebensstil"],"acf":[],"_yoast_wpseo_primary_category":null,"_yoast_wpseo_title":null,"_yoast_wpseo_metadesc":null,"_links":{"self":[{"href":"https:\/\/www.journee-mondiale.com\/de\/wp-json\/wp\/v2\/posts\/12233","targetHints":{"allow":["GET"]}}],"collection":[{"href":"https:\/\/www.journee-mondiale.com\/de\/wp-json\/wp\/v2\/posts"}],"about":[{"href":"https:\/\/www.journee-mondiale.com\/de\/wp-json\/wp\/v2\/types\/post"}],"author":[{"embeddable":true,"href":"https:\/\/www.journee-mondiale.com\/de\/wp-json\/wp\/v2\/users\/1"}],"replies":[{"embeddable":true,"href":"https:\/\/www.journee-mondiale.com\/de\/wp-json\/wp\/v2\/comments?post=12233"}],"version-history":[{"count":0,"href":"https:\/\/www.journee-mondiale.com\/de\/wp-json\/wp\/v2\/posts\/12233\/revisions"}],"wp:featuredmedia":[{"embeddable":true,"href":"https:\/\/www.journee-mondiale.com\/de\/wp-json\/wp\/v2\/media\/12232"}],"wp:attachment":[{"href":"https:\/\/www.journee-mondiale.com\/de\/wp-json\/wp\/v2\/media?parent=12233"}],"wp:term":[{"taxonomy":"category","embeddable":true,"href":"https:\/\/www.journee-mondiale.com\/de\/wp-json\/wp\/v2\/categories?post=12233"},{"taxonomy":"post_tag","embeddable":true,"href":"https:\/\/www.journee-mondiale.com\/de\/wp-json\/wp\/v2\/tags?post=12233"}],"curies":[{"name":"wp","href":"https:\/\/api.w.org\/{rel}","templated":true}]}}