{"id":12231,"date":"2025-03-05T03:34:34","date_gmt":"2025-03-05T08:34:34","guid":{"rendered":"https:\/\/www.journee-mondiale.com\/de\/warum-dieser-einfache-styling-trick-aeltere-frauen-am-strand-selbstbewusster-macht-ich-habe-es-selbst-erlebt\/"},"modified":"2025-03-05T03:34:34","modified_gmt":"2025-03-05T08:34:34","slug":"warum-dieser-einfache-styling-trick-aeltere-frauen-am-strand-selbstbewusster-macht-ich-habe-es-selbst-erlebt","status":"publish","type":"post","link":"https:\/\/www.journee-mondiale.com\/de\/warum-dieser-einfache-styling-trick-aeltere-frauen-am-strand-selbstbewusster-macht-ich-habe-es-selbst-erlebt\/","title":{"rendered":"Warum dieser einfache Styling-Trick \u00e4ltere Frauen am Strand selbstbewusster macht (ich habe es selbst erlebt&#8230;)"},"content":{"rendered":"<p>Die Sonnenstrahlen werden immer w\u00e4rmer, der Fr\u00fchling erwacht und mit ihm die Lust auf Strandbesuche. Doch wie kleidet man sich stilvoll f\u00fcr einen Tag am Meer, wenn man die 50 bereits \u00fcberschritten hat? <strong>Selbstbewusstsein<\/strong> ist hier der Schl\u00fcssel \u2013 gepaart mit dem richtigen Outfit macht jede Frau am Strand eine gute Figur. Und das Beste: Diese Tipps funktionieren sowohl f\u00fcr den spontanen Ostsee-Ausflug als auch f\u00fcr den geplanten Sommerurlaub!<\/p>\n<h2>Komfort steht an erster Stelle<\/h2>\n<p>Was Modefachfrau Claudia Weber betont: &#8222;Die richtige Strandmode sollte nicht nur stilvoll, sondern auch <strong>bequem<\/strong> sein.&#8220; Besonders leichte, luftdurchl\u00e4ssige Materialien wie Baumwolle, Viskose oder Jersey sorgen f\u00fcr ein angenehmes Tragegef\u00fchl bei steigenden Temperaturen. Strandkleider aus diesen Stoffen sind wahre Allrounder und lassen sich wunderbar mit <a href=\"https:\/\/www.journee-mondiale.com\/de\/warum-dieser-frisuren-trick-deine-gesichtsform-perfekt-betont-und-67-jaehrige-helga-damit-10-jahre-juenger-aussieht\/\" target=\"_blank\">modischen Accessoires<\/a> kombinieren.<\/p>\n<h2>Die beste Bademode f\u00fcr die reife Figur<\/h2>\n<p>Badeanz\u00fcge mit Shape-Effekt liegen im Trend \u2013 und das aus gutem Grund. Sie zaubern eine schmeichelnde Silhouette und erh\u00f6hen den Tragekomfort erheblich. Denken Sie an Ihre erste Begegnung mit perfekt sitzender Kleidung: Pl\u00f6tzlich f\u00fchlen Sie sich wie neugeboren. Genau dieses Gef\u00fchl vermitteln hochwertige <strong>Badeanz\u00fcge<\/strong> mit ihrer formenden Wirkung.<\/p>\n<h2>Was stylische Experten empfehlen<\/h2>\n<p>&#8222;Nat\u00fcrliche Farben und minimalistische Designs sind immer eine gute Wahl&#8220;, erkl\u00e4rt Modedesignerin Esther M\u00fcller. Diese zeitlosen St\u00fccke wirken wie ein Rahmen f\u00fcr ein wertvolles Gem\u00e4lde \u2013 sie betonen Ihre nat\u00fcrliche Sch\u00f6nheit, ohne zu dominieren. Bei der Farbwahl sind tiefe Blaut\u00f6ne und sanfte Erdfarben besonders <strong>vorteilhaft<\/strong> und passen perfekt zur Fr\u00fchlings- und Sommersaison 2025.<\/p>\n<h2>Must-haves f\u00fcr den Strandtag im M\u00e4rz und April<\/h2>\n<ul>\n<li>Ein leichtes Strandkleid mit UV-Schutz<\/li>\n<li>Ein Wickelrock oder -kleid f\u00fcr schnelles Umziehen<\/li>\n<li>Ein breiter Hut als Sonnenschutz und Stilstatement<\/li>\n<\/ul>\n<h2>Accessoires machen den Unterschied<\/h2>\n<p>Wie eine Krone das k\u00f6nigliche Gewand vervollst\u00e4ndigt, so vollenden die richtigen Accessoires Ihren Strandlook. Eine elegante Sonnenbrille, ein farbenfroher Schal oder ein <strong>stilvoller Strohhut<\/strong> k\u00f6nnen Ihr Outfit auf ein neues Level heben. Durch geschickte <a href=\"https:\/\/www.journee-mondiale.com\/de\/category\/lifestyle\/\" target=\"_blank\">bequeme Stilkombinationen<\/a> entsteht ein harmonisches Gesamtbild, das Ihre Pers\u00f6nlichkeit unterstreicht.<\/p>\n<h2>Nachhaltige Mode am Strand<\/h2>\n<p>Der Trend zu umweltbewusster Mode setzt sich auch bei der Strandkleidung durch. Immer mehr Marken setzen auf <strong>nachhaltige Materialien<\/strong> und faire Produktionsbedingungen. Diese Mode ist nicht nur gut f\u00fcr die Umwelt, sondern besticht auch durch ihre Langlebigkeit \u2013 wie ein treuer Freund, der Sie jahrelang begleitet. Auf <a href=\"https:\/\/www.journee-mondiale.com\/de\/category\/traning\/\" target=\"_blank\">nachhaltige Modetrends<\/a> zu setzen, ist daher eine kluge Entscheidung.<\/p>\n<h2>Die Kunst des Layering im Fr\u00fchjahr<\/h2>\n<ul>\n<li>Leichte Cardigans f\u00fcr k\u00fchle Abendstunden<\/li>\n<li>Atmungsaktive Tunikas als \u00dcberkleid<\/li>\n<li>D\u00fcnne Schals als vielseitiges Styling-Element<\/li>\n<\/ul>\n<h2>Den eigenen Stil finden und pflegen<\/h2>\n<p>&#8222;Selbstbewusstsein ist der Schl\u00fcssel zu einem sch\u00f6nen Strandlook&#8220;, betont <strong>Stilberaterin<\/strong> Maria Hofmann. Ihre Erfahrung zeigt: Jede Frau strahlt, wenn sie sich in ihrer Kleidung wohlf\u00fchlt. Statt aktuellen Trends blindlings zu folgen, lohnt es sich, den eigenen Stil zu entdecken und zu verfeinern. Lassen Sie sich dabei von <a href=\"https:\/\/www.journee-mondiale.com\/de\/category\/halsa\/\" target=\"_blank\">Styling-Tipps f\u00fcr Frauen \u00fcber 50<\/a> inspirieren, ohne Ihre Individualit\u00e4t aufzugeben.<\/p>\n<h2>Was macht einen perfekten Strandtag aus?<\/h2>\n<p>Entdecken Sie, wie die richtige Kleidung Ihren Tag am Wasser bereichern kann! Mit einem durchdachten Outfit vergessen Sie alle Unsicherheiten und k\u00f6nnen die Sonne, das Meeresrauschen und die frische Luft in vollen Z\u00fcgen genie\u00dfen. Denn letztendlich geht es nicht darum, einem bestimmten Sch\u00f6nheitsideal zu entsprechen, sondern um <strong>Lebensfreude<\/strong> und Wohlbefinden. Ganz im Sinne der <a href=\"https:\/\/www.journee-mondiale.com\/de\/geschichte-der-welttage\/\" target=\"_blank\">Geschichte der Welttage<\/a> feiern wir die Vielfalt und Sch\u00f6nheit in jedem Alter!<\/p>\n","protected":false},"excerpt":{"rendered":"<p>Die Sonnenstrahlen werden immer w\u00e4rmer, der Fr\u00fchling erwacht und mit ihm die Lust auf Strandbesuche. Doch wie kleidet man sich stilvoll f\u00fcr einen Tag am Meer, wenn man die 50 bereits \u00fcberschritten hat? Selbstbewusstsein ist hier der Schl\u00fcssel \u2013 gepaart mit dem richtigen Outfit macht jede Frau am Strand eine gute Figur. Und das Beste: &#8230; <a title=\"Warum dieser einfache Styling-Trick \u00e4ltere Frauen am Strand selbstbewusster macht (ich habe es selbst erlebt&#8230;)\" class=\"read-more\" href=\"https:\/\/www.journee-mondiale.com\/de\/warum-dieser-einfache-styling-trick-aeltere-frauen-am-strand-selbstbewusster-macht-ich-habe-es-selbst-erlebt\/\" aria-label=\"Mehr Informationen \u00fcber Warum dieser einfache Styling-Trick \u00e4ltere Frauen am Strand selbstbewusster macht (ich habe es selbst erlebt&#8230;)\">Lire plus<\/a><\/p>\n","protected":false},"author":1,"featured_media":12230,"comment_status":"","ping_status":"","sticky":false,"template":"","format":"standard","meta":{"footnotes":""},"categories":[48],"tags":[],"class_list":["post-12231","post","type-post","status-publish","format-standard","has-post-thumbnail","hentry","category-lebensstil"],"acf":[],"_yoast_wpseo_primary_category":null,"_yoast_wpseo_title":null,"_yoast_wpseo_metadesc":null,"_links":{"self":[{"href":"https:\/\/www.journee-mondiale.com\/de\/wp-json\/wp\/v2\/posts\/12231","targetHints":{"allow":["GET"]}}],"collection":[{"href":"https:\/\/www.journee-mondiale.com\/de\/wp-json\/wp\/v2\/posts"}],"about":[{"href":"https:\/\/www.journee-mondiale.com\/de\/wp-json\/wp\/v2\/types\/post"}],"author":[{"embeddable":true,"href":"https:\/\/www.journee-mondiale.com\/de\/wp-json\/wp\/v2\/users\/1"}],"replies":[{"embeddable":true,"href":"https:\/\/www.journee-mondiale.com\/de\/wp-json\/wp\/v2\/comments?post=12231"}],"version-history":[{"count":0,"href":"https:\/\/www.journee-mondiale.com\/de\/wp-json\/wp\/v2\/posts\/12231\/revisions"}],"wp:featuredmedia":[{"embeddable":true,"href":"https:\/\/www.journee-mondiale.com\/de\/wp-json\/wp\/v2\/media\/12230"}],"wp:attachment":[{"href":"https:\/\/www.journee-mondiale.com\/de\/wp-json\/wp\/v2\/media?parent=12231"}],"wp:term":[{"taxonomy":"category","embeddable":true,"href":"https:\/\/www.journee-mondiale.com\/de\/wp-json\/wp\/v2\/categories?post=12231"},{"taxonomy":"post_tag","embeddable":true,"href":"https:\/\/www.journee-mondiale.com\/de\/wp-json\/wp\/v2\/tags?post=12231"}],"curies":[{"name":"wp","href":"https:\/\/api.w.org\/{rel}","templated":true}]}}