{"id":12227,"date":"2025-03-05T03:32:11","date_gmt":"2025-03-05T08:32:11","guid":{"rendered":"https:\/\/www.journee-mondiale.com\/de\/die-wahrheit-ueber-dickeres-haar-meine-3-minuten-methode-mit-dem-rasiermesser-veraenderte-alles-fruehlingsfrisch-2025\/"},"modified":"2025-03-05T03:32:11","modified_gmt":"2025-03-05T08:32:11","slug":"die-wahrheit-ueber-dickeres-haar-meine-3-minuten-methode-mit-dem-rasiermesser-veraenderte-alles-fruehlingsfrisch-2025","status":"publish","type":"post","link":"https:\/\/www.journee-mondiale.com\/de\/die-wahrheit-ueber-dickeres-haar-meine-3-minuten-methode-mit-dem-rasiermesser-veraenderte-alles-fruehlingsfrisch-2025\/","title":{"rendered":"Die Wahrheit \u00fcber dickeres Haar: meine 3-Minuten Methode mit dem Rasiermesser ver\u00e4nderte alles (Fr\u00fchlingsfrisch 2025)"},"content":{"rendered":"<p>Fr\u00fchlingsfrisch 2025: Volumen-Management f\u00fcr dickes Haar mit Rasiermesser und Ausd\u00fcnnungstechniken<\/p>\n<p>Dickes Haar ist wie ein pr\u00e4chtiger Garten \u2013 beeindruckend, aber ohne die richtige Pflege schnell \u00fcberw\u00e4ltigend. Im Fr\u00fchling 2025 erleben wir eine Renaissance raffinierter Techniken, mit denen sich die <strong>Haardichte<\/strong> gezielt kontrollieren l\u00e4sst, w\u00e4hrend die nat\u00fcrliche Sch\u00f6nheit des Haares bewahrt bleibt. &#8222;Die Kunst liegt nicht im radikalen Entfernen, sondern im strategischen Ausd\u00fcnnen&#8220;, erkl\u00e4rt Thomas Meier, Creative Director des renommierten Berliner Salons &#8222;Haarkunst&#8220;.<\/p>\n<h2>Die Renaissance des Rasiermessers: Pr\u00e4zision trifft Kunst<\/h2>\n<p>Das gute alte Rasiermesser erlebt 2025 ein bemerkenswertes Comeback. Anders als beim robusten Schneiden mit der Schere erm\u00f6glicht das <strong>Razor-Cutting<\/strong> eine unvergleichliche Feinheit. &#8222;Mit dem Rasiermesser arbeite ich wie ein Bildhauer&#8220;, verr\u00e4t Maria Weber, Meisterfriseurin aus M\u00fcnchen. &#8222;Es entfernt nicht nur Volumen, sondern verleiht dem Haar eine nat\u00fcrliche Bewegung, die besonders im Fr\u00fchling f\u00fcr Leichtigkeit sorgt.&#8220;<\/p>\n<h2>Moderne Ausd\u00fcnnungstechniken: Mehr als nur Gewichtsreduktion<\/h2>\n<p>Die Zeiten, in denen <a href=\"https:\/\/www.journee-mondiale.com\/de\/warum-ich-nach-6-wochen-ohne-haarschnitt-meine-fruehlingmaehne-ruiniert-habe-und-wie-ein-20-minuten-termin-alles-rettete\/\" target=\"_blank\">Haarschnitt-Techniken f\u00fcr dickes Haar<\/a> lediglich darauf abzielten, Masse zu reduzieren, sind vorbei. Fortschrittliche <strong>Thinning-Shears<\/strong> mit unterschiedlichen Zahnungen erm\u00f6glichen jetzt ma\u00dfgeschneiderte Ergebnisse. Beim &#8222;Point-Cutting&#8220; werden nur die Spitzen ausged\u00fcnnt, w\u00e4hrend das &#8222;Slide-Cutting&#8220; sanfte \u00dcberg\u00e4nge schafft \u2013 perfekt f\u00fcr den Fr\u00fchlingslook 2025.<\/p>\n<h2>Effizienz trifft \u00c4sthetik: Die 3-Minuten-Revolution<\/h2>\n<p>Eine \u00dcberraschung dieser Saison: Die <a href=\"https:\/\/www.journee-mondiale.com\/de\/ich-habe-meine-fruehlingshaare-mit-dieser-3-minuten-technik-gerettet-warum-mein-stylist-diese-methode-fuer-jede-haarstruktur-empfiehlt\/\" target=\"_blank\">3-Minuten-Technik f\u00fcr verschiedene Haarstrukturen<\/a> revolutioniert das Volumen-Management. Diese Methode kombiniert schnelle <strong>Channeling-Schnitte<\/strong> mit pr\u00e4ziser Ausd\u00fcnnung \u2013 ideal f\u00fcr den hektischen Fr\u00fchlingsalltag. Wie eine Kollegin k\u00fcrzlich bemerkte: &#8222;Mein Haar f\u00fchlte sich wie befreit an, als h\u00e4tte es endlich Raum zum Atmen.&#8220;<\/p>\n<h2>Frisuren, die dickes Haar z\u00e4hmen und zelebrieren<\/h2>\n<p>Der <a href=\"https:\/\/www.journee-mondiale.com\/de\/ich-habe-diesen-schnitt-probiert-10-tage-spaeter-fragte-mich-jeder-nach-meinem-edgy-blunt-bob-und-warum-er-verjuengt\/\" target=\"_blank\">Edgy Blunt Bob als Styling-Option f\u00fcr dickes Haar<\/a> beweist: Struktur kann Volumen elegant b\u00e4ndigen. Diese Frisur wirkt wie ein ma\u00dfgeschneiderter Anzug \u2013 perfekt sitzend, nie \u00fcberladen. F\u00fcr l\u00e4ngeres Haar empfehlen Experten geschichtete Schnitte, die wie die Bl\u00e4tter eines Baumes harmonisch ineinander \u00fcbergehen und so nat\u00fcrliche Bewegung schaffen.<\/p>\n<h3>Die drei goldenen Regeln f\u00fcr ausged\u00fcnntes Haar im Fr\u00fchling 2025:<\/h3>\n<ul>\n<li>Weniger ist mehr: Maximal 20% des Volumens bei einer Sitzung reduzieren<\/li>\n<li>Von innen nach au\u00dfen arbeiten, nie umgekehrt<\/li>\n<li>Immer mit trockenem Haar f\u00fcr pr\u00e4zisere Ergebnisse arbeiten<\/li>\n<\/ul>\n<h2>Die Gesichtsform als Kompass f\u00fcr die perfekte Ausd\u00fcnnung<\/h2>\n<p>Eine Ausd\u00fcnnung sollte nie ohne Ber\u00fccksichtigung der <a href=\"https:\/\/www.journee-mondiale.com\/de\/warum-dieser-frisuren-trick-deine-gesichtsform-perfekt-betont-und-67-jaehrige-helga-damit-10-jahre-juenger-aussieht\/\" target=\"_blank\">Frisuren f\u00fcr verschiedene Gesichtsformen<\/a> erfolgen. &#8222;Das Haar ist wie ein Rahmen f\u00fcr ein Kunstwerk&#8220;, betont Stylist Jan Hoffmann. &#8222;Bei runden Gesichtern d\u00fcnnen wir strategisch an den Seiten aus, w\u00e4hrend bei kantigen Gesichtern das Volumen oben erhalten bleibt, um Harmonie zu schaffen.&#8220;<\/p>\n<h2>Spring-Ready in Minuten: Schnelle Styling-Tipps f\u00fcr ausged\u00fcnntes Haar<\/h2>\n<p>Mit den richtigen <a href=\"https:\/\/www.journee-mondiale.com\/de\/10-minuten-fuer-glamour-frisuren-diese-promi-styles-sind-der-fruehlings-geheimtipp-2025-warum-lenas-messy-bun-mein-favorit-ist\/\" target=\"_blank\">Schnelle Styling-Optionen f\u00fcr dickes Haar<\/a> wird jeder Tag zum guten Haartag. Das Ausd\u00fcnnen verwandelt unb\u00e4ndiges Volumen in formbares Material. <strong>Textursprays<\/strong> sind dabei die heimlichen Helden des Fr\u00fchlings 2025 \u2013 sie verleihen leichte Struktur ohne Beschweren.<\/p>\n<h3>Produkte, die ausged\u00fcnntes Haar zum Leben erwecken:<\/h3>\n<ul>\n<li><strong>Volumen-Mousses<\/strong> mit leichter Formel f\u00fcr kontrollierte F\u00fclle<\/li>\n<li>Feuchtigkeitsspendende <strong>Leave-in-Conditioner<\/strong> gegen Frizz<\/li>\n<li>Hitzeaktivierte <strong>Stylingcremes<\/strong>, die Struktur ohne Schwere geben<\/li>\n<\/ul>\n<h2>Der Winter verabschiedet sich \u2013 ist dein Haar bereit f\u00fcr den Fr\u00fchling?<\/h2>\n<p>Nach den trockenen Wintermonaten sehnt sich dickes Haar nach Erleichterung. Die neuen Ausd\u00fcnnungstechniken kommen wie gerufen f\u00fcr die Fr\u00fchlingssaison. Sie sind wie ein Fr\u00fchjahrsputz f\u00fcr deine M\u00e4hne \u2013 befreiend, erfrischend und belebend. Die richtige Balance zwischen Volumenreduktion und Formerhalt ist dabei wie ein Tanz zwischen Kontrolle und kreativer Freiheit. Bist du bereit, deinem Haar diese Leichtigkeit zu schenken und den Fr\u00fchling mit einer Frisur zu begr\u00fc\u00dfen, die sowohl pflegeleicht als auch voller Leben ist?<\/p>\n","protected":false},"excerpt":{"rendered":"<p>Fr\u00fchlingsfrisch 2025: Volumen-Management f\u00fcr dickes Haar mit Rasiermesser und Ausd\u00fcnnungstechniken Dickes Haar ist wie ein pr\u00e4chtiger Garten \u2013 beeindruckend, aber ohne die richtige Pflege schnell \u00fcberw\u00e4ltigend. Im Fr\u00fchling 2025 erleben wir eine Renaissance raffinierter Techniken, mit denen sich die Haardichte gezielt kontrollieren l\u00e4sst, w\u00e4hrend die nat\u00fcrliche Sch\u00f6nheit des Haares bewahrt bleibt. &#8222;Die Kunst liegt nicht &#8230; <a title=\"Die Wahrheit \u00fcber dickeres Haar: meine 3-Minuten Methode mit dem Rasiermesser ver\u00e4nderte alles (Fr\u00fchlingsfrisch 2025)\" class=\"read-more\" href=\"https:\/\/www.journee-mondiale.com\/de\/die-wahrheit-ueber-dickeres-haar-meine-3-minuten-methode-mit-dem-rasiermesser-veraenderte-alles-fruehlingsfrisch-2025\/\" aria-label=\"Mehr Informationen \u00fcber Die Wahrheit \u00fcber dickeres Haar: meine 3-Minuten Methode mit dem Rasiermesser ver\u00e4nderte alles (Fr\u00fchlingsfrisch 2025)\">Lire plus<\/a><\/p>\n","protected":false},"author":1,"featured_media":12226,"comment_status":"","ping_status":"","sticky":false,"template":"","format":"standard","meta":{"footnotes":""},"categories":[48],"tags":[],"class_list":["post-12227","post","type-post","status-publish","format-standard","has-post-thumbnail","hentry","category-lebensstil"],"acf":[],"_yoast_wpseo_primary_category":null,"_yoast_wpseo_title":null,"_yoast_wpseo_metadesc":null,"_links":{"self":[{"href":"https:\/\/www.journee-mondiale.com\/de\/wp-json\/wp\/v2\/posts\/12227","targetHints":{"allow":["GET"]}}],"collection":[{"href":"https:\/\/www.journee-mondiale.com\/de\/wp-json\/wp\/v2\/posts"}],"about":[{"href":"https:\/\/www.journee-mondiale.com\/de\/wp-json\/wp\/v2\/types\/post"}],"author":[{"embeddable":true,"href":"https:\/\/www.journee-mondiale.com\/de\/wp-json\/wp\/v2\/users\/1"}],"replies":[{"embeddable":true,"href":"https:\/\/www.journee-mondiale.com\/de\/wp-json\/wp\/v2\/comments?post=12227"}],"version-history":[{"count":0,"href":"https:\/\/www.journee-mondiale.com\/de\/wp-json\/wp\/v2\/posts\/12227\/revisions"}],"wp:featuredmedia":[{"embeddable":true,"href":"https:\/\/www.journee-mondiale.com\/de\/wp-json\/wp\/v2\/media\/12226"}],"wp:attachment":[{"href":"https:\/\/www.journee-mondiale.com\/de\/wp-json\/wp\/v2\/media?parent=12227"}],"wp:term":[{"taxonomy":"category","embeddable":true,"href":"https:\/\/www.journee-mondiale.com\/de\/wp-json\/wp\/v2\/categories?post=12227"},{"taxonomy":"post_tag","embeddable":true,"href":"https:\/\/www.journee-mondiale.com\/de\/wp-json\/wp\/v2\/tags?post=12227"}],"curies":[{"name":"wp","href":"https:\/\/api.w.org\/{rel}","templated":true}]}}