{"id":12225,"date":"2025-03-05T03:28:41","date_gmt":"2025-03-05T08:28:41","guid":{"rendered":"https:\/\/www.journee-mondiale.com\/de\/ich-habe-meine-fruehlingshaare-mit-dieser-3-minuten-technik-gerettet-warum-mein-stylist-diese-methode-fuer-jede-haarstruktur-empfiehlt\/"},"modified":"2025-03-05T03:28:41","modified_gmt":"2025-03-05T08:28:41","slug":"ich-habe-meine-fruehlingshaare-mit-dieser-3-minuten-technik-gerettet-warum-mein-stylist-diese-methode-fuer-jede-haarstruktur-empfiehlt","status":"publish","type":"post","link":"https:\/\/www.journee-mondiale.com\/de\/ich-habe-meine-fruehlingshaare-mit-dieser-3-minuten-technik-gerettet-warum-mein-stylist-diese-methode-fuer-jede-haarstruktur-empfiehlt\/","title":{"rendered":"Ich habe meine Fr\u00fchlingshaare mit dieser 3-Minuten-Technik gerettet (warum mein Stylist diese Methode f\u00fcr jede Haarstruktur empfiehlt&#8230;)"},"content":{"rendered":"<p>Der Fr\u00fchling 2025 steht vor der T\u00fcr, und mit ihm die Herausforderung, unsere vom Winter strapazierten Haare wieder in Bestform zu bringen. <strong>Glattes, geschmeidiges Haar<\/strong> ist und bleibt ein zeitloser Trend \u2013 doch wie halten wir diese Traumfrisur den ganzen Tag \u00fcber? Ich teile heute meine besten Techniken f\u00fcr sp\u00fcrbar glatteres Haar, das sich leicht b\u00e4ndigen l\u00e4sst und dem Fr\u00fchlingswetter standh\u00e4lt.<\/p>\n<h2>Warum unser Haar im Fr\u00fchjahr besondere Pflege braucht<\/h2>\n<p>Die \u00dcbergangszeit zwischen Winter und Fr\u00fchling stellt unsere Haare vor besondere Herausforderungen. &#8222;Nach den trockenen Wintermonaten ist das Haar oft elektrisiert und neigt zu Frizz \u2013 genau dann, wenn wir es glatt und gepflegt tragen m\u00f6chten&#8220;, erkl\u00e4rt <strong>Christina Weber<\/strong>, Haarexpertin aus M\u00fcnchen. Der h\u00e4ufige Wechsel zwischen Heizungsluft und feuchtem Fr\u00fchlingswetter verst\u00e4rkt diesen Effekt noch. H\u00f6chste Zeit f\u00fcr eine angepasste Pflegeroutine!<\/p>\n<h2>Die richtige Wasch-Technik als Grundlage<\/h2>\n<p>Alles beginnt mit der richtigen Haarw\u00e4sche. Verwende lauwarmes statt hei\u00dfem Wasser, das die <strong>Schuppenschicht<\/strong> deiner Haare schont. Ein sanftes Shampoo, das speziell f\u00fcr glatte Haare entwickelt wurde, bildet die Basis. &#8222;Massiere das Shampoo nur in die Kopfhaut ein und lass es beim Aussp\u00fclen durch die L\u00e4ngen laufen \u2013 das reicht v\u00f6llig&#8220;, r\u00e4t Weber. So vermeidest du unn\u00f6tige Austrocknung der Spitzen.<\/p>\n<h2>Der Conditioner-Trick, den jede Frau kennen sollte<\/h2>\n<p>Nach dem Waschen kommt der wichtigste Schritt: <strong>der richtige Einsatz von Conditioner<\/strong>. Trage ihn nur auf die mittleren L\u00e4ngen und Spitzen auf \u2013 niemals an der Kopfhaut. &#8222;Die meisten Frauen sp\u00fclen ihren Conditioner zu schnell aus&#8220;, verr\u00e4t <strong>Thomas Schmidt<\/strong>, Meisterfriseur im Berliner Salon &#8222;Haarkunst&#8220;. &#8222;Lass ihn mindestens drei Minuten einwirken, bei dickem Haar gerne f\u00fcnf Minuten.&#8220; Ein Tipp aus meiner eigenen Erfahrung: K\u00e4mme den Conditioner mit einem grobzinkigen Kamm durch, damit er sich gleichm\u00e4\u00dfig verteilt.<\/p>\n<h2>Innovatives F\u00f6hnen f\u00fcr lang anhaltende Gl\u00e4tte<\/h2>\n<p>Die richtige <strong>F\u00f6hn-Technik<\/strong> entscheidet dar\u00fcber, wie lange dein Haar glatt bleibt. Nutze zuerst ein Mikrofasertuch, um \u00fcbersch\u00fcssiges Wasser sanft auszudr\u00fccken \u2013 niemals rubbeln! <a href=\"https:\/\/www.journee-mondiale.com\/de\/warum-ich-nach-6-wochen-ohne-haarschnitt-meine-fruehlingsmaehne-ruiniert-habe-und-wie-ein-20-minuten-termin-alles-rettete\/\" target=\"_blank\">Meine eigene Fr\u00fchlingsfrisur<\/a> verdankt ihre Geschmeidigkeit dieser Methode:<\/p>\n<ul>\n<li>F\u00f6hne mit aufgesetzter D\u00fcse von oben nach unten entlang des Haarschafts<\/li>\n<li>F\u00f6hne Str\u00e4hne f\u00fcr Str\u00e4hne mit einer Rundb\u00fcrste<\/li>\n<li>Beende den F\u00f6hnvorgang mit Kaltluft, um die Schuppenschicht zu schlie\u00dfen<\/li>\n<\/ul>\n<h2>Styling-Produkte: Weniger ist mehr im Fr\u00fchling<\/h2>\n<p>Im feuchten Fr\u00fchlingsklima \u00fcbertreiben viele mit <strong>Stylingprodukten<\/strong>, was kontraproduktiv sein kann. &#8222;Weniger ist mehr \u2013 ein haselnussgro\u00dfer Klecks Anti-Frizz-Serum reicht v\u00f6llig aus&#8220;, betont Schmidt. Verteile das Produkt zwischen den Handfl\u00e4chen und streife es dann durch die Haarl\u00e4ngen \u2013 wie ein sanfter Regen, der auf durstige Blumen f\u00e4llt. <a href=\"https:\/\/www.journee-mondiale.com\/de\/warum-dieser-frisuren-trick-deine-gesichtsform-perfekt-betont-und-67-jaehrige-helga-damit-10-jahre-juenger-aussieht\/\" target=\"_blank\">Dieser Frisuren-Trick betont zus\u00e4tzlich deine Gesichtsform<\/a> und sorgt f\u00fcr einen harmonischen Look.<\/p>\n<h2>Die Nachtsorgfalt: So bleibt dein Haar auch morgens glatt<\/h2>\n<p>Wer kennt es nicht? Man geht mit perfekt glattem Haar ins Bett und wacht mit einem wirren Kn\u00e4uel auf. <strong>Seidenkissenbez\u00fcge<\/strong> sind hier das Geheimnis. &#8222;Seide erzeugt weniger Reibung als Baumwolle und verhindert das Kr\u00e4useln \u00fcber Nacht&#8220;, erkl\u00e4rt Weber. Alternativ hilft ein loser, hoher Dutt, der mit einem Scrunchie befestigt wird. Apropos Frisuren \u2013 <a href=\"https:\/\/www.journee-mondiale.com\/de\/10-minuten-fuer-glamour-frisuren-diese-promi-styles-sind-der-fruehlings-geheimtipp-2025-warum-lenas-messy-bun-mein-favorit-ist\/\" target=\"_blank\">diese 10-Minuten-Glamour-Frisuren<\/a> sind nicht nur schnell gemacht, sondern schonen auch deine Haarstruktur.<\/p>\n<h2>SOS-Hilfe f\u00fcr unterwegs: Die Notfall-Ausr\u00fcstung<\/h2>\n<p>Fr\u00fchlingsschauer und pl\u00f6tzliche Windboen k\u00f6nnen selbst die beste Frisur ruinieren. In meiner Handtasche finden sich daher immer:<\/p>\n<ul>\n<li>Ein Mini-Gl\u00e4ttungsspray f\u00fcr Notf\u00e4lle<\/li>\n<li>Eine kompakte Faltb\u00fcrste f\u00fcr schnelle Korrekturen<\/li>\n<li>Kleine Haarklammern f\u00fcr improvisierte Styles bei Regenwetter<\/li>\n<\/ul>\n<h2>Ist der <strong>Blunt Bob<\/strong> die ultimative L\u00f6sung?<\/h2>\n<p>Manchmal ist weniger mehr \u2013 ein k\u00fcrzerer Schnitt kann Wunder wirken f\u00fcr die Handhabbarkeit deines Haares. <a href=\"https:\/\/www.journee-mondiale.com\/de\/ich-habe-diesen-schnitt-probiert-10-tage-spaeter-fragte-mich-jeder-nach-meinem-edgy-blunt-bob-und-warum-er-verjuengt\/\" target=\"_blank\">Der Edgy Blunt Bob<\/a> ist nicht nur trendy, sondern auch praktisch im Alltag. Gerade f\u00fcr Menschen, die morgens wenig Zeit haben, kann ein <a href=\"https:\/\/www.journee-mondiale.com\/de\/diese-frisur-macht-72-jaehrige-helga-10-jahre-juenger-meine-stylistin-verraet-das-geheimnis-des-french-bob\/\" target=\"_blank\">pflegeleichter Bob wie der French Bob<\/a> die L\u00f6sung sein. &#8222;Ein guter Schnitt ist die halbe Miete f\u00fcr pflegeleichtes Haar&#8220;, best\u00e4tigt Schmidt.<\/p>\n<h2>Der innere Glanz: Was du von innen tun kannst<\/h2>\n<p>Vergiss nicht: Glattes, gesundes Haar beginnt von innen. <strong>Ausreichend Wasser<\/strong> und eine n\u00e4hrstoffreiche Ern\u00e4hrung mit Biotin, Zink und Omega-3-Fetts\u00e4uren legen den Grundstein. Wie bei einem Garten, der nur so sch\u00f6n bl\u00fchen kann, wie die Erde, auf der er w\u00e4chst, spiegelt unser Haar unsere innere Gesundheit wider. Der Fr\u00fchling 2025 ist der perfekte Zeitpunkt, um mit deiner Haar-Transformation zu beginnen!<\/p>\n","protected":false},"excerpt":{"rendered":"<p>Der Fr\u00fchling 2025 steht vor der T\u00fcr, und mit ihm die Herausforderung, unsere vom Winter strapazierten Haare wieder in Bestform zu bringen. Glattes, geschmeidiges Haar ist und bleibt ein zeitloser Trend \u2013 doch wie halten wir diese Traumfrisur den ganzen Tag \u00fcber? Ich teile heute meine besten Techniken f\u00fcr sp\u00fcrbar glatteres Haar, das sich leicht &#8230; <a title=\"Ich habe meine Fr\u00fchlingshaare mit dieser 3-Minuten-Technik gerettet (warum mein Stylist diese Methode f\u00fcr jede Haarstruktur empfiehlt&#8230;)\" class=\"read-more\" href=\"https:\/\/www.journee-mondiale.com\/de\/ich-habe-meine-fruehlingshaare-mit-dieser-3-minuten-technik-gerettet-warum-mein-stylist-diese-methode-fuer-jede-haarstruktur-empfiehlt\/\" aria-label=\"Mehr Informationen \u00fcber Ich habe meine Fr\u00fchlingshaare mit dieser 3-Minuten-Technik gerettet (warum mein Stylist diese Methode f\u00fcr jede Haarstruktur empfiehlt&#8230;)\">Lire plus<\/a><\/p>\n","protected":false},"author":1,"featured_media":12224,"comment_status":"","ping_status":"","sticky":false,"template":"","format":"standard","meta":{"footnotes":""},"categories":[48],"tags":[],"class_list":["post-12225","post","type-post","status-publish","format-standard","has-post-thumbnail","hentry","category-lebensstil"],"acf":[],"_yoast_wpseo_primary_category":null,"_yoast_wpseo_title":null,"_yoast_wpseo_metadesc":null,"_links":{"self":[{"href":"https:\/\/www.journee-mondiale.com\/de\/wp-json\/wp\/v2\/posts\/12225","targetHints":{"allow":["GET"]}}],"collection":[{"href":"https:\/\/www.journee-mondiale.com\/de\/wp-json\/wp\/v2\/posts"}],"about":[{"href":"https:\/\/www.journee-mondiale.com\/de\/wp-json\/wp\/v2\/types\/post"}],"author":[{"embeddable":true,"href":"https:\/\/www.journee-mondiale.com\/de\/wp-json\/wp\/v2\/users\/1"}],"replies":[{"embeddable":true,"href":"https:\/\/www.journee-mondiale.com\/de\/wp-json\/wp\/v2\/comments?post=12225"}],"version-history":[{"count":0,"href":"https:\/\/www.journee-mondiale.com\/de\/wp-json\/wp\/v2\/posts\/12225\/revisions"}],"wp:featuredmedia":[{"embeddable":true,"href":"https:\/\/www.journee-mondiale.com\/de\/wp-json\/wp\/v2\/media\/12224"}],"wp:attachment":[{"href":"https:\/\/www.journee-mondiale.com\/de\/wp-json\/wp\/v2\/media?parent=12225"}],"wp:term":[{"taxonomy":"category","embeddable":true,"href":"https:\/\/www.journee-mondiale.com\/de\/wp-json\/wp\/v2\/categories?post=12225"},{"taxonomy":"post_tag","embeddable":true,"href":"https:\/\/www.journee-mondiale.com\/de\/wp-json\/wp\/v2\/tags?post=12225"}],"curies":[{"name":"wp","href":"https:\/\/api.w.org\/{rel}","templated":true}]}}