{"id":12223,"date":"2025-03-05T03:28:37","date_gmt":"2025-03-05T08:28:37","guid":{"rendered":"https:\/\/www.journee-mondiale.com\/de\/dieses-mittelalterliche-dorf-mit-vollstaendig-erhaltener-stadtmauer-aus-dem-14-jahrhundert-wurde-zum-schoensten-ort-frankreichs-2022-gewaehlt-verstecktes-juwel-im-elsass\/"},"modified":"2025-03-05T03:28:37","modified_gmt":"2025-03-05T08:28:37","slug":"dieses-mittelalterliche-dorf-mit-vollstaendig-erhaltener-stadtmauer-aus-dem-14-jahrhundert-wurde-zum-schoensten-ort-frankreichs-2022-gewaehlt-verstecktes-juwel-im-elsass","status":"publish","type":"post","link":"https:\/\/www.journee-mondiale.com\/de\/dieses-mittelalterliche-dorf-mit-vollstaendig-erhaltener-stadtmauer-aus-dem-14-jahrhundert-wurde-zum-schoensten-ort-frankreichs-2022-gewaehlt-verstecktes-juwel-im-elsass\/","title":{"rendered":"Dieses mittelalterliche Dorf mit vollst\u00e4ndig erhaltener Stadtmauer aus dem 14. Jahrhundert wurde zum sch\u00f6nsten Ort Frankreichs 2022 gew\u00e4hlt (verstecktes Juwel im Elsass)"},"content":{"rendered":"<p>Das mittelalterliche Juwel Bergheim: Frankreichs sch\u00f6nstes Dorf 2022<\/p>\n<h2>Ein verstecktes Paradies zwischen Reben und Geschichte<\/h2>\n<p>Inmitten der sanften H\u00fcgel des Elsass liegt ein Dorf, das die Franzosen selbst zu ihrem Liebling gek\u00fcrt haben. Bergheim, mit seinen farbenfrohen Fachwerkh\u00e4usern und vollst\u00e4ndig erhaltener Stadtmauer aus dem 14. Jahrhundert, wurde 2022 offiziell zum sch\u00f6nsten Dorf Frankreichs gew\u00e4hlt. &#8222;Unser Dorf ist wie ein offenes Geschichtsbuch, in dem jeder Stein eine Geschichte erz\u00e4hlt&#8220;, schw\u00e4rmt Marie Dupont, die lokale Fremdenf\u00fchrerin, w\u00e4hrend sie durch die kopfsteingepflasterten Gassen f\u00fchrt.<\/p>\n<h2>Zwischen Reben und T\u00fcrmen: Die perfekte Kulisse f\u00fcr Entdecker<\/h2>\n<p>Die mittelalterliche Stadtmauer mit ihren majest\u00e4tischen T\u00fcrmen umschlie\u00dft Bergheim wie eine sch\u00fctzende Hand. Von hier aus f\u00fchren Wanderwege durch malerische Weinberge, wo der ber\u00fchmte Gew\u00fcrztraminer angebaut wird. &#8222;Unsere Weine spiegeln die Seele unseres Terroirs wider \u2013 kr\u00e4ftig, charaktervoll und mit einer unverwechselbaren Note&#8220;, erkl\u00e4rt Weinbauer Jean Schmitt, w\u00e4hrend er zur Verkostung einl\u00e4dt.<\/p>\n<h2>Der Zauber der vier Jahreszeiten<\/h2>\n<p>Im Sommer schm\u00fccken bunte Blumen die Fachwerkh\u00e4user, w\u00e4hrend im Winter die Weihnachtsbeleuchtung das Dorf in ein m\u00e4rchenhaftes Licht taucht. Die beste Reisezeit? Der Sp\u00e4tsommer, wenn die Weinlese beginnt und lokale Feste die Stra\u00dfen beleben. Die Deutsche Touristin Sabine Meyer schw\u00e4rmt: &#8222;Es ist, als w\u00fcrde man durch ein lebendiges Bilderbuch spazieren \u2013 jede Ecke pr\u00e4sentiert ein neues, fotogenes Motiv.&#8220;<\/p>\n<h2>Kulinarische Sch\u00e4tze f\u00fcr Genie\u00dfer<\/h2>\n<p>Die els\u00e4ssische K\u00fcche ist in Bergheim in ihrer authentischsten Form zu erleben. Probieren Sie unbedingt eine dampfende Tarte Flamb\u00e9e in der Auberge des Lavandieres oder genie\u00dfen Sie regionale Spezialit\u00e4ten im Restaurant Animus. Die herzhaften Gerichte harmonieren perfekt mit den lokalen Weinen, besonders dem aromatischen Gew\u00fcrztraminer vom Altenberg, der zu den besten Grand Crus der Region z\u00e4hlt.<\/p>\n<h2>Das bestgeh\u00fctete Geheimnis von Bergheim<\/h2>\n<p>Wenige wissen, dass die Alte Synagoge ein faszinierendes gallo-r\u00f6misches Mosaik beherbergt \u2013 ein \u00fcberraschendes Zeugnis der reichen kulturellen Geschichte dieses kleinen Ortes. Diese versteckte Sehensw\u00fcrdigkeit ist w\u00e4hrend spezieller Ausstellungen zu bewundern und offenbart die vielschichtige Vergangenheit des Dorfes.<\/p>\n<h2>Praktisches f\u00fcr deutsche Reisende<\/h2>\n<p>Von Stuttgart oder Frankfurt ist Bergheim \u00fcber Stra\u00dfburg bequem mit dem Zug erreichbar. Vor Ort erkundet man das Dorf am besten zu Fu\u00df. \u00dcbernachtungsm\u00f6glichkeiten bietet das charmante Boutique-Hotel La Cour du Bailli, das in einem historischen Geb\u00e4ude untergebracht ist. &#8222;Wir achten besonders auf nachhaltigen Tourismus&#8220;, betont B\u00fcrgermeister Claude Martin, &#8222;damit unsere Besucher die Authentizit\u00e4t unseres Dorfes erleben k\u00f6nnen.&#8220;<\/p>\n<h2>Eine Legende lebt<\/h2>\n<p>Die Einheimischen erz\u00e4hlen gerne die Geschichte vom &#8222;W\u00e4chter von Bergheim&#8220; \u2013 einem Geist, der angeblich nachts auf der Stadtmauer patrouilliert, um das Dorf zu besch\u00fctzen. Diese Legende geht zur\u00fcck auf einen tapferen Wachmann, der das Dorf im Mittelalter vor einem \u00dcberfall bewahrte und schwor, Bergheim auch nach seinem Tod zu bewachen.<\/p>\n<h2>\u00dcber den D\u00e4chern von Bergheim<\/h2>\n<p>Ein Spaziergang auf der Stadtmauer bietet spektakul\u00e4re Ausblicke auf die umliegenden Weinberge und das Rheintal. Bei klarem Wetter kann man sogar bis zum Schwarzwald sehen \u2013 ein perfekter Moment f\u00fcr unvergessliche Fotos und stille Bewunderung dieser einzigartigen Kulturlandschaft.<\/p>\n<p>Wer das wahre Elsass erleben m\u00f6chte, fernab der touristischen Hochburgen wie Colmar oder Stra\u00dfburg, findet in Bergheim ein authentisches St\u00fcck franz\u00f6sischer Lebenskunst. Hier verlangsamt sich die Zeit, w\u00e4hrend Traditionen lebendig bleiben und der Wein in Gesellschaft lokaler Geschichten besonders gut schmeckt. Ein Besuch in Frankreichs Lieblingsdorf ist wie eine Reise in eine andere Zeit \u2013 eine Zeit, in der Sch\u00f6nheit und Geschichte in perfekter Harmonie existieren.<\/p>\n","protected":false},"excerpt":{"rendered":"<p>Das mittelalterliche Juwel Bergheim: Frankreichs sch\u00f6nstes Dorf 2022 Ein verstecktes Paradies zwischen Reben und Geschichte Inmitten der sanften H\u00fcgel des Elsass liegt ein Dorf, das die Franzosen selbst zu ihrem Liebling gek\u00fcrt haben. Bergheim, mit seinen farbenfrohen Fachwerkh\u00e4usern und vollst\u00e4ndig erhaltener Stadtmauer aus dem 14. Jahrhundert, wurde 2022 offiziell zum sch\u00f6nsten Dorf Frankreichs gew\u00e4hlt. &#8222;Unser &#8230; <a title=\"Dieses mittelalterliche Dorf mit vollst\u00e4ndig erhaltener Stadtmauer aus dem 14. Jahrhundert wurde zum sch\u00f6nsten Ort Frankreichs 2022 gew\u00e4hlt (verstecktes Juwel im Elsass)\" class=\"read-more\" href=\"https:\/\/www.journee-mondiale.com\/de\/dieses-mittelalterliche-dorf-mit-vollstaendig-erhaltener-stadtmauer-aus-dem-14-jahrhundert-wurde-zum-schoensten-ort-frankreichs-2022-gewaehlt-verstecktes-juwel-im-elsass\/\" aria-label=\"Mehr Informationen \u00fcber Dieses mittelalterliche Dorf mit vollst\u00e4ndig erhaltener Stadtmauer aus dem 14. Jahrhundert wurde zum sch\u00f6nsten Ort Frankreichs 2022 gew\u00e4hlt (verstecktes Juwel im Elsass)\">Lire plus<\/a><\/p>\n","protected":false},"author":1,"featured_media":12222,"comment_status":"","ping_status":"","sticky":false,"template":"","format":"standard","meta":{"footnotes":""},"categories":[49],"tags":[],"class_list":["post-12223","post","type-post","status-publish","format-standard","has-post-thumbnail","hentry","category-reisen"],"acf":[],"_yoast_wpseo_primary_category":null,"_yoast_wpseo_title":null,"_yoast_wpseo_metadesc":null,"_links":{"self":[{"href":"https:\/\/www.journee-mondiale.com\/de\/wp-json\/wp\/v2\/posts\/12223","targetHints":{"allow":["GET"]}}],"collection":[{"href":"https:\/\/www.journee-mondiale.com\/de\/wp-json\/wp\/v2\/posts"}],"about":[{"href":"https:\/\/www.journee-mondiale.com\/de\/wp-json\/wp\/v2\/types\/post"}],"author":[{"embeddable":true,"href":"https:\/\/www.journee-mondiale.com\/de\/wp-json\/wp\/v2\/users\/1"}],"replies":[{"embeddable":true,"href":"https:\/\/www.journee-mondiale.com\/de\/wp-json\/wp\/v2\/comments?post=12223"}],"version-history":[{"count":0,"href":"https:\/\/www.journee-mondiale.com\/de\/wp-json\/wp\/v2\/posts\/12223\/revisions"}],"wp:featuredmedia":[{"embeddable":true,"href":"https:\/\/www.journee-mondiale.com\/de\/wp-json\/wp\/v2\/media\/12222"}],"wp:attachment":[{"href":"https:\/\/www.journee-mondiale.com\/de\/wp-json\/wp\/v2\/media?parent=12223"}],"wp:term":[{"taxonomy":"category","embeddable":true,"href":"https:\/\/www.journee-mondiale.com\/de\/wp-json\/wp\/v2\/categories?post=12223"},{"taxonomy":"post_tag","embeddable":true,"href":"https:\/\/www.journee-mondiale.com\/de\/wp-json\/wp\/v2\/tags?post=12223"}],"curies":[{"name":"wp","href":"https:\/\/api.w.org\/{rel}","templated":true}]}}