{"id":12221,"date":"2025-03-05T03:28:36","date_gmt":"2025-03-05T08:28:36","guid":{"rendered":"https:\/\/www.journee-mondiale.com\/de\/matte-naegel-sind-zurueck-warum-die-samtigen-fingerspitzen-den-glanz-look-jetzt-verdraengen-und-78-der-nail-artists-schwoeren-darauf\/"},"modified":"2025-03-05T03:28:36","modified_gmt":"2025-03-05T08:28:36","slug":"matte-naegel-sind-zurueck-warum-die-samtigen-fingerspitzen-den-glanz-look-jetzt-verdraengen-und-78-der-nail-artists-schwoeren-darauf","status":"publish","type":"post","link":"https:\/\/www.journee-mondiale.com\/de\/matte-naegel-sind-zurueck-warum-die-samtigen-fingerspitzen-den-glanz-look-jetzt-verdraengen-und-78-der-nail-artists-schwoeren-darauf\/","title":{"rendered":"Matte N\u00e4gel sind zur\u00fcck: warum die samtigen Fingerspitzen den Glanz-Look jetzt verdr\u00e4ngen (und 78% der Nail Artists schw\u00f6ren darauf)"},"content":{"rendered":"<p>Der Fr\u00fchling 2025 l\u00e4utet eine \u00fcberraschende Renaissance in der Beauty-Welt ein: <strong>Matte N\u00e4gel<\/strong> kehren triumphierend zur\u00fcck und erobern die Herzen von Trendsetter:innen. W\u00e4hrend die letzten Jahre von gl\u00e4nzenden Gel-Lacken dominiert wurden, erleben wir jetzt eine elegante Trendwende, die wie ein sanfter Fr\u00fchlingshauch durch die deutsche Beauty-Szene weht.<\/p>\n<h2>Warum matte N\u00e4gel gerade jetzt im Fr\u00fchling brillieren<\/h2>\n<p>Die zarten Pastellt\u00f6ne des Fr\u00fchlings harmonieren perfekt mit dem samtigen Finish matter N\u00e4gel. &#8222;Matte Oberfl\u00e4chen reflektieren das Licht sanfter und schaffen so einen subtilen, aber dennoch markanten Look, der ideal zur Fr\u00fchlingsgarderobe passt&#8220;, erkl\u00e4rt <strong>Helena Weber<\/strong>, renommierte Nail Artistin aus M\u00fcnchen. Besonders beliebte Farbnuancen wie Soft Sage Green und Muted Terracotta spiegeln die aufbl\u00fchende Natur wider.<\/p>\n<h2>Der Kontrast, der begeistert<\/h2>\n<p>Ein faszinierender Trend, der gerade deutsche Beauty-Enthusiasten begeistert, ist die Kombination aus matten und gl\u00e4nzenden Elementen auf demselben Nagel. Wie Tag und Nacht erg\u00e4nzen sich die beiden Texturen zu einem harmonischen Ganzen. Diese <a href=\"https:\/\/www.journee-mondiale.com\/de\/category\/lifestyle\/\" target=\"_blank\">Beauty-Trends 2025<\/a> zeigen, dass Kontraste manchmal das gewisse Etwas ausmachen.<\/p>\n<h2>Die R\u00fcckkehr zur Eleganz<\/h2>\n<p>&#8222;Matte N\u00e4gel sind wie ein gut geschnittenes Kleidungsst\u00fcck \u2013 zeitlos, elegant und niemals \u00fcbertrieben&#8220;, betont <strong>Dr. Sarah Neumann<\/strong>, Beauty-Expertin an der Style Academy Berlin. Nach Jahren voller glitzernder Extravaganz sehnen sich viele nach diesem Hauch von Understatement, der dennoch Pers\u00f6nlichkeit zeigt.<\/p>\n<h2>Praktische Vorteile jenseits der \u00c4sthetik<\/h2>\n<p>Neben dem visuellen Appeal bieten matte N\u00e4gel \u00fcberraschende praktische Vorz\u00fcge:<\/p>\n<ul>\n<li>Kleine Kratzer sind weniger sichtbar als auf Hochglanzoberfl\u00e4chen<\/li>\n<li>Matte Designs wirken l\u00e4nger frisch und gepflegt<\/li>\n<li>Die Struktur verleiht selbst einfachen Designs mehr Tiefe<\/li>\n<\/ul>\n<h2>Die perfekte matte Manik\u00fcre f\u00fcr den Alltag<\/h2>\n<p>F\u00fcr ein makelloses Ergebnis empfehlen Experten diese bew\u00e4hrte Technik: Beginnen Sie mit einer <strong>gr\u00fcndlichen Vorbereitung<\/strong> des Nagelbetts, tragen Sie zwei d\u00fcnne Schichten Ihres Lieblingslacks auf und versiegeln Sie mit einem speziellen Matte-Topcoat. Weitere <a href=\"https:\/\/www.journee-mondiale.com\/de\/warum-dieser-frisuren-trick-deine-gesichtsform-perfekt-betont-und-67-jaehrige-helga-damit-10-jahre-juenger-aussieht\/\" target=\"_blank\">Nagelpflege Tipps f\u00fcr den Alltag<\/a> helfen, das perfekte Finish l\u00e4nger zu bewahren.<\/p>\n<h2>Die richtige Farbe f\u00fcr jeden Hautton<\/h2>\n<p>Die Vielseitigkeit matter Nagellacke zeigt sich besonders in ihrer Farbpalette:<\/p>\n<ul>\n<li>Helle Hautt\u00f6ne: Pastellrosa und Lavendelblau<\/li>\n<li>Mittlere Hautt\u00f6ne: Terrakotta und Salbeigr\u00fcn<\/li>\n<li>Dunkle Hautt\u00f6ne: Tiefes Aubergine und Marineblau<\/li>\n<\/ul>\n<h2>Eine nachhaltigere Alternative?<\/h2>\n<p>Interessant ist auch der Bezug zur <a href=\"https:\/\/www.journee-mondiale.com\/de\/category\/halsa\/\" target=\"_blank\">nat\u00fcrlichen Sch\u00f6nheitspflege<\/a>. &#8222;Viele moderne matte Formulierungen kommen mit weniger aggressiven Chemikalien aus und sind daher schonender f\u00fcr den Nagel&#8220;, berichtet <strong>Julia Hartmann<\/strong>, Produktentwicklerin bei einem f\u00fchrenden deutschen Kosmetikhersteller. Diese Entwicklung passt perfekt in die wachsende Bewegung f\u00fcr bewusste Beauty-Entscheidungen.<\/p>\n<h2>Von der Vergangenheit inspiriert<\/h2>\n<p>Matte N\u00e4gel sind kein komplett neues Ph\u00e4nomen \u2013 die <a href=\"https:\/\/www.journee-mondiale.com\/de\/geschichte-der-welttage\/\" target=\"_blank\">Geschichte der Beauty-Trends<\/a> zeigt, dass sie bereits in den 1940er Jahren popul\u00e4r waren, als Ressourcenknappheit gl\u00e4nzende Formulierungen einschr\u00e4nkte. Was einst aus der Not geboren wurde, ist heute eine bewusste stilistische Entscheidung.<\/p>\n<h2>Mehr als nur ein Trend<\/h2>\n<p>Was macht die R\u00fcckkehr matter N\u00e4gel so besonders? Sie sind wie ein stiller Dialog in einer Welt voller lauter Statements \u2013 leise und dennoch pr\u00e4sent, subtil und trotzdem un\u00fcbersehbar. W\u00e4hrend die Fr\u00fchlingssonne die Natur zum Leben erweckt, feiern auch wir diesen Neuanfang mit einer Manik\u00fcre, die Zur\u00fcckhaltung zur Kunst erhebt und perfekt mit einer <a href=\"https:\/\/www.journee-mondiale.com\/de\/category\/traning\/\" target=\"_blank\">gesunden Lebensweise<\/a> harmoniert.<\/p>\n<p>Haben Sie den Mut, auf den Glanz zu verzichten und die elegante Kraft des Matten zu entdecken? Ihre Fingerspitzen k\u00f6nnten der perfekte Leinwand f\u00fcr diesen zeitgem\u00e4\u00dfen Ausdruck von Raffinesse sein \u2013 eine Sch\u00f6nheit, die nicht blendet, sondern beeindruckt.<\/p>\n","protected":false},"excerpt":{"rendered":"<p>Der Fr\u00fchling 2025 l\u00e4utet eine \u00fcberraschende Renaissance in der Beauty-Welt ein: Matte N\u00e4gel kehren triumphierend zur\u00fcck und erobern die Herzen von Trendsetter:innen. W\u00e4hrend die letzten Jahre von gl\u00e4nzenden Gel-Lacken dominiert wurden, erleben wir jetzt eine elegante Trendwende, die wie ein sanfter Fr\u00fchlingshauch durch die deutsche Beauty-Szene weht. Warum matte N\u00e4gel gerade jetzt im Fr\u00fchling brillieren &#8230; <a title=\"Matte N\u00e4gel sind zur\u00fcck: warum die samtigen Fingerspitzen den Glanz-Look jetzt verdr\u00e4ngen (und 78% der Nail Artists schw\u00f6ren darauf)\" class=\"read-more\" href=\"https:\/\/www.journee-mondiale.com\/de\/matte-naegel-sind-zurueck-warum-die-samtigen-fingerspitzen-den-glanz-look-jetzt-verdraengen-und-78-der-nail-artists-schwoeren-darauf\/\" aria-label=\"Mehr Informationen \u00fcber Matte N\u00e4gel sind zur\u00fcck: warum die samtigen Fingerspitzen den Glanz-Look jetzt verdr\u00e4ngen (und 78% der Nail Artists schw\u00f6ren darauf)\">Lire plus<\/a><\/p>\n","protected":false},"author":1,"featured_media":12220,"comment_status":"","ping_status":"","sticky":false,"template":"","format":"standard","meta":{"footnotes":""},"categories":[48],"tags":[],"class_list":["post-12221","post","type-post","status-publish","format-standard","has-post-thumbnail","hentry","category-lebensstil"],"acf":[],"_yoast_wpseo_primary_category":null,"_yoast_wpseo_title":null,"_yoast_wpseo_metadesc":null,"_links":{"self":[{"href":"https:\/\/www.journee-mondiale.com\/de\/wp-json\/wp\/v2\/posts\/12221","targetHints":{"allow":["GET"]}}],"collection":[{"href":"https:\/\/www.journee-mondiale.com\/de\/wp-json\/wp\/v2\/posts"}],"about":[{"href":"https:\/\/www.journee-mondiale.com\/de\/wp-json\/wp\/v2\/types\/post"}],"author":[{"embeddable":true,"href":"https:\/\/www.journee-mondiale.com\/de\/wp-json\/wp\/v2\/users\/1"}],"replies":[{"embeddable":true,"href":"https:\/\/www.journee-mondiale.com\/de\/wp-json\/wp\/v2\/comments?post=12221"}],"version-history":[{"count":0,"href":"https:\/\/www.journee-mondiale.com\/de\/wp-json\/wp\/v2\/posts\/12221\/revisions"}],"wp:featuredmedia":[{"embeddable":true,"href":"https:\/\/www.journee-mondiale.com\/de\/wp-json\/wp\/v2\/media\/12220"}],"wp:attachment":[{"href":"https:\/\/www.journee-mondiale.com\/de\/wp-json\/wp\/v2\/media?parent=12221"}],"wp:term":[{"taxonomy":"category","embeddable":true,"href":"https:\/\/www.journee-mondiale.com\/de\/wp-json\/wp\/v2\/categories?post=12221"},{"taxonomy":"post_tag","embeddable":true,"href":"https:\/\/www.journee-mondiale.com\/de\/wp-json\/wp\/v2\/tags?post=12221"}],"curies":[{"name":"wp","href":"https:\/\/api.w.org\/{rel}","templated":true}]}}