{"id":12219,"date":"2025-03-05T03:24:11","date_gmt":"2025-03-05T08:24:11","guid":{"rendered":"https:\/\/www.journee-mondiale.com\/de\/warum-ich-meine-kurzhaarfrisur-mit-diesen-3-accessoires-komplett-verwandelt-habe-die-mini-revolution-fuer-fruehjahr-2025\/"},"modified":"2025-03-05T03:24:11","modified_gmt":"2025-03-05T08:24:11","slug":"warum-ich-meine-kurzhaarfrisur-mit-diesen-3-accessoires-komplett-verwandelt-habe-die-mini-revolution-fuer-fruehjahr-2025","status":"publish","type":"post","link":"https:\/\/www.journee-mondiale.com\/de\/warum-ich-meine-kurzhaarfrisur-mit-diesen-3-accessoires-komplett-verwandelt-habe-die-mini-revolution-fuer-fruehjahr-2025\/","title":{"rendered":"Warum ich meine Kurzhaarfrisur mit diesen 3 Accessoires komplett verwandelt habe&#8230; (die Mini-Revolution f\u00fcr Fr\u00fchjahr 2025)"},"content":{"rendered":"<p>Kurzhaar mit Pfiff: <strong>Accessoire-Trends 2025<\/strong> f\u00fcr den Fr\u00fchling, die jeden Look verwandeln. W\u00e4hrend viele denken, mit kurzen Haaren seien die Styling-Optionen begrenzt, er\u00f6ffnet sich mit den richtigen Accessoires eine ganze Welt von M\u00f6glichkeiten. Besonders im Fr\u00fchling 2025 sehen wir eine Renaissance kleiner Details, die gro\u00dfe Wirkung zeigen.<\/p>\n<h2>Mini-Revolution: Warum Haaraccessoires 2025 unverzichtbar werden<\/h2>\n<p>&#8222;Kurze Haare sind die perfekte Leinwand f\u00fcr Statement-Accessoires&#8220;, erkl\u00e4rt <strong>Thomas Schmidt<\/strong>, Meisterfriseur bei DIE FRISEURE in Stuttgart. &#8222;Im Fr\u00fchjahr 2025 sehen wir eine R\u00fcckkehr zu handgefertigter Qualit\u00e4t und durchdachtem Design bei Haarspangen und B\u00e4ndern, die selbst den <a href=\"https:\/\/www.journee-mondiale.com\/de\/ich-habe-diesen-schnitt-probiert-10-tage-spaeter-fragte-mich-jeder-nach-meinem-edgy-blunt-bob-und-warum-er-verjuengt\/\" target=\"_blank\">Edgy Blunt Bob<\/a> aufwerten.&#8220;<\/p>\n<h2>Die Top-Accessoires f\u00fcr kurze Haare im Fr\u00fchling 2025<\/h2>\n<ul>\n<li><strong>Minimalistische Metallspangen<\/strong> mit geometrischen Formen<\/li>\n<li>D\u00fcnne <strong>Seidenb\u00e4nder<\/strong> in Pastellfarben<\/li>\n<li>Handgefertigte <strong>Perlenhaarklammern<\/strong> mit Naturmaterialien<\/li>\n<\/ul>\n<p>Wie kleine Schmuckst\u00fccke verwandeln diese Accessoires selbst den einfachsten <strong>Italian Crop<\/strong> oder <strong>Shaggy Pixie<\/strong> in einen Hingucker. Sie sind wie die Gew\u00fcrze, die selbst das einfachste Gericht zum Gourmet-Erlebnis machen.<\/p>\n<h2>Von Runway zu Alltag: Wie deutsche Frauen den Trend adaptieren<\/h2>\n<p>In Berlin beobachte ich einen interessanten Trend: Frauen kombinieren hochwertige Haaraccessoires mit <a href=\"https:\/\/www.journee-mondiale.com\/de\/10-minuten-fuer-glamour-frisuren-diese-promi-styles-sind-der-fruehlings-geheimtipp-2025-warum-lenas-messy-bun-mein-favorit-ist\/\" target=\"_blank\">Stylische Schnellfriesuren in 10 Minuten<\/a>. &#8222;Der gehetzte Morgen ist vorbei \u2013 mit einem gut platzierten Haarreif verwandelt sich der ungeb\u00e4ndigte <strong>Kitty Cut<\/strong> in einen durchdachten Look&#8220;, verr\u00e4t Stylistin <strong>Marie Berger<\/strong> aus M\u00fcnchen.<\/p>\n<h2>Harmoniekunst: Die richtige Accessoire-Wahl f\u00fcr deine Gesichtsform<\/h2>\n<p>Accessoires sind nicht nur dekorativ, sondern k\u00f6nnen auch <a href=\"https:\/\/www.journee-mondiale.com\/de\/warum-dieser-frisuren-trick-deine-gesichtsform-perfekt-betont-und-67-jaehrige-helga-damit-10-jahre-juenger-aussieht\/\" target=\"_blank\">Frisuren-Tricks zur Betonung der Gesichtsform<\/a> verst\u00e4rken. Bei runden Gesichtern setzen vertikale Haarklammern wundersch\u00f6ne Akzente, w\u00e4hrend bei eckigen Gesichtsz\u00fcgen weiche Kopfb\u00e4nder die Konturen sanfter erscheinen lassen.<\/p>\n<h2>Nachhaltiger Luxus: Der neue deutsche Anspruch an Haaraccessoires<\/h2>\n<p>Die Deutschen entscheiden sich zunehmend f\u00fcr nachhaltig produzierte Accessoires. Marken wie <strong>Roeckl<\/strong> mit handgefertigten Seidenb\u00e4ndern erfahren eine Renaissance. Diese hochwertigen St\u00fccke werden wie Erbst\u00fccke behandelt \u2013 kleine Kunstwerke f\u00fcr das Haar, die von Saison zu Saison weitergegeben werden.<\/p>\n<h2>Der Fr\u00fchlingserwachen-Effekt: Saisonale Anpassungen<\/h2>\n<ul>\n<li>Leichte <strong>Blumenhaarspangen<\/strong> f\u00fcr milde Fr\u00fchlingstage<\/li>\n<li>Wasserfeste <strong>Haarreifen<\/strong> f\u00fcr unberechenbare Aprilschauer<\/li>\n<li>UV-sch\u00fctzende <strong>T\u00fccher<\/strong> f\u00fcr die ersten Sonnenstrahlen<\/li>\n<\/ul>\n<p>Nach den langen Wintermonaten sehnen wir uns nach Farbe und Leichtigkeit. Mit der richtigen Wahl k\u00f6nnen Accessoires sogar den <a href=\"https:\/\/www.journee-mondiale.com\/de\/diese-frisur-macht-72-jaehrige-helga-10-jahre-juenger-meine-stylistin-verraet-das-geheimnis-des-french-bob\/\" target=\"_blank\">French Bob als verj\u00fcngender Haarschnitt<\/a> noch frischer wirken lassen.<\/p>\n<h2>Alltagstauglichkeit: Der deutsche Pragmatismus bei Haaraccessoires<\/h2>\n<p>Die beste Nachricht? Diese Accessoires sind praktisch und vielseitig. &#8222;Ein gutes Accessoire sollte morgens beim Joggen genauso funktionieren wie abends beim Dinner&#8220;, betont <strong>Schmidt<\/strong>. Ein Tipp f\u00fcr Berufst\u00e4tige: <a href=\"https:\/\/www.journee-mondiale.com\/de\/warum-ich-nach-6-wochen-ohne-haarschnitt-meine-fruehlingsmaehne-ruiniert-habe-und-wie-ein-20-minuten-termin-alles-rettete\/\" target=\"_blank\">Regelm\u00e4\u00dfige Haarschnitte f\u00fcr gesunde Fr\u00fchlingsm\u00e4hne<\/a> kombiniert mit dezenten Haarklammern schaffen einen professionellen Look.<\/p>\n<h2>Dein individueller Accessoire-Stil: Mehr als nur ein Trend?<\/h2>\n<p>Die Kunst der Haaraccessoires ist wie eine Sprache \u2013 sie erz\u00e4hlt etwas \u00fcber dich. Ob minimalistisch mit einer schlichten Metallspange oder verspielt mit bunten Clips, deine Wahl reflektiert deine Pers\u00f6nlichkeit. Welches Accessoire wird dein Kurzhaar-Statement im Fr\u00fchling 2025 unterstreichen? Die M\u00f6glichkeiten sind so vielf\u00e4ltig wie die Tr\u00e4gerinnen selbst.<\/p>\n","protected":false},"excerpt":{"rendered":"<p>Kurzhaar mit Pfiff: Accessoire-Trends 2025 f\u00fcr den Fr\u00fchling, die jeden Look verwandeln. W\u00e4hrend viele denken, mit kurzen Haaren seien die Styling-Optionen begrenzt, er\u00f6ffnet sich mit den richtigen Accessoires eine ganze Welt von M\u00f6glichkeiten. Besonders im Fr\u00fchling 2025 sehen wir eine Renaissance kleiner Details, die gro\u00dfe Wirkung zeigen. Mini-Revolution: Warum Haaraccessoires 2025 unverzichtbar werden &#8222;Kurze Haare &#8230; <a title=\"Warum ich meine Kurzhaarfrisur mit diesen 3 Accessoires komplett verwandelt habe&#8230; (die Mini-Revolution f\u00fcr Fr\u00fchjahr 2025)\" class=\"read-more\" href=\"https:\/\/www.journee-mondiale.com\/de\/warum-ich-meine-kurzhaarfrisur-mit-diesen-3-accessoires-komplett-verwandelt-habe-die-mini-revolution-fuer-fruehjahr-2025\/\" aria-label=\"Mehr Informationen \u00fcber Warum ich meine Kurzhaarfrisur mit diesen 3 Accessoires komplett verwandelt habe&#8230; (die Mini-Revolution f\u00fcr Fr\u00fchjahr 2025)\">Lire plus<\/a><\/p>\n","protected":false},"author":1,"featured_media":12218,"comment_status":"","ping_status":"","sticky":false,"template":"","format":"standard","meta":{"footnotes":""},"categories":[48],"tags":[],"class_list":["post-12219","post","type-post","status-publish","format-standard","has-post-thumbnail","hentry","category-lebensstil"],"acf":[],"_yoast_wpseo_primary_category":null,"_yoast_wpseo_title":null,"_yoast_wpseo_metadesc":null,"_links":{"self":[{"href":"https:\/\/www.journee-mondiale.com\/de\/wp-json\/wp\/v2\/posts\/12219","targetHints":{"allow":["GET"]}}],"collection":[{"href":"https:\/\/www.journee-mondiale.com\/de\/wp-json\/wp\/v2\/posts"}],"about":[{"href":"https:\/\/www.journee-mondiale.com\/de\/wp-json\/wp\/v2\/types\/post"}],"author":[{"embeddable":true,"href":"https:\/\/www.journee-mondiale.com\/de\/wp-json\/wp\/v2\/users\/1"}],"replies":[{"embeddable":true,"href":"https:\/\/www.journee-mondiale.com\/de\/wp-json\/wp\/v2\/comments?post=12219"}],"version-history":[{"count":0,"href":"https:\/\/www.journee-mondiale.com\/de\/wp-json\/wp\/v2\/posts\/12219\/revisions"}],"wp:featuredmedia":[{"embeddable":true,"href":"https:\/\/www.journee-mondiale.com\/de\/wp-json\/wp\/v2\/media\/12218"}],"wp:attachment":[{"href":"https:\/\/www.journee-mondiale.com\/de\/wp-json\/wp\/v2\/media?parent=12219"}],"wp:term":[{"taxonomy":"category","embeddable":true,"href":"https:\/\/www.journee-mondiale.com\/de\/wp-json\/wp\/v2\/categories?post=12219"},{"taxonomy":"post_tag","embeddable":true,"href":"https:\/\/www.journee-mondiale.com\/de\/wp-json\/wp\/v2\/tags?post=12219"}],"curies":[{"name":"wp","href":"https:\/\/api.w.org\/{rel}","templated":true}]}}