{"id":12207,"date":"2025-03-05T03:16:10","date_gmt":"2025-03-05T08:16:10","guid":{"rendered":"https:\/\/www.journee-mondiale.com\/de\/ich-habe-diesen-schnitt-probiert-10-tage-spaeter-fragte-mich-jeder-nach-meinem-edgy-blunt-bob-und-warum-er-verjuengt\/"},"modified":"2025-03-05T03:16:10","modified_gmt":"2025-03-05T08:16:10","slug":"ich-habe-diesen-schnitt-probiert-10-tage-spaeter-fragte-mich-jeder-nach-meinem-edgy-blunt-bob-und-warum-er-verjuengt","status":"publish","type":"post","link":"https:\/\/www.journee-mondiale.com\/de\/ich-habe-diesen-schnitt-probiert-10-tage-spaeter-fragte-mich-jeder-nach-meinem-edgy-blunt-bob-und-warum-er-verjuengt\/","title":{"rendered":"Ich habe diesen Schnitt probiert: 10 Tage sp\u00e4ter fragte mich jeder nach meinem Edgy Blunt Bob (&#8230; und warum er verj\u00fcngt)"},"content":{"rendered":"<p>Der <strong>Edgy Blunt Bob<\/strong> erobert im Fr\u00fchling 2025 die deutschen Stra\u00dfen mit seiner faszinierenden Kombination aus Pr\u00e4zision und Weichheit. W\u00e4hrend die Natur drau\u00dfen zu neuem Leben erwacht, bietet dieser Haarschnitt die perfekte Balance zwischen markanten Konturen und sanften Details \u2013 genau das Richtige, um deinen Look f\u00fcr die kommende Saison aufzufrischen.<\/p>\n<h2>Die Renaissance des scharfen Schnitts mit weicher Note<\/h2>\n<p>Der <strong>Blunt Bob<\/strong> ist zur\u00fcck, aber mit einer modernen Interpretation. &#8222;Im Fr\u00fchjahr 2025 sehen wir eine spannende Weiterentwicklung des klassischen Bobs \u2013 pr\u00e4zise geschnittene Kanten werden durch weiche Styling-Elemente aufgelockert, was dem Look eine unerwartete Dimension verleiht,&#8220; erkl\u00e4rt Thomas Weber, Creative Director bei Haarwelt Berlin. Diese Kombination macht den Schnitt besonders vielseitig f\u00fcr die wechselhaften Fr\u00fchlingstage.<\/p>\n<h2>Warum der Edgy Blunt Bob jetzt perfekt ist<\/h2>\n<p>Mit steigenden Temperaturen sehnen wir uns nach <strong>Leichtigkeit<\/strong> und Frische. Der Edgy Blunt Bob bietet beides: Die klaren Linien sorgen f\u00fcr Struktur, w\u00e4hrend die weichen Elemente Bewegung ins Spiel bringen \u2013 wie ein Fr\u00fchlingswind, der durch pr\u00e4zise angelegte Blumenbeete weht. Dieser Haarschnitt ist zudem ideal f\u00fcr den \u00dcbergang zwischen den Jahreszeiten, da er sowohl mit M\u00fctzen harmoniert als auch freistehend brilliert.<\/p>\n<h2>F\u00fcr welche Gesichtsformen eignet sich der Look?<\/h2>\n<p>Der Edgy Blunt Bob ist \u00fcberraschend anpassungsf\u00e4hig. &#8222;Die <strong>Vielseitigkeit<\/strong> dieses Schnitts liegt in seiner Anpassbarkeit,&#8220; sagt Sophia Kramer, Inhaberin des M\u00fcnchner Salons &#8218;Haarkunst&#8216;. &#8222;F\u00fcr ovale Gesichter funktioniert er in seiner reinsten Form, w\u00e4hrend runde Gesichter von einer leicht asymmetrischen Variante profitieren k\u00f6nnen.&#8220; Bei der <a href=\"https:\/\/www.journee-mondiale.com\/de\/warum-dieser-frisuren-trick-deine-gesichtsform-perfekt-betont-und-67-jaehrige-helga-damit-10-jahre-juenger-aussieht\/\" target=\"_blank\">Abstimmung auf verschiedene Gesichtsformen<\/a> ist ein guter Stylist Gold wert.<\/p>\n<h2>Die perfekte Balance finden<\/h2>\n<p>Der Reiz des Edgy Blunt Bobs liegt in seinem Kontrast. Betrachte diese Elemente f\u00fcr den optimalen Look:<\/p>\n<ul>\n<li>Scharfe, pr\u00e4zise Schnittlinie am Haaransatz<\/li>\n<li>Weiche Textur durch spezielle Styling-Techniken<\/li>\n<li>Leichte Stufen f\u00fcr Bewegung ohne die Grundform zu verlieren<\/li>\n<\/ul>\n<h2>Styling-Geheimnisse f\u00fcr den Alltag<\/h2>\n<p>Das Styling macht den Unterschied zwischen einem gew\u00f6hnlichen und einem <strong>au\u00dfergew\u00f6hnlichen<\/strong> Bob. Das Geheimnis liegt in der Kombination von Produkten: &#8222;Beginne mit einem volumenverst\u00e4rkenden Mousse an den Wurzeln, f\u00fcge etwas Texturspray f\u00fcr die L\u00e4ngen hinzu und fixiere mit leichtem Haarspray,&#8220; empfiehlt Weber. Dieser Ansatz \u00e4hnelt dem bei <a href=\"https:\/\/www.journee-mondiale.com\/de\/10-minuten-fuer-glamour-frisuren-diese-promi-styles-sind-der-fruehlings-geheimtipp-2025-warum-lenas-messy-bun-mein-favorit-ist\/\" target=\"_blank\">schnellen Glamour-Frisuren im Prominenten-Stil<\/a> \u2013 effektiv, ohne kompliziert zu sein.<\/p>\n<h2>Variationen des Edgy Blunt Bob f\u00fcr den Fr\u00fchling 2025<\/h2>\n<p>Je nach pers\u00f6nlichem Stil kannst du verschiedene Interpretationen dieses Trends ausprobieren:<\/p>\n<ul>\n<li>Der <strong>French-Inspirierte<\/strong> Bob mit Micro-Pony, \u00e4hnlich dem <a href=\"https:\/\/www.journee-mondiale.com\/de\/diese-frisur-macht-72-jaehrige-helga-10-jahre-juenger-meine-stylistin-verraet-das-geheimnis-des-french-bob\/\" target=\"_blank\">verj\u00fcngenden French Bob<\/a><\/li>\n<li>Der asymmetrische Blunt Bob mit l\u00e4ngerer Vorderpartie<\/li>\n<li>Der texturrierte Bob mit weichen Wellen f\u00fcr einen entspannten Look<\/li>\n<\/ul>\n<h2>Die richtige Pflege f\u00fcr anhaltende Pr\u00e4zision<\/h2>\n<p>Ein <strong>Blunt Cut<\/strong> erfordert regelm\u00e4\u00dfige Pflege, um seine definierte Form zu behalten. Ich empfehle alle 4-6 Wochen einen Nachschnitt, besonders im Fr\u00fchjahr, wenn das Haar schneller w\u00e4chst. Zwischen den Salonbesuchen sind gl\u00e4ttende Seren und Hitzeschutzprodukte unverzichtbar, um die klaren Linien zu bewahren \u2013 wie ein G\u00e4rtner, der seine pr\u00e4zisen Hecken regelm\u00e4\u00dfig trimmt.<\/p>\n<h2>Wie du den Look an dein Alter anpasst<\/h2>\n<p>Der Edgy Blunt Bob ist generations\u00fcbergreifend attraktiv. J\u00fcngere k\u00f6nnen mit <strong>kr\u00e4ftigeren Kontrasten<\/strong> experimentieren, w\u00e4hrend reifere Damen von sanfteren \u00dcberg\u00e4ngen profitieren, \u00e4hnlich den <a href=\"https:\/\/www.journee-mondiale.com\/de\/die-7-schmeichelhaftesten-stirnfrisuren-fuer-seniorinnen-ich-haette-die-nummer-3-nie-vermutet\/\" target=\"_blank\">schmeichelhaften Stirnfrisuren f\u00fcr Seniorinnen<\/a>. Der Look l\u00e4sst sich wunderbar mit dem richtigen <a href=\"https:\/\/www.journee-mondiale.com\/de\/das-eine-kleid-das-jeden-kleiderschrank-revolutioniert-und-mein-styling-dilemma-fuer-immer-loeste\/\" target=\"_blank\">vielseitigen Kleid f\u00fcr jeden Anlass<\/a> kombinieren.<\/p>\n<h2>Bist du bereit f\u00fcr deinen pers\u00f6nlichen Edge?<\/h2>\n<p>Der Edgy Blunt Bob ist mehr als nur ein Haarschnitt \u2013 er ist eine Aussage \u00fcber Balance und Kontrast, genau wie der Fr\u00fchling selbst. Wage den Schritt in die neue Saison mit einem Look, der sowohl St\u00e4rke als auch Sanftheit ausstrahlt. Dein perfekter Fr\u00fchlings-Bob wartet schon auf dich!<\/p>\n","protected":false},"excerpt":{"rendered":"<p>Der Edgy Blunt Bob erobert im Fr\u00fchling 2025 die deutschen Stra\u00dfen mit seiner faszinierenden Kombination aus Pr\u00e4zision und Weichheit. W\u00e4hrend die Natur drau\u00dfen zu neuem Leben erwacht, bietet dieser Haarschnitt die perfekte Balance zwischen markanten Konturen und sanften Details \u2013 genau das Richtige, um deinen Look f\u00fcr die kommende Saison aufzufrischen. Die Renaissance des scharfen &#8230; <a title=\"Ich habe diesen Schnitt probiert: 10 Tage sp\u00e4ter fragte mich jeder nach meinem Edgy Blunt Bob (&#8230; und warum er verj\u00fcngt)\" class=\"read-more\" href=\"https:\/\/www.journee-mondiale.com\/de\/ich-habe-diesen-schnitt-probiert-10-tage-spaeter-fragte-mich-jeder-nach-meinem-edgy-blunt-bob-und-warum-er-verjuengt\/\" aria-label=\"Mehr Informationen \u00fcber Ich habe diesen Schnitt probiert: 10 Tage sp\u00e4ter fragte mich jeder nach meinem Edgy Blunt Bob (&#8230; und warum er verj\u00fcngt)\">Lire plus<\/a><\/p>\n","protected":false},"author":1,"featured_media":12206,"comment_status":"","ping_status":"","sticky":false,"template":"","format":"standard","meta":{"footnotes":""},"categories":[48],"tags":[],"class_list":["post-12207","post","type-post","status-publish","format-standard","has-post-thumbnail","hentry","category-lebensstil"],"acf":[],"_yoast_wpseo_primary_category":null,"_yoast_wpseo_title":null,"_yoast_wpseo_metadesc":null,"_links":{"self":[{"href":"https:\/\/www.journee-mondiale.com\/de\/wp-json\/wp\/v2\/posts\/12207","targetHints":{"allow":["GET"]}}],"collection":[{"href":"https:\/\/www.journee-mondiale.com\/de\/wp-json\/wp\/v2\/posts"}],"about":[{"href":"https:\/\/www.journee-mondiale.com\/de\/wp-json\/wp\/v2\/types\/post"}],"author":[{"embeddable":true,"href":"https:\/\/www.journee-mondiale.com\/de\/wp-json\/wp\/v2\/users\/1"}],"replies":[{"embeddable":true,"href":"https:\/\/www.journee-mondiale.com\/de\/wp-json\/wp\/v2\/comments?post=12207"}],"version-history":[{"count":0,"href":"https:\/\/www.journee-mondiale.com\/de\/wp-json\/wp\/v2\/posts\/12207\/revisions"}],"wp:featuredmedia":[{"embeddable":true,"href":"https:\/\/www.journee-mondiale.com\/de\/wp-json\/wp\/v2\/media\/12206"}],"wp:attachment":[{"href":"https:\/\/www.journee-mondiale.com\/de\/wp-json\/wp\/v2\/media?parent=12207"}],"wp:term":[{"taxonomy":"category","embeddable":true,"href":"https:\/\/www.journee-mondiale.com\/de\/wp-json\/wp\/v2\/categories?post=12207"},{"taxonomy":"post_tag","embeddable":true,"href":"https:\/\/www.journee-mondiale.com\/de\/wp-json\/wp\/v2\/tags?post=12207"}],"curies":[{"name":"wp","href":"https:\/\/api.w.org\/{rel}","templated":true}]}}