{"id":12195,"date":"2025-03-05T02:58:51","date_gmt":"2025-03-05T07:58:51","guid":{"rendered":"https:\/\/www.journee-mondiale.com\/de\/diese-frisur-macht-72-jaehrige-helga-10-jahre-juenger-meine-stylistin-verraet-das-geheimnis-des-french-bob\/"},"modified":"2025-03-05T02:58:51","modified_gmt":"2025-03-05T07:58:51","slug":"diese-frisur-macht-72-jaehrige-helga-10-jahre-juenger-meine-stylistin-verraet-das-geheimnis-des-french-bob","status":"publish","type":"post","link":"https:\/\/www.journee-mondiale.com\/de\/diese-frisur-macht-72-jaehrige-helga-10-jahre-juenger-meine-stylistin-verraet-das-geheimnis-des-french-bob\/","title":{"rendered":"Diese Frisur macht 72-j\u00e4hrige Helga 10 Jahre j\u00fcnger (meine Stylistin verr\u00e4t das Geheimnis des French Bob)"},"content":{"rendered":"<p>Der French Bob \u2013 der elegante Fr\u00fchlingsschnitt f\u00fcr stilbewusste Seniorinnen<\/p>\n<p>Mit dem Erwachen der Natur im M\u00e4rz 2025 ist es auch Zeit f\u00fcr eine Haar-Verj\u00fcngungskur. Der <strong>French Bob<\/strong> erlebt gerade bei Seniorinnen einen wahren Siegeszug \u2013 und das aus gutem Grund. Diese zeitlose Frisur vereint Eleganz mit Pflegeleichtigkeit und schmeichelt besonders reiferen Gesichtern. \u201eEin gut geschnittener French Bob wirkt wie ein nat\u00fcrliches Facelift und lenkt den Blick gezielt auf die Augen&#8220;, erkl\u00e4rt <strong>Maria Schneider<\/strong>, Chefhairstylistin im M\u00fcnchner Salon &#8222;La Coupe&#8220;.<\/p>\n<h2>Was macht den French Bob so besonders?<\/h2>\n<p>Der klassische French Bob reicht bis zum Kinn oder leicht dar\u00fcber und wird typischerweise mit einem vollen Pony kombiniert. Diese Kombination rahmt das Gesicht perfekt ein und kaschiert geschickt feine F\u00e4ltchen auf der Stirn. \u201eIm Gegensatz zum strengen englischen Bob besticht die franz\u00f6sische Variante durch ihre l\u00e4ssige Eleganz \u2013 wie eine gute Tasse Kaffee am Morgen: nicht zu kompliziert, aber mit Charakter&#8220;, schw\u00e4rmt <strong>Thomas Berger<\/strong>, Frisurexperte aus Berlin.<\/p>\n<h2>F\u00fcr jede Gesichtsform die perfekte Variante<\/h2>\n<p>Der Charme des French Bob liegt in seiner Anpassungsf\u00e4higkeit. Je nach Gesichtsform kann der Schnitt individuell angepasst werden. F\u00fcr <a href=\"https:\/\/www.journee-mondiale.com\/de\/warum-dieser-frisuren-trick-deine-gesichtsform-perfekt-betont-und-67-jaehrige-helga-damit-10-jahre-juenger-aussieht\/\" target=\"_blank\">verschiedene Gesichtsformen<\/a> empfehlen sich folgende Variationen:<\/p>\n<ul>\n<li>Rundes Gesicht: Leicht l\u00e4ngerer Bob mit seitlichem Pony f\u00fcr mehr L\u00e4nge<\/li>\n<li>Eckiges Gesicht: Weiche, texturierte Schnitte zur Milderung kantiger Kieferlinien<\/li>\n<li>Ovales\/herzf\u00f6rmiges Gesicht: Der klassische French Bob mit leichten Wellen<\/li>\n<\/ul>\n<h2>Die perfekte Fr\u00fchlingsvariante: Der luftige French Bob<\/h2>\n<p>Gerade im Fr\u00fchling 2025 liegt der <strong>luftig-leichte French Bob<\/strong> im Trend. \u201eNach dem langen Winter sehnen wir uns nach Leichtigkeit und Bewegung&#8220;, erkl\u00e4rt Stylistin Schneider. Die fr\u00fchlinghafte Variante setzt auf sanfte Stufen und nat\u00fcrliche Textur \u2013 wie ein frischer Windhauch, der durch die Haare streift.<\/p>\n<h2>Der Schnitt, der mit dem Alter nur sch\u00f6ner wird<\/h2>\n<p>Feines, d\u00fcnner werdendes Haar ist f\u00fcr viele Seniorinnen eine Herausforderung. Der French Bob verwandelt diese vermeintliche Schw\u00e4che in eine St\u00e4rke. Bei meinem letzten Salonbesuch beobachtete ich, wie eine 72-j\u00e4hrige Dame nach ihrem French-Bob-Schnitt regelrecht aufbl\u00fchte: \u201eIch habe seit 30 Jahren nicht mehr so kurze Haare getragen \u2013 h\u00e4tte ich gewusst, wie viel j\u00fcnger ich damit aussehe, h\u00e4tte ich es schon viel fr\u00fcher gewagt!&#8220;<\/p>\n<h2>So gelingt das Styling im Alltag<\/h2>\n<p>Der French Bob ist bekannt f\u00fcr seine <strong>Pflegeleichtigkeit<\/strong>. F\u00fcr das t\u00e4gliche Styling gen\u00fcgen wenige Handgriffe:<\/p>\n<ul>\n<li>F\u00f6hnen mit rundem F\u00f6hnaufsatz f\u00fcr nat\u00fcrliches Volumen<\/li>\n<li>Eine kleine Menge Haar\u00f6l in die Spitzen f\u00fcr gesunden Glanz<\/li>\n<li>Trockenshampoo am zweiten Tag f\u00fcr frisches Aussehen<\/li>\n<\/ul>\n<h2>Die richtige Pflege f\u00fcr strahlende Ergebnisse<\/h2>\n<p>Mit zunehmendem Alter ver\u00e4ndert sich die Haarstruktur. Gerade im Fr\u00fchling, wenn die Temperaturschwankungen dem Haar zusetzen k\u00f6nnen, ist die richtige Pflege entscheidend. \u201e\u00c4lteres Haar braucht mehr Feuchtigkeit, \u00e4hnlich wie ein Garten im Fr\u00fchjahr nach einem langen Winter&#8220;, erkl\u00e4rt Friseurmeister Berger. Feuchtigkeitsspendende Masken einmal w\u00f6chentlich halten den Bob geschmeidig und gl\u00e4nzend.<\/p>\n<h2>Zeitlose Eleganz f\u00fcr jeden Anlass<\/h2>\n<p>Der French Bob harmoniert perfekt mit dem <a href=\"https:\/\/www.journee-mondiale.com\/de\/das-eine-kleid-das-jeden-kleiderschrank-revolutioniert-und-mein-styling-dilemma-fuer-immer-loeste\/\" target=\"_blank\">zeitlosen Kleidungsstil<\/a>, den viele reife Frauen bevorzugen. Ob zum eleganten Abendessen oder beim Sonntagsspaziergang \u2013 diese Frisur passt sich m\u00fchelos jedem Anlass an und verleiht jeder Frau ein St\u00fcck franz\u00f6sischen Chic.<\/p>\n<h2>Warum nicht einen neuen Fr\u00fchlingslook wagen?<\/h2>\n<p>Der French Bob ist wie ein modisches Neuanfangsritual \u2013 genau richtig f\u00fcr den Fr\u00fchling 2025. Er vereint Eleganz mit Praktikabilit\u00e4t und schenkt das, was viele Seniorinnen suchen: eine Frisur, die Selbstbewusstsein ausstrahlt, ohne st\u00e4ndige Aufmerksamkeit zu fordern. K\u00f6nnte dieser zeitlose Schnitt auch Ihr Schl\u00fcssel zu einem verj\u00fcngten, selbstbewussten Auftreten sein? Die Antwort liegt nur einen Friseurbesuch entfernt.<\/p>\n","protected":false},"excerpt":{"rendered":"<p>Der French Bob \u2013 der elegante Fr\u00fchlingsschnitt f\u00fcr stilbewusste Seniorinnen Mit dem Erwachen der Natur im M\u00e4rz 2025 ist es auch Zeit f\u00fcr eine Haar-Verj\u00fcngungskur. Der French Bob erlebt gerade bei Seniorinnen einen wahren Siegeszug \u2013 und das aus gutem Grund. Diese zeitlose Frisur vereint Eleganz mit Pflegeleichtigkeit und schmeichelt besonders reiferen Gesichtern. \u201eEin gut &#8230; <a title=\"Diese Frisur macht 72-j\u00e4hrige Helga 10 Jahre j\u00fcnger (meine Stylistin verr\u00e4t das Geheimnis des French Bob)\" class=\"read-more\" href=\"https:\/\/www.journee-mondiale.com\/de\/diese-frisur-macht-72-jaehrige-helga-10-jahre-juenger-meine-stylistin-verraet-das-geheimnis-des-french-bob\/\" aria-label=\"Mehr Informationen \u00fcber Diese Frisur macht 72-j\u00e4hrige Helga 10 Jahre j\u00fcnger (meine Stylistin verr\u00e4t das Geheimnis des French Bob)\">Lire plus<\/a><\/p>\n","protected":false},"author":1,"featured_media":12194,"comment_status":"","ping_status":"","sticky":false,"template":"","format":"standard","meta":{"footnotes":""},"categories":[48],"tags":[],"class_list":["post-12195","post","type-post","status-publish","format-standard","has-post-thumbnail","hentry","category-lebensstil"],"acf":[],"_yoast_wpseo_primary_category":null,"_yoast_wpseo_title":null,"_yoast_wpseo_metadesc":null,"_links":{"self":[{"href":"https:\/\/www.journee-mondiale.com\/de\/wp-json\/wp\/v2\/posts\/12195","targetHints":{"allow":["GET"]}}],"collection":[{"href":"https:\/\/www.journee-mondiale.com\/de\/wp-json\/wp\/v2\/posts"}],"about":[{"href":"https:\/\/www.journee-mondiale.com\/de\/wp-json\/wp\/v2\/types\/post"}],"author":[{"embeddable":true,"href":"https:\/\/www.journee-mondiale.com\/de\/wp-json\/wp\/v2\/users\/1"}],"replies":[{"embeddable":true,"href":"https:\/\/www.journee-mondiale.com\/de\/wp-json\/wp\/v2\/comments?post=12195"}],"version-history":[{"count":0,"href":"https:\/\/www.journee-mondiale.com\/de\/wp-json\/wp\/v2\/posts\/12195\/revisions"}],"wp:featuredmedia":[{"embeddable":true,"href":"https:\/\/www.journee-mondiale.com\/de\/wp-json\/wp\/v2\/media\/12194"}],"wp:attachment":[{"href":"https:\/\/www.journee-mondiale.com\/de\/wp-json\/wp\/v2\/media?parent=12195"}],"wp:term":[{"taxonomy":"category","embeddable":true,"href":"https:\/\/www.journee-mondiale.com\/de\/wp-json\/wp\/v2\/categories?post=12195"},{"taxonomy":"post_tag","embeddable":true,"href":"https:\/\/www.journee-mondiale.com\/de\/wp-json\/wp\/v2\/tags?post=12195"}],"curies":[{"name":"wp","href":"https:\/\/api.w.org\/{rel}","templated":true}]}}